{"id":4032,"date":"2020-04-27T01:08:12","date_gmt":"2020-04-26T23:08:12","guid":{"rendered":"https:\/\/agora.xtec.cat\/escolaelfar\/?p=4032"},"modified":"2020-04-27T01:12:43","modified_gmt":"2020-04-26T23:12:43","slug":"proposta-dactivitats-2n-setmana-del-27-al-30-dabril","status":"publish","type":"post","link":"https:\/\/agora.xtec.cat\/escolaelfar\/primaria\/2n\/proposta-dactivitats-2n-setmana-del-27-al-30-dabril\/","title":{"rendered":"PROPOSTA D&#8217;ACTIVITATS 2n. SETMANA DEL 27 AL 30 D&#8217;ABRIL"},"content":{"rendered":"<p>Hola fam\u00edlies!<\/p>\n<p style=\"text-align: justify\">Esperem que estigueu tots\/es b\u00e9 i hagueu pogut sortir al carrer a gaudir de la natura i a sentir aquest aire primaveral.<\/p>\n<p style=\"text-align: justify\">De nou, felicitar-vos pel treball que heu estat fent, des de casa, aquesta setmana. Veureu que hem anat publicant algunes de les boniques activitats que ens heu fet arribar aquesta setmana.<\/p>\n<p style=\"text-align: justify\">Aqu\u00ed teniu, les propostes per aquesta setmana. Com ja sabeu, el proper divendres 1 de maig \u00e9s festiu i el dilluns 4 de maig, \u00e9s un dels dies festius de lliure elecci\u00f3 per tant, la propera setmana, penjarem la nova proposta d&#8217;activitats, el dimarts 5 de maig.<\/p>\n<p style=\"text-align: justify\">Pel que fa a les propostes d&#8217;activitats setmanals, dir-vos que pretenen ser una guia, una ajuda&#8230;per\u00f2 en cap cas, volem que us suposi un neguit o un estr\u00e9s afegit. Som molt conscients que cada fam\u00edlia t\u00e9 una situaci\u00f3 diferent i que, no sempre \u00e9s f\u00e0cil realitzar aquestes propostes. Per tant, al vostre ritme i si una setmana es fan menys activitats, tamb\u00e9 estar\u00e0 b\u00e9. El que s\u00ed us demanem, \u00e9s un contacte setmanal per saber com esteu i, no dubteu en posar-vos en contacte amb nosaltres per qualsevol dubte o neguit. Estem junts en aquest cam\u00ed!<\/p>\n<p style=\"text-align: justify\">Una vegada m\u00e9s, agrair-vos la vostra comprensi\u00f3, col.laboraci\u00f3, recol\u00e7ament i esfor\u00e7.<\/p>\n<p style=\"text-align: justify\">Una abra\u00e7ada ben forta,<\/p>\n<p>Les Mestres de 2n.<\/p>\n<p><a href=\"https:\/\/agora.xtec.cat\/escolaelfar\/wp-content\/uploads\/usu1878\/2020\/04\/Proposta-dactivitats-2n.-Setmana-del-27-al-30-dabril.pdf\">Proposta d&#8217;activitats 2n. Setmana del 27 al 30 d&#8217;abril<\/a><\/p>\n<p>Enlla\u00e7os de les activitats:\u00a0 \u00a0 \u00a0 \u00a0 \u00a0 \u00a0 \u00a0 \u00a0 \u00a0 \u00a0 \u00a0 \u00a0 \u00a0 \u00a0 \u00a0 \u00a0 \u00a0 \u00a0 \u00a0 \u00a0 \u00a0 \u00a0 \u00a0 \u00a0 \u00a0 \u00a0 <a href=\"https:\/\/agora.xtec.cat\/escolaelfar\/wp-content\/uploads\/usu1878\/2020\/04\/Setmana-27-abril.png\"><img loading=\"lazy\" decoding=\"async\" class=\" wp-image-4042 alignright\" src=\"https:\/\/agora.xtec.cat\/escolaelfar\/wp-content\/uploads\/usu1878\/2020\/04\/Setmana-27-abril.png\" alt=\"\" width=\"473\" height=\"378\" \/><\/a><\/p>\n<p><a href=\"https:\/\/agora.xtec.cat\/escolaelfar\/wp-content\/uploads\/usu1878\/2020\/04\/Crea-una-historia.pdf\">Crea una historia<\/a><\/p>\n<p><a href=\"https:\/\/agora.xtec.cat\/escolaelfar\/wp-content\/uploads\/usu1878\/2020\/04\/Esquema-EL-CUENTO.pdf\">Esquema EL CUENTO<\/a><\/p>\n<p><a href=\"https:\/\/agora.xtec.cat\/escolaelfar\/wp-content\/uploads\/usu1878\/2020\/04\/Llibret-lectura.pdf\">Llibret lectura<\/a><\/p>\n<p><a href=\"https:\/\/agora.xtec.cat\/escolaelfar\/wp-content\/uploads\/usu1878\/2020\/04\/Laboratori-de-nombres.-Sessi\u00f3-31.pdf\">Laboratori de nombres. Sessi\u00f3 31<\/a><\/p>\n<p><a href=\"https:\/\/www.youtube.com\/watch?v=t6L8jfyrv4U\">V\u00eddeo doble<\/a><\/p>\n<p><a href=\"https:\/\/www.youtube.com\/watch?v=z336_IgscEE\">V\u00eddeo meitat<\/a><\/p>\n<p><a href=\"https:\/\/agora.xtec.cat\/escolaelfar\/wp-content\/uploads\/usu1878\/2020\/04\/A-pensar-5-i-6.pdf\">A pensar! 5 i 6<\/a><\/p>\n<p><a href=\"https:\/\/www.youtube.com\/watch?v=bF4_Xm6RIQQ\">Curtmetratge\u00a0<\/a><\/p>\n<p>&nbsp;<\/p>\n<p>&nbsp;<\/p>\n<p>&nbsp;<\/p>\n<p>&nbsp;<\/p>\n<p>&nbsp;<\/p>\n","protected":false},"excerpt":{"rendered":"<p>Hola fam\u00edlies! Esperem que estigueu tots\/es b\u00e9 i hagueu pogut sortir al carrer a gaudir de la natura i a [&hellip;]<\/p>\n","protected":false},"author":39,"featured_media":4042,"comment_status":"open","ping_status":"closed","sticky":false,"template":"","format":"standard","meta":{"_bbp_topic_count":0,"_bbp_reply_count":0,"_bbp_total_topic_count":0,"_bbp_total_reply_count":0,"_bbp_voice_count":0,"_bbp_anonymous_reply_count":0,"_bbp_topic_count_hidden":0,"_bbp_reply_count_hidden":0,"_bbp_forum_subforum_count":0,"site-sidebar-layout":"default","site-content-layout":"","ast-site-content-layout":"","site-content-style":"default","site-sidebar-style":"default","ast-global-header-display":"","ast-banner-title-visibility":"","ast-main-header-display":"","ast-hfb-above-header-display":"","ast-hfb-below-header-display":"","ast-hfb-mobile-header-display":"","site-post-title":"","ast-breadcrumbs-content":"","ast-featured-img":"","footer-sml-layout":"","theme-transparent-header-meta":"","adv-header-id-meta":"","stick-header-meta":"","header-above-stick-meta":"","header-main-stick-meta":"","header-below-stick-meta":"","astra-migrate-meta-layouts":"default","ast-page-background-enabled":"default","ast-page-background-meta":{"desktop":{"background-color":"var(--ast-global-color-4)","background-image":"","background-repeat":"repeat","background-position":"center center","background-size":"auto","background-attachment":"scroll","background-type":"","background-media":"","overlay-type":"","overlay-color":"","overlay-opacity":"","overlay-gradient":""},"tablet":{"background-color":"","background-image":"","background-repeat":"repeat","background-position":"center center","background-size":"auto","background-attachment":"scroll","background-type":"","background-media":"","overlay-type":"","overlay-color":"","overlay-opacity":"","overlay-gradient":""},"mobile":{"background-color":"","background-image":"","background-repeat":"repeat","background-position":"center center","background-size":"auto","background-attachment":"scroll","background-type":"","background-media":"","overlay-type":"","overlay-color":"","overlay-opacity":"","overlay-gradient":""}},"ast-content-background-meta":{"desktop":{"background-color":"var(--ast-global-color-5)","background-image":"","background-repeat":"repeat","background-position":"center center","background-size":"auto","background-attachment":"scroll","background-type":"","background-media":"","overlay-type":"","overlay-color":"","overlay-opacity":"","overlay-gradient":""},"tablet":{"background-color":"var(--ast-global-color-5)","background-image":"","background-repeat":"repeat","background-position":"center center","background-size":"auto","background-attachment":"scroll","background-type":"","background-media":"","overlay-type":"","overlay-color":"","overlay-opacity":"","overlay-gradient":""},"mobile":{"background-color":"var(--ast-global-color-5)","background-image":"","background-repeat":"repeat","background-position":"center center","background-size":"auto","background-attachment":"scroll","background-type":"","background-media":"","overlay-type":"","overlay-color":"","overlay-opacity":"","overlay-gradient":""}},"footnotes":""},"categories":[11],"tags":[],"class_list":["post-4032","post","type-post","status-publish","format-standard","has-post-thumbnail","hentry","category-2n"],"post_mailing_queue_ids":[],"_links":{"self":[{"href":"https:\/\/agora.xtec.cat\/escolaelfar\/wp-json\/wp\/v2\/posts\/4032","targetHints":{"allow":["GET"]}}],"collection":[{"href":"https:\/\/agora.xtec.cat\/escolaelfar\/wp-json\/wp\/v2\/posts"}],"about":[{"href":"https:\/\/agora.xtec.cat\/escolaelfar\/wp-json\/wp\/v2\/types\/post"}],"author":[{"embeddable":true,"href":"https:\/\/agora.xtec.cat\/escolaelfar\/wp-json\/wp\/v2\/users\/39"}],"replies":[{"embeddable":true,"href":"https:\/\/agora.xtec.cat\/escolaelfar\/wp-json\/wp\/v2\/comments?post=4032"}],"version-history":[{"count":3,"href":"https:\/\/agora.xtec.cat\/escolaelfar\/wp-json\/wp\/v2\/posts\/4032\/revisions"}],"predecessor-version":[{"id":4094,"href":"https:\/\/agora.xtec.cat\/escolaelfar\/wp-json\/wp\/v2\/posts\/4032\/revisions\/4094"}],"wp:featuredmedia":[{"embeddable":true,"href":"https:\/\/agora.xtec.cat\/escolaelfar\/wp-json\/wp\/v2\/media\/4042"}],"wp:attachment":[{"href":"https:\/\/agora.xtec.cat\/escolaelfar\/wp-json\/wp\/v2\/media?parent=4032"}],"wp:term":[{"taxonomy":"category","embeddable":true,"href":"https:\/\/agora.xtec.cat\/escolaelfar\/wp-json\/wp\/v2\/categories?post=4032"},{"taxonomy":"post_tag","embeddable":true,"href":"https:\/\/agora.xtec.cat\/escolaelfar\/wp-json\/wp\/v2\/tags?post=4032"}],"curies":[{"name":"wp","href":"https:\/\/api.w.org\/{rel}","templated":true}]}}