{"id":3893,"date":"2020-04-20T09:56:40","date_gmt":"2020-04-20T07:56:40","guid":{"rendered":"https:\/\/agora.xtec.cat\/escolaelfar\/?p=3893"},"modified":"2020-04-20T09:56:48","modified_gmt":"2020-04-20T07:56:48","slug":"setmana-de-sant-jordi","status":"publish","type":"post","link":"https:\/\/agora.xtec.cat\/escolaelfar\/infantil\/setmana-de-sant-jordi\/","title":{"rendered":"SETMANA DE SANT  JORDI"},"content":{"rendered":"<p>Aquesta setmana en motiu de la Diada de Sant Jordi us proposem uns contes i\u00a0 unes can\u00e7ons perqu\u00e8 les gaudiu en fam\u00edlia. Bona diada.<\/p>\n<p><a href=\"https:\/\/agora.xtec.cat\/escolaelfar\/wp-content\/uploads\/usu1878\/2020\/04\/Sant-jordi-.jpg\"><img loading=\"lazy\" decoding=\"async\" class=\"wp-image-3873 aligncenter\" src=\"https:\/\/agora.xtec.cat\/escolaelfar\/wp-content\/uploads\/usu1878\/2020\/04\/Sant-jordi-.jpg\" alt=\"\" width=\"272\" height=\"192\" srcset=\"https:\/\/agora.xtec.cat\/escolaelfar\/wp-content\/uploads\/usu1878\/2020\/04\/Sant-jordi-.jpg 540w, https:\/\/agora.xtec.cat\/escolaelfar\/wp-content\/uploads\/usu1878\/2020\/04\/Sant-jordi--300x212.jpg 300w\" sizes=\"auto, (max-width: 272px) 100vw, 272px\" \/><\/a><\/p>\n<p><a href=\"https:\/\/www.youtube.com\/watch?v=IAJ8-pxoBAU\">https:\/\/www.youtube.com\/watch?v=IAJ8-pxoBAU<\/a><\/p>\n<p><a href=\"https:\/\/www.youtube.com\/watch?v=BFC31Yur52M\">https:\/\/www.youtube.com\/watch?v=BFC31Yur52M<\/a><\/p>\n<p><a href=\"https:\/\/www.youtube.com\/watch?v=XCb0muZIfvo\">https:\/\/www.youtube.com\/watch?v=XCb0muZIfvo<\/a><\/p>\n<p>Escolteu algunes d&#8217;aquestes can\u00e7ons<\/p>\n<ul style=\"list-style-type: square\">\n<li>SANT JORDI-PERSONATGES<\/li>\n<\/ul>\n<p><a href=\"https:\/\/www.youtube.com\/watch?v=Qy3EjdcXJo4\">https:\/\/www.youtube.com\/watch?v=Qy3EjdcXJo4<\/a><\/p>\n<ul style=\"list-style-type: square\">\n<li>SANT JORDI ARRIBA \u2013 D\u00c0MARIS GELABERT<\/li>\n<\/ul>\n<p><a href=\"https:\/\/www.youtube.com\/watch?v=-4wkoJ_ekBE\">https:\/\/www.youtube.com\/watch?v=-4wkoJ_ekBE<\/a><\/p>\n<ul style=\"list-style-type: square\">\n<li>SANT JORDI VINE AVIAT<\/li>\n<\/ul>\n<p><a href=\"https:\/\/www.youtube.com\/watch?v=___3Vi2xA6Q&amp;list=PL0nsddbpK-l6lj4gVmdFnHHTDQE0wSDIR&amp;index=18\">https:\/\/www.youtube.com\/watch?v=___3Vi2xA6Q&amp;list=PL0nsddbpK-l6lj4gVmdFnHHTDQE0wSDIR&amp;index=18<\/a><\/p>\n<p>&nbsp;<\/p>\n","protected":false},"excerpt":{"rendered":"<p>Aquesta setmana en motiu de la Diada de Sant Jordi us proposem uns contes i\u00a0 unes can\u00e7ons perqu\u00e8 les gaudiu [&hellip;]<\/p>\n","protected":false},"author":37,"featured_media":3087,"comment_status":"open","ping_status":"closed","sticky":false,"template":"","format":"standard","meta":{"_bbp_topic_count":0,"_bbp_reply_count":0,"_bbp_total_topic_count":0,"_bbp_total_reply_count":0,"_bbp_voice_count":0,"_bbp_anonymous_reply_count":0,"_bbp_topic_count_hidden":0,"_bbp_reply_count_hidden":0,"_bbp_forum_subforum_count":0,"site-sidebar-layout":"default","site-content-layout":"","ast-site-content-layout":"","site-content-style":"default","site-sidebar-style":"default","ast-global-header-display":"","ast-banner-title-visibility":"","ast-main-header-display":"","ast-hfb-above-header-display":"","ast-hfb-below-header-display":"","ast-hfb-mobile-header-display":"","site-post-title":"","ast-breadcrumbs-content":"","ast-featured-img":"","footer-sml-layout":"","theme-transparent-header-meta":"","adv-header-id-meta":"","stick-header-meta":"","header-above-stick-meta":"","header-main-stick-meta":"","header-below-stick-meta":"","astra-migrate-meta-layouts":"default","ast-page-background-enabled":"default","ast-page-background-meta":{"desktop":{"background-color":"var(--ast-global-color-4)","background-image":"","background-repeat":"repeat","background-position":"center center","background-size":"auto","background-attachment":"scroll","background-type":"","background-media":"","overlay-type":"","overlay-color":"","overlay-opacity":"","overlay-gradient":""},"tablet":{"background-color":"","background-image":"","background-repeat":"repeat","background-position":"center center","background-size":"auto","background-attachment":"scroll","background-type":"","background-media":"","overlay-type":"","overlay-color":"","overlay-opacity":"","overlay-gradient":""},"mobile":{"background-color":"","background-image":"","background-repeat":"repeat","background-position":"center center","background-size":"auto","background-attachment":"scroll","background-type":"","background-media":"","overlay-type":"","overlay-color":"","overlay-opacity":"","overlay-gradient":""}},"ast-content-background-meta":{"desktop":{"background-color":"var(--ast-global-color-5)","background-image":"","background-repeat":"repeat","background-position":"center center","background-size":"auto","background-attachment":"scroll","background-type":"","background-media":"","overlay-type":"","overlay-color":"","overlay-opacity":"","overlay-gradient":""},"tablet":{"background-color":"var(--ast-global-color-5)","background-image":"","background-repeat":"repeat","background-position":"center center","background-size":"auto","background-attachment":"scroll","background-type":"","background-media":"","overlay-type":"","overlay-color":"","overlay-opacity":"","overlay-gradient":""},"mobile":{"background-color":"var(--ast-global-color-5)","background-image":"","background-repeat":"repeat","background-position":"center center","background-size":"auto","background-attachment":"scroll","background-type":"","background-media":"","overlay-type":"","overlay-color":"","overlay-opacity":"","overlay-gradient":""}},"footnotes":""},"categories":[10,11,3,8,9,2,5],"tags":[],"class_list":["post-3893","post","type-post","status-publish","format-standard","has-post-thumbnail","hentry","category-1r","category-2n","category-p3","category-p4","category-p5","category-infantil","category-primaria"],"post_mailing_queue_ids":[],"_links":{"self":[{"href":"https:\/\/agora.xtec.cat\/escolaelfar\/wp-json\/wp\/v2\/posts\/3893","targetHints":{"allow":["GET"]}}],"collection":[{"href":"https:\/\/agora.xtec.cat\/escolaelfar\/wp-json\/wp\/v2\/posts"}],"about":[{"href":"https:\/\/agora.xtec.cat\/escolaelfar\/wp-json\/wp\/v2\/types\/post"}],"author":[{"embeddable":true,"href":"https:\/\/agora.xtec.cat\/escolaelfar\/wp-json\/wp\/v2\/users\/37"}],"replies":[{"embeddable":true,"href":"https:\/\/agora.xtec.cat\/escolaelfar\/wp-json\/wp\/v2\/comments?post=3893"}],"version-history":[{"count":2,"href":"https:\/\/agora.xtec.cat\/escolaelfar\/wp-json\/wp\/v2\/posts\/3893\/revisions"}],"predecessor-version":[{"id":3896,"href":"https:\/\/agora.xtec.cat\/escolaelfar\/wp-json\/wp\/v2\/posts\/3893\/revisions\/3896"}],"wp:featuredmedia":[{"embeddable":true,"href":"https:\/\/agora.xtec.cat\/escolaelfar\/wp-json\/wp\/v2\/media\/3087"}],"wp:attachment":[{"href":"https:\/\/agora.xtec.cat\/escolaelfar\/wp-json\/wp\/v2\/media?parent=3893"}],"wp:term":[{"taxonomy":"category","embeddable":true,"href":"https:\/\/agora.xtec.cat\/escolaelfar\/wp-json\/wp\/v2\/categories?post=3893"},{"taxonomy":"post_tag","embeddable":true,"href":"https:\/\/agora.xtec.cat\/escolaelfar\/wp-json\/wp\/v2\/tags?post=3893"}],"curies":[{"name":"wp","href":"https:\/\/api.w.org\/{rel}","templated":true}]}}