{"id":3710,"date":"2020-04-14T13:22:25","date_gmt":"2020-04-14T11:22:25","guid":{"rendered":"https:\/\/agora.xtec.cat\/escolaelfar\/?p=3710"},"modified":"2020-04-16T16:00:50","modified_gmt":"2020-04-16T14:00:50","slug":"calendari-emocional","status":"publish","type":"post","link":"https:\/\/agora.xtec.cat\/escolaelfar\/general\/calendari-emocional\/","title":{"rendered":"CALENDARI EMOCIONAL"},"content":{"rendered":"<p>Hola fam\u00edlies!<\/p>\n<p>Inesperadament, ens ha tocat viure una etapa diferent, amb moments complicats i durs per molts de nosaltres. Una etapa per estar en fam\u00edlia, a casa, per cuidar-nos uns als altres en la proximitat i, en ocasions, en la llunyania, i per cuidar-nos i coneixe&#8217;ns una mica m\u00e9s a nosaltres mateixos.<\/p>\n<p>Durant aquests dies les emocions que sentim s\u00f3n ben diverses i moltes vegades costen una mica de gestionar, la conviv\u00e8ncia, el no poder sortir&#8230;<\/p>\n<p>\u00c9s per aquest motiu que, des d&#8217;educaci\u00f3 especial, d&#8217;una manera relaxada, a vegades reflexiva i tamb\u00e9 divertida, volem aportar el nostre granet de sorra donant-vos petites idees per poder regular una mica millor les emocions i poder aflorar les que m\u00e9s ens agraden.<\/p>\n<p>Cada dilluns i cada dijous penjarem en el calendari una activitat per fer, de manera individual o en fam\u00edlia. (aquesta setmana dimarts i dijous)<\/p>\n<p><a href=\"https:\/\/view.genial.ly\/5e9834cf37cbd20d78d78661\/presentation-calendari-emocions\"><img loading=\"lazy\" decoding=\"async\" class=\"aligncenter wp-image-3711\" src=\"https:\/\/agora.xtec.cat\/escolaelfar\/wp-content\/uploads\/usu1878\/2020\/04\/Dies-abril-1024x576.jpg\" alt=\"\" width=\"891\" height=\"501\" srcset=\"https:\/\/agora.xtec.cat\/escolaelfar\/wp-content\/uploads\/usu1878\/2020\/04\/Dies-abril-1024x576.jpg 1024w, https:\/\/agora.xtec.cat\/escolaelfar\/wp-content\/uploads\/usu1878\/2020\/04\/Dies-abril-300x169.jpg 300w, https:\/\/agora.xtec.cat\/escolaelfar\/wp-content\/uploads\/usu1878\/2020\/04\/Dies-abril-768x432.jpg 768w, https:\/\/agora.xtec.cat\/escolaelfar\/wp-content\/uploads\/usu1878\/2020\/04\/Dies-abril.jpg 1280w\" sizes=\"auto, (max-width: 891px) 100vw, 891px\" \/><\/a><\/p>\n<p>Esperem que us siguin \u00fatils i si ens voleu fer un retorn amb alguna foto, ens les podeu enviar a: <a href=\"mailto:educacioespecial@elfarescola.cat\">educacioespecial@elfarescola.cat<\/a> i farem un recull de bons moments en dies de confinament.<\/p>\n<p>Gr\u00e0cies a tots!<\/p>\n<p>Durant aquests dies&#8230; CUIDA&#8217;T A CASA a l&#8217;escola el Far, ens cuidem.<\/p>\n","protected":false},"excerpt":{"rendered":"<p>Hola fam\u00edlies! Inesperadament, ens ha tocat viure una etapa diferent, amb moments complicats i durs per molts de nosaltres. Una [&hellip;]<\/p>\n","protected":false},"author":43,"featured_media":3711,"comment_status":"open","ping_status":"closed","sticky":false,"template":"","format":"standard","meta":{"_bbp_topic_count":0,"_bbp_reply_count":0,"_bbp_total_topic_count":0,"_bbp_total_reply_count":0,"_bbp_voice_count":0,"_bbp_anonymous_reply_count":0,"_bbp_topic_count_hidden":0,"_bbp_reply_count_hidden":0,"_bbp_forum_subforum_count":0,"site-sidebar-layout":"default","site-content-layout":"","ast-site-content-layout":"","site-content-style":"default","site-sidebar-style":"default","ast-global-header-display":"","ast-banner-title-visibility":"","ast-main-header-display":"","ast-hfb-above-header-display":"","ast-hfb-below-header-display":"","ast-hfb-mobile-header-display":"","site-post-title":"","ast-breadcrumbs-content":"","ast-featured-img":"","footer-sml-layout":"","theme-transparent-header-meta":"","adv-header-id-meta":"","stick-header-meta":"","header-above-stick-meta":"","header-main-stick-meta":"","header-below-stick-meta":"","astra-migrate-meta-layouts":"default","ast-page-background-enabled":"default","ast-page-background-meta":{"desktop":{"background-color":"var(--ast-global-color-4)","background-image":"","background-repeat":"repeat","background-position":"center center","background-size":"auto","background-attachment":"scroll","background-type":"","background-media":"","overlay-type":"","overlay-color":"","overlay-opacity":"","overlay-gradient":""},"tablet":{"background-color":"","background-image":"","background-repeat":"repeat","background-position":"center center","background-size":"auto","background-attachment":"scroll","background-type":"","background-media":"","overlay-type":"","overlay-color":"","overlay-opacity":"","overlay-gradient":""},"mobile":{"background-color":"","background-image":"","background-repeat":"repeat","background-position":"center center","background-size":"auto","background-attachment":"scroll","background-type":"","background-media":"","overlay-type":"","overlay-color":"","overlay-opacity":"","overlay-gradient":""}},"ast-content-background-meta":{"desktop":{"background-color":"var(--ast-global-color-5)","background-image":"","background-repeat":"repeat","background-position":"center center","background-size":"auto","background-attachment":"scroll","background-type":"","background-media":"","overlay-type":"","overlay-color":"","overlay-opacity":"","overlay-gradient":""},"tablet":{"background-color":"var(--ast-global-color-5)","background-image":"","background-repeat":"repeat","background-position":"center center","background-size":"auto","background-attachment":"scroll","background-type":"","background-media":"","overlay-type":"","overlay-color":"","overlay-opacity":"","overlay-gradient":""},"mobile":{"background-color":"var(--ast-global-color-5)","background-image":"","background-repeat":"repeat","background-position":"center center","background-size":"auto","background-attachment":"scroll","background-type":"","background-media":"","overlay-type":"","overlay-color":"","overlay-opacity":"","overlay-gradient":""}},"footnotes":""},"categories":[77,1,4],"tags":[202,201,200],"class_list":["post-3710","post","type-post","status-publish","format-standard","has-post-thumbnail","hentry","category-ee","category-general","category-portada","tag-calendari-emocions","tag-educacio-especial","tag-emocions"],"post_mailing_queue_ids":[],"_links":{"self":[{"href":"https:\/\/agora.xtec.cat\/escolaelfar\/wp-json\/wp\/v2\/posts\/3710","targetHints":{"allow":["GET"]}}],"collection":[{"href":"https:\/\/agora.xtec.cat\/escolaelfar\/wp-json\/wp\/v2\/posts"}],"about":[{"href":"https:\/\/agora.xtec.cat\/escolaelfar\/wp-json\/wp\/v2\/types\/post"}],"author":[{"embeddable":true,"href":"https:\/\/agora.xtec.cat\/escolaelfar\/wp-json\/wp\/v2\/users\/43"}],"replies":[{"embeddable":true,"href":"https:\/\/agora.xtec.cat\/escolaelfar\/wp-json\/wp\/v2\/comments?post=3710"}],"version-history":[{"count":3,"href":"https:\/\/agora.xtec.cat\/escolaelfar\/wp-json\/wp\/v2\/posts\/3710\/revisions"}],"predecessor-version":[{"id":3806,"href":"https:\/\/agora.xtec.cat\/escolaelfar\/wp-json\/wp\/v2\/posts\/3710\/revisions\/3806"}],"wp:featuredmedia":[{"embeddable":true,"href":"https:\/\/agora.xtec.cat\/escolaelfar\/wp-json\/wp\/v2\/media\/3711"}],"wp:attachment":[{"href":"https:\/\/agora.xtec.cat\/escolaelfar\/wp-json\/wp\/v2\/media?parent=3710"}],"wp:term":[{"taxonomy":"category","embeddable":true,"href":"https:\/\/agora.xtec.cat\/escolaelfar\/wp-json\/wp\/v2\/categories?post=3710"},{"taxonomy":"post_tag","embeddable":true,"href":"https:\/\/agora.xtec.cat\/escolaelfar\/wp-json\/wp\/v2\/tags?post=3710"}],"curies":[{"name":"wp","href":"https:\/\/api.w.org\/{rel}","templated":true}]}}