{"id":2739,"date":"2019-11-22T16:24:11","date_gmt":"2019-11-22T15:24:11","guid":{"rendered":"https:\/\/agora.xtec.cat\/escolaelfar\/?p=2739"},"modified":"2020-04-06T17:51:50","modified_gmt":"2020-04-06T15:51:50","slug":"preparant-el-concert-amb-els-avis-i-avies","status":"publish","type":"post","link":"https:\/\/agora.xtec.cat\/escolaelfar\/primaria\/5e\/preparant-el-concert-amb-els-avis-i-avies\/","title":{"rendered":"PREPARANT EL CONCERT AMB ELS AVIS I \u00c0VIES!"},"content":{"rendered":"<p>Estimats alumnes de 5\u00e8!<\/p>\n<p>El proper dia 13 de desembre farem el concert a la pla\u00e7a de l&#8217;esgl\u00e9sia conjuntament amb els avis i \u00e0vies del centre de dia de Calella.<\/p>\n<p>A continuaci\u00f3 us poso les Nadales tradicionals que cantarem perqu\u00e8 les pugueu anar estudiant de valent.<\/p>\n<p style=\"text-align: center\"><strong>EL TRINEU<\/strong><\/p>\n<p style=\"text-align: center\">Per damunt la neu, lleuger dalt d&#8217;un trineu<br \/>\nPels camps corro rabent, alegre i somrient;<br \/>\nFent dringar els cascavells, com argentins joiells,<br \/>\nRes bo no trobareu com viatjar dalt d&#8217;un trineu.<\/p>\n<p style=\"text-align: center\">Ding, dang, dong! Ding, dang, dong! Dringueu sens parar,<br \/>\nAnar en trineu \u00e9s divertit tant de dia com de nit!<br \/>\nDing, dang, dong! Ding, dang, dong! Dringueu sens parar,<br \/>\nI en la nit d&#8217;aquest Nadal correrem tots al Portal.<\/p>\n<p style=\"text-align: center\">Tot cobert de neu, llevat del nostre cor,<br \/>\nPer&#8217;x\u00f2 tots junts cantem la can\u00e7\u00f3 del trineu,<br \/>\nI voli la il\u00b7lusi\u00f3 amb aquesta can\u00e7\u00f3<br \/>\nI aix\u00ed de molt bon grat s&#8217;afermi la nostra amistat.<\/p>\n<p style=\"text-align: center\">Ding, dang, dong! Ding, dang, dong! Dringueu sens parar,<br \/>\nAnar en trineu \u00e9s divertit tant de dia com de nit!<br \/>\nDing, dang, dong! Ding, dang, dong! Dringueu sens parar,<br \/>\nI en la nit d&#8217;aquest Nadal correrem tots al Porta<\/p>\n<!--[if lt IE 9]><script>document.createElement('audio');<\/script><![endif]-->\n<audio class=\"wp-audio-shortcode\" id=\"audio-2739-1\" preload=\"none\" style=\"width: 100%;\" controls=\"controls\"><source type=\"audio\/mpeg\" src=\"https:\/\/agora.xtec.cat\/escolaelfar\/wp-content\/uploads\/usu1878\/2019\/11\/el-trineu-Instrumental.mp3?_=1\" \/><a href=\"https:\/\/agora.xtec.cat\/escolaelfar\/wp-content\/uploads\/usu1878\/2019\/11\/el-trineu-Instrumental.mp3\">https:\/\/agora.xtec.cat\/escolaelfar\/wp-content\/uploads\/usu1878\/2019\/11\/el-trineu-Instrumental.mp3<\/a><\/audio>\n<p>&nbsp;<\/p>\n<p style=\"text-align: center\"><strong>A BETLEM ME&#8217;N VULL ANAR<\/strong><\/p>\n<p style=\"text-align: center\">A Betlem me&#8217;n vull anar,<br \/>\nVols venir tu gallineta?<br \/>\nA Betlem me&#8217;n vull anar,<br \/>\nVols venir tu rabad\u00e0?<br \/>\nUn xiulet li vull comprar,<br \/>\nUn xiulet li vull comprar.<br \/>\nXiu, xiu, xiu, far\u00e0 el xiulet, xiribit, xiribet,<br \/>\nA Betlem, au, au, a Betlem, si us plau.<\/p>\n<p style=\"text-align: center\">2. A Betlem me&#8217;n vull anar,<br \/>\nVols venir tu gallineta?<br \/>\nA Betlem me&#8217;n vull anar,<br \/>\nVols venir tu rabad\u00e0?<br \/>\nUn\u00a0 gatet li vull comprar.<br \/>\nUn gatet li vull comprar<br \/>\nMiau, miau miau far\u00e0 el gatet, xiribit, xiribet,<br \/>\nA Betlem, au, au, a Betlem, si us plau.<\/p>\n<p style=\"text-align: center\">3. A Betlem me&#8217;n vull anar,<br \/>\nVols venir tu gallineta?<br \/>\nA Betlem me&#8217;n vull anar,<br \/>\nVols venir tu rabad\u00e0?<br \/>\nUn\u00a0 gosset li vull comprar.<br \/>\nUn gosset li vull comprar<br \/>\nBub, bub, bub, far\u00e0 el gosset, xiribit, xiribet,<br \/>\nA Betlem, au, au, a Betlem, si us plau.<\/p>\n<p style=\"text-align: center\">4. A Betlem me&#8217;n vull anar,<br \/>\nVols venir tu gallineta?<br \/>\nA Betlem me&#8217;n vull anar,<br \/>\nVols venir tu rabad\u00e0?<br \/>\nUn timbal li vull comprar.<br \/>\nUn timbal li vull comprar<br \/>\nTam, tam, tam, far\u00e0 el timbal, xiribit, xiribet,<br \/>\nA Betlem, au, au, a Betlem, si us plau.<\/p>\n<div class=\"ast-oembed-container \" style=\"height: 100%;\"><iframe loading=\"lazy\" title=\"A Betlem me&#039;n vull anar\" width=\"500\" height=\"375\" src=\"https:\/\/www.youtube.com\/embed\/I-94KnniIAk?feature=oembed\" frameborder=\"0\" allow=\"accelerometer; autoplay; clipboard-write; encrypted-media; gyroscope; picture-in-picture; web-share\" referrerpolicy=\"strict-origin-when-cross-origin\" allowfullscreen><\/iframe><\/div>\n<p>&nbsp;<\/p>\n<p>SANT JOSEP FA BUGADA<\/p>\n<div class=\"ast-oembed-container \" style=\"height: 100%;\"><iframe loading=\"lazy\" title=\"Sagrat Cor Esclaves Sant Josep fa bugada\" width=\"500\" height=\"281\" src=\"https:\/\/www.youtube.com\/embed\/3HoHpA0TlXQ?feature=oembed\" frameborder=\"0\" allow=\"accelerometer; autoplay; clipboard-write; encrypted-media; gyroscope; picture-in-picture; web-share\" referrerpolicy=\"strict-origin-when-cross-origin\" allowfullscreen><\/iframe><\/div>\n<p>&nbsp;<\/p>\n<p>EL RABAD\u00c0<\/p>\n<div class=\"ast-oembed-container \" style=\"height: 100%;\"><iframe loading=\"lazy\" title=\"EL RABAD\u00c0 - Nadala \ud83c\udf84 \u266a\u266b\u266c\" width=\"500\" height=\"281\" src=\"https:\/\/www.youtube.com\/embed\/zNDMCqOUzoI?feature=oembed\" frameborder=\"0\" allow=\"accelerometer; autoplay; clipboard-write; encrypted-media; gyroscope; picture-in-picture; web-share\" referrerpolicy=\"strict-origin-when-cross-origin\" allowfullscreen><\/iframe><\/div>\n<p>&nbsp;<\/p>\n<p>EL NOI DE LA MARE<\/p>\n<div class=\"ast-oembed-container \" style=\"height: 100%;\"><iframe loading=\"lazy\" title=\"El Noi de la Mare\" width=\"500\" height=\"375\" src=\"https:\/\/www.youtube.com\/embed\/YHHSItRz5y4?feature=oembed\" frameborder=\"0\" allow=\"accelerometer; autoplay; clipboard-write; encrypted-media; gyroscope; picture-in-picture; web-share\" referrerpolicy=\"strict-origin-when-cross-origin\" allowfullscreen><\/iframe><\/div>\n<p>&nbsp;<\/p>\n<p>FUM FUM FUM<\/p>\n<div class=\"ast-oembed-container \" style=\"height: 100%;\"><iframe loading=\"lazy\" title=\"A 25 de desembre, fum, fum, fum (Karaoke)\" width=\"500\" height=\"375\" src=\"https:\/\/www.youtube.com\/embed\/95CK5Zn8e0Y?feature=oembed\" frameborder=\"0\" allow=\"accelerometer; autoplay; clipboard-write; encrypted-media; gyroscope; picture-in-picture; web-share\" referrerpolicy=\"strict-origin-when-cross-origin\" allowfullscreen><\/iframe><\/div>\n<p>I&#8230; RECORDEU AQUESTA SORPRESA FINAL!<\/p>\n<p style=\"text-align: center\">JINGLE BELLS ROCK<\/p>\n<p style=\"text-align: center\">Ja \u00e9s Nadal ja \u00e9s Nadal dins del meu cor<\/p>\n<p style=\"text-align: center\">Tot s&#8217;il\u00b7lumina llums al balc\u00f3<\/p>\n<p style=\"text-align: center\">Sembla que ara el fred ja \u00e9s aqu\u00ed<\/p>\n<p style=\"text-align: center\">Per\u00f2 no hi ha neu pel cam\u00ed<\/p>\n<p style=\"text-align: center\">\u00c9s Nadal \u00e9s Nadal diu la can\u00e7\u00f3<\/p>\n<p style=\"text-align: center\"><em>Venen els reis, potser duen carb\u00f3<\/em><\/p>\n<p style=\"text-align: center\">Fem el pessebre cantem la can\u00e7\u00f3<\/p>\n<p style=\"text-align: center\">Fem cagar el ti\u00f3<\/p>\n<p style=\"text-align: center\">Menjarem torrons si son bons millor<\/p>\n<p style=\"text-align: center\">la sopa i el cap\u00f3<\/p>\n<p style=\"text-align: center\">el cava obrim i la copa omplim<\/p>\n<p style=\"text-align: center\">que tots tinguem un bon any<\/p>\n<p style=\"text-align: center\">Ja \u00e9s Nadal, ja \u00e9s Nadal diu la can\u00e7\u00f3<\/p>\n<p style=\"text-align: center\">\u00a0i junts ho celebrem<\/p>\n<p style=\"text-align: center\">Sigues feli\u00e7 comparteix<\/p>\n<p style=\"text-align: center\">perqu\u00e8 \u00e9s Nadal, perqu\u00e8 \u00e9s Nadal, perqu\u00e8 \u00e9s Nadal<\/p>\n<audio class=\"wp-audio-shortcode\" id=\"audio-2739-2\" preload=\"none\" style=\"width: 100%;\" controls=\"controls\"><source type=\"audio\/mpeg\" src=\"https:\/\/agora.xtec.cat\/escolaelfar\/wp-content\/uploads\/usu1878\/2019\/11\/jingle-bell-rock-to-online-audio-converter.com_.mp3?_=2\" \/><a href=\"https:\/\/agora.xtec.cat\/escolaelfar\/wp-content\/uploads\/usu1878\/2019\/11\/jingle-bell-rock-to-online-audio-converter.com_.mp3\">https:\/\/agora.xtec.cat\/escolaelfar\/wp-content\/uploads\/usu1878\/2019\/11\/jingle-bell-rock-to-online-audio-converter.com_.mp3<\/a><\/audio>\n<p>&nbsp;<\/p>\n<p>&nbsp;<\/p>\n<p>&nbsp;<\/p>\n<p>&nbsp;<\/p>\n","protected":false},"excerpt":{"rendered":"<p>Estimats alumnes de 5\u00e8! El proper dia 13 de desembre farem el concert a la pla\u00e7a de l&#8217;esgl\u00e9sia conjuntament amb [&hellip;]<\/p>\n","protected":false},"author":36,"featured_media":0,"comment_status":"open","ping_status":"closed","sticky":false,"template":"","format":"standard","meta":{"_bbp_topic_count":0,"_bbp_reply_count":0,"_bbp_total_topic_count":0,"_bbp_total_reply_count":0,"_bbp_voice_count":0,"_bbp_anonymous_reply_count":0,"_bbp_topic_count_hidden":0,"_bbp_reply_count_hidden":0,"_bbp_forum_subforum_count":0,"site-sidebar-layout":"default","site-content-layout":"","ast-site-content-layout":"","site-content-style":"default","site-sidebar-style":"default","ast-global-header-display":"","ast-banner-title-visibility":"","ast-main-header-display":"","ast-hfb-above-header-display":"","ast-hfb-below-header-display":"","ast-hfb-mobile-header-display":"","site-post-title":"","ast-breadcrumbs-content":"","ast-featured-img":"","footer-sml-layout":"","theme-transparent-header-meta":"","adv-header-id-meta":"","stick-header-meta":"","header-above-stick-meta":"","header-main-stick-meta":"","header-below-stick-meta":"","astra-migrate-meta-layouts":"default","ast-page-background-enabled":"default","ast-page-background-meta":{"desktop":{"background-color":"var(--ast-global-color-4)","background-image":"","background-repeat":"repeat","background-position":"center center","background-size":"auto","background-attachment":"scroll","background-type":"","background-media":"","overlay-type":"","overlay-color":"","overlay-opacity":"","overlay-gradient":""},"tablet":{"background-color":"","background-image":"","background-repeat":"repeat","background-position":"center center","background-size":"auto","background-attachment":"scroll","background-type":"","background-media":"","overlay-type":"","overlay-color":"","overlay-opacity":"","overlay-gradient":""},"mobile":{"background-color":"","background-image":"","background-repeat":"repeat","background-position":"center center","background-size":"auto","background-attachment":"scroll","background-type":"","background-media":"","overlay-type":"","overlay-color":"","overlay-opacity":"","overlay-gradient":""}},"ast-content-background-meta":{"desktop":{"background-color":"var(--ast-global-color-5)","background-image":"","background-repeat":"repeat","background-position":"center center","background-size":"auto","background-attachment":"scroll","background-type":"","background-media":"","overlay-type":"","overlay-color":"","overlay-opacity":"","overlay-gradient":""},"tablet":{"background-color":"var(--ast-global-color-5)","background-image":"","background-repeat":"repeat","background-position":"center center","background-size":"auto","background-attachment":"scroll","background-type":"","background-media":"","overlay-type":"","overlay-color":"","overlay-opacity":"","overlay-gradient":""},"mobile":{"background-color":"var(--ast-global-color-5)","background-image":"","background-repeat":"repeat","background-position":"center center","background-size":"auto","background-attachment":"scroll","background-type":"","background-media":"","overlay-type":"","overlay-color":"","overlay-opacity":"","overlay-gradient":""}},"footnotes":""},"categories":[14,74,191],"tags":[],"class_list":["post-2739","post","type-post","status-publish","format-standard","hentry","category-5e","category-musica","category-musc5"],"post_mailing_queue_ids":[],"_links":{"self":[{"href":"https:\/\/agora.xtec.cat\/escolaelfar\/wp-json\/wp\/v2\/posts\/2739","targetHints":{"allow":["GET"]}}],"collection":[{"href":"https:\/\/agora.xtec.cat\/escolaelfar\/wp-json\/wp\/v2\/posts"}],"about":[{"href":"https:\/\/agora.xtec.cat\/escolaelfar\/wp-json\/wp\/v2\/types\/post"}],"author":[{"embeddable":true,"href":"https:\/\/agora.xtec.cat\/escolaelfar\/wp-json\/wp\/v2\/users\/36"}],"replies":[{"embeddable":true,"href":"https:\/\/agora.xtec.cat\/escolaelfar\/wp-json\/wp\/v2\/comments?post=2739"}],"version-history":[{"count":2,"href":"https:\/\/agora.xtec.cat\/escolaelfar\/wp-json\/wp\/v2\/posts\/2739\/revisions"}],"predecessor-version":[{"id":2747,"href":"https:\/\/agora.xtec.cat\/escolaelfar\/wp-json\/wp\/v2\/posts\/2739\/revisions\/2747"}],"wp:attachment":[{"href":"https:\/\/agora.xtec.cat\/escolaelfar\/wp-json\/wp\/v2\/media?parent=2739"}],"wp:term":[{"taxonomy":"category","embeddable":true,"href":"https:\/\/agora.xtec.cat\/escolaelfar\/wp-json\/wp\/v2\/categories?post=2739"},{"taxonomy":"post_tag","embeddable":true,"href":"https:\/\/agora.xtec.cat\/escolaelfar\/wp-json\/wp\/v2\/tags?post=2739"}],"curies":[{"name":"wp","href":"https:\/\/api.w.org\/{rel}","templated":true}]}}