{"id":2710,"date":"2019-11-20T17:40:09","date_gmt":"2019-11-20T16:40:09","guid":{"rendered":"https:\/\/agora.xtec.cat\/escolaelfar\/?p=2710"},"modified":"2020-04-06T21:24:00","modified_gmt":"2020-04-06T19:24:00","slug":"canco-dinar-de-nadal","status":"publish","type":"post","link":"https:\/\/agora.xtec.cat\/escolaelfar\/primaria\/6e\/canco-dinar-de-nadal\/","title":{"rendered":"CAN\u00c7\u00d3 DINAR DE NADAL"},"content":{"rendered":"<p>Estimats M\u00fasics de 6\u00e8 del Far,<\/p>\n<p>Com vosaltres ja sabeu, aquest any estem preparant un concert de Nadal espectacular, mentrestant aqu\u00ed teniu la can\u00e7\u00f3 del &#8220;Dinar de Nadal&#8221; perqu\u00e8 la pugueu anar assajant.<\/p>\n<p>Canteu i gaudiu molt!<\/p>\n<p style=\"text-align: center\"><strong>DINAR DE NADAL<\/strong><\/p>\n<p style=\"text-align: center\">Per Nadal ens atipem de tant menjar<br \/>\nque al final et surt per les orelles.<br \/>\nA casa ens posem tots a cuinar..<br \/>\nAvi, digui\u2019m qu\u00e8 vol per dinar?<br \/>\n&#8211; No ho s\u00e9\u2026 Qu\u00e8 hi ha?<br \/>\nHi ha canalons, carn d\u2019olla i ous farcits,<br \/>\npatates al caliu i aperitius.<br \/>\nTruquen a la porta i arriba el meu germ\u00e0.<br \/>\n&#8211; Hola! Qu\u00e8 hi ha per dinar?<\/p>\n<p style=\"text-align: center\">Hi ha canalons, carn d\u2019olla i ous farcits,<br \/>\npatates al caliu i aperitius.<br \/>\ni aix\u00f2 nom\u00e9s de primer plat!<br \/>\nPerqu\u00e8 tamb\u00e9 tenim conill rostit,<br \/>\nescamarlans i pollastre farcit.<br \/>\nTruquen per tel\u00e8fon: la tieta arriba tard.<br \/>\n&#8211; Per cert, qu\u00e8 hi ha per dinar?<\/p>\n<p style=\"text-align: center\">Hi ha canalons, carn d\u2019olla i ous farcits,<br \/>\npatates al caliu i aperitius.<br \/>\ni aix\u00f2 nom\u00e9s de primer plat!<br \/>\nPerqu\u00e8 tamb\u00e9 tenim conill rostit,<br \/>\nescamarlans i pollastre farcit.<br \/>\ni espera que no s\u2019ha acabat!<br \/>\nPerqu\u00e8 de postres hi ha torrons, de durs i de tous, perqu\u00e8 els padrins puguin menjar,<br \/>\nbra\u00e7 de gitano, polvorons,<br \/>\nneules i figues i bombons.<\/p>\n<p style=\"text-align: center\">&#8211; \u2026.Ai! Que m\u2019havia quedat adormit\u2026Qu\u00e8 dius que hi ha per dinar?<\/p>\n<p style=\"text-align: center\">Hi ha canalons, carn d\u2019olla i ous farcits,<br \/>\npatates al caliu i aperitius.<br \/>\ni aix\u00f2 nom\u00e9s de primer plat!<br \/>\nPerqu\u00e8 tamb\u00e9 tenim conill rostit,<br \/>\nescamarlans i pollastre farcit.<br \/>\ni espera que no s\u2019ha acabat!<br \/>\nPerqu\u00e8 de postres hi ha torrons, de durs i de tous, perqu\u00e8 els padrins puguin menjar,<br \/>\nbra\u00e7 de gitano, polvorons,<br \/>\nneules i figues i bombons.<\/p>\n<p style=\"text-align: center\">Les vuit del vespre i encara som a taula,<br \/>\nhem menjat tant que no ens podem ni moure!<br \/>\nPer\u00f2 estem contents perqu\u00e8 un altre Nadal<br \/>\nest\u00e0 reunida la fam\u00edlia i fem gresca<br \/>\ntots feli\u00e7os, per\u00f2 ja us dic que no calia tant menjar!<\/p>\n<!--[if lt IE 9]><script>document.createElement('audio');<\/script><![endif]-->\n<audio class=\"wp-audio-shortcode\" id=\"audio-2710-1\" preload=\"none\" style=\"width: 100%;\" controls=\"controls\"><source type=\"audio\/mpeg\" src=\"https:\/\/agora.xtec.cat\/escolaelfar\/wp-content\/uploads\/usu1878\/2019\/11\/6\u00e8-El-dinar-de-Nadal.mp3?_=1\" \/><a href=\"https:\/\/agora.xtec.cat\/escolaelfar\/wp-content\/uploads\/usu1878\/2019\/11\/6\u00e8-El-dinar-de-Nadal.mp3\">https:\/\/agora.xtec.cat\/escolaelfar\/wp-content\/uploads\/usu1878\/2019\/11\/6\u00e8-El-dinar-de-Nadal.mp3<\/a><\/audio>\n","protected":false},"excerpt":{"rendered":"<p>Estimats M\u00fasics de 6\u00e8 del Far, Com vosaltres ja sabeu, aquest any estem preparant un concert de Nadal espectacular, mentrestant [&hellip;]<\/p>\n","protected":false},"author":36,"featured_media":0,"comment_status":"open","ping_status":"closed","sticky":false,"template":"","format":"standard","meta":{"_bbp_topic_count":0,"_bbp_reply_count":0,"_bbp_total_topic_count":0,"_bbp_total_reply_count":0,"_bbp_voice_count":0,"_bbp_anonymous_reply_count":0,"_bbp_topic_count_hidden":0,"_bbp_reply_count_hidden":0,"_bbp_forum_subforum_count":0,"site-sidebar-layout":"default","site-content-layout":"","ast-site-content-layout":"","site-content-style":"default","site-sidebar-style":"default","ast-global-header-display":"","ast-banner-title-visibility":"","ast-main-header-display":"","ast-hfb-above-header-display":"","ast-hfb-below-header-display":"","ast-hfb-mobile-header-display":"","site-post-title":"","ast-breadcrumbs-content":"","ast-featured-img":"","footer-sml-layout":"","theme-transparent-header-meta":"","adv-header-id-meta":"","stick-header-meta":"","header-above-stick-meta":"","header-main-stick-meta":"","header-below-stick-meta":"","astra-migrate-meta-layouts":"default","ast-page-background-enabled":"default","ast-page-background-meta":{"desktop":{"background-color":"var(--ast-global-color-4)","background-image":"","background-repeat":"repeat","background-position":"center center","background-size":"auto","background-attachment":"scroll","background-type":"","background-media":"","overlay-type":"","overlay-color":"","overlay-opacity":"","overlay-gradient":""},"tablet":{"background-color":"","background-image":"","background-repeat":"repeat","background-position":"center center","background-size":"auto","background-attachment":"scroll","background-type":"","background-media":"","overlay-type":"","overlay-color":"","overlay-opacity":"","overlay-gradient":""},"mobile":{"background-color":"","background-image":"","background-repeat":"repeat","background-position":"center center","background-size":"auto","background-attachment":"scroll","background-type":"","background-media":"","overlay-type":"","overlay-color":"","overlay-opacity":"","overlay-gradient":""}},"ast-content-background-meta":{"desktop":{"background-color":"var(--ast-global-color-5)","background-image":"","background-repeat":"repeat","background-position":"center center","background-size":"auto","background-attachment":"scroll","background-type":"","background-media":"","overlay-type":"","overlay-color":"","overlay-opacity":"","overlay-gradient":""},"tablet":{"background-color":"var(--ast-global-color-5)","background-image":"","background-repeat":"repeat","background-position":"center center","background-size":"auto","background-attachment":"scroll","background-type":"","background-media":"","overlay-type":"","overlay-color":"","overlay-opacity":"","overlay-gradient":""},"mobile":{"background-color":"var(--ast-global-color-5)","background-image":"","background-repeat":"repeat","background-position":"center center","background-size":"auto","background-attachment":"scroll","background-type":"","background-media":"","overlay-type":"","overlay-color":"","overlay-opacity":"","overlay-gradient":""}},"footnotes":""},"categories":[15,74,192],"tags":[],"class_list":["post-2710","post","type-post","status-publish","format-standard","hentry","category-6e","category-musica","category-musc6"],"post_mailing_queue_ids":[],"_links":{"self":[{"href":"https:\/\/agora.xtec.cat\/escolaelfar\/wp-json\/wp\/v2\/posts\/2710","targetHints":{"allow":["GET"]}}],"collection":[{"href":"https:\/\/agora.xtec.cat\/escolaelfar\/wp-json\/wp\/v2\/posts"}],"about":[{"href":"https:\/\/agora.xtec.cat\/escolaelfar\/wp-json\/wp\/v2\/types\/post"}],"author":[{"embeddable":true,"href":"https:\/\/agora.xtec.cat\/escolaelfar\/wp-json\/wp\/v2\/users\/36"}],"replies":[{"embeddable":true,"href":"https:\/\/agora.xtec.cat\/escolaelfar\/wp-json\/wp\/v2\/comments?post=2710"}],"version-history":[{"count":2,"href":"https:\/\/agora.xtec.cat\/escolaelfar\/wp-json\/wp\/v2\/posts\/2710\/revisions"}],"predecessor-version":[{"id":2715,"href":"https:\/\/agora.xtec.cat\/escolaelfar\/wp-json\/wp\/v2\/posts\/2710\/revisions\/2715"}],"wp:attachment":[{"href":"https:\/\/agora.xtec.cat\/escolaelfar\/wp-json\/wp\/v2\/media?parent=2710"}],"wp:term":[{"taxonomy":"category","embeddable":true,"href":"https:\/\/agora.xtec.cat\/escolaelfar\/wp-json\/wp\/v2\/categories?post=2710"},{"taxonomy":"post_tag","embeddable":true,"href":"https:\/\/agora.xtec.cat\/escolaelfar\/wp-json\/wp\/v2\/tags?post=2710"}],"curies":[{"name":"wp","href":"https:\/\/api.w.org\/{rel}","templated":true}]}}