{"id":2645,"date":"2019-11-04T12:07:10","date_gmt":"2019-11-04T11:07:10","guid":{"rendered":"https:\/\/agora.xtec.cat\/escolaelfar\/?p=2645"},"modified":"2019-11-04T12:15:52","modified_gmt":"2019-11-04T11:15:52","slug":"projecte-p5-els-arbres","status":"publish","type":"post","link":"https:\/\/agora.xtec.cat\/escolaelfar\/infantil\/projecte-p5-els-arbres\/","title":{"rendered":"PROJECTE P5 &#8220;ELS ARBRES&#8221;"},"content":{"rendered":"<p><span style=\"color: #993300\"><strong>L&#8217;ENTORN PROPER<\/strong><\/span><\/p>\n<p>Els alumnes de P5 aprofitant l\u2019 entorn proper del Parc Dalmau de Calella hem treballat un projecte sobre els arbres.<\/p>\n<p>Primer de tot hem\u00a0esbrinat els coneixements previs que els alumnes tenen sobre la morfologia dels arbres ,la seva funci\u00f3, arbres de l\u2019 entorn proper\u2026.., aix\u00ed com del profit que les persones en poden treure dels arbres.<\/p>\n<p>Per despertar l\u2019 inter\u00e8s per l\u2019 observaci\u00f3 i la descoberta de l\u2019 entorn hem fet una <strong>sortida al Parc Dalmau<\/strong> de Calella. D\u2019 aquesta marnera hem pogut con\u00e8ixer els arbres del nostre entorn m\u00e9s proper : L\u2019 Arbo\u00e7, el Garrofer i el pi pinyoner.<\/p>\n<p><a href=\"https:\/\/agora.xtec.cat\/escolaelfar\/wp-content\/uploads\/usu1878\/2019\/11\/sortida-parc1-1.jpg\"><img loading=\"lazy\" decoding=\"async\" class=\"alignnone wp-image-2652\" src=\"https:\/\/agora.xtec.cat\/escolaelfar\/wp-content\/uploads\/usu1878\/2019\/11\/sortida-parc1-1.jpg\" alt=\"\" width=\"250\" height=\"333\" srcset=\"https:\/\/agora.xtec.cat\/escolaelfar\/wp-content\/uploads\/usu1878\/2019\/11\/sortida-parc1-1.jpg 480w, https:\/\/agora.xtec.cat\/escolaelfar\/wp-content\/uploads\/usu1878\/2019\/11\/sortida-parc1-1-225x300.jpg 225w\" sizes=\"auto, (max-width: 250px) 100vw, 250px\" \/> \u00a0 <\/a><a href=\"https:\/\/agora.xtec.cat\/escolaelfar\/wp-content\/uploads\/usu1878\/2019\/11\/sortida-cistell.jpg\"><img loading=\"lazy\" decoding=\"async\" class=\"alignnone wp-image-2646\" src=\"https:\/\/agora.xtec.cat\/escolaelfar\/wp-content\/uploads\/usu1878\/2019\/11\/sortida-cistell.jpg\" alt=\"\" width=\"270\" height=\"203\" srcset=\"https:\/\/agora.xtec.cat\/escolaelfar\/wp-content\/uploads\/usu1878\/2019\/11\/sortida-cistell.jpg 640w, https:\/\/agora.xtec.cat\/escolaelfar\/wp-content\/uploads\/usu1878\/2019\/11\/sortida-cistell-300x225.jpg 300w, https:\/\/agora.xtec.cat\/escolaelfar\/wp-content\/uploads\/usu1878\/2019\/11\/sortida-cistell-200x150.jpg 200w\" sizes=\"auto, (max-width: 270px) 100vw, 270px\" \/>\u00a0<\/a><a href=\"https:\/\/agora.xtec.cat\/escolaelfar\/wp-content\/uploads\/usu1878\/2019\/11\/sortida-grup.jpg\"><img loading=\"lazy\" decoding=\"async\" class=\"alignnone wp-image-2648\" src=\"https:\/\/agora.xtec.cat\/escolaelfar\/wp-content\/uploads\/usu1878\/2019\/11\/sortida-grup.jpg\" alt=\"\" width=\"279\" height=\"372\" srcset=\"https:\/\/agora.xtec.cat\/escolaelfar\/wp-content\/uploads\/usu1878\/2019\/11\/sortida-grup.jpg 480w, https:\/\/agora.xtec.cat\/escolaelfar\/wp-content\/uploads\/usu1878\/2019\/11\/sortida-grup-225x300.jpg 225w\" sizes=\"auto, (max-width: 279px) 100vw, 279px\" \/>\u00a0\u00a0<\/a> <a href=\"https:\/\/agora.xtec.cat\/escolaelfar\/wp-content\/uploads\/usu1878\/2019\/11\/sortida-retolsi.jpg\">\u00a0 \u00a0 \u00a0\u00a0<img loading=\"lazy\" decoding=\"async\" class=\"alignnone wp-image-2649\" src=\"https:\/\/agora.xtec.cat\/escolaelfar\/wp-content\/uploads\/usu1878\/2019\/11\/sortida-retolsi.jpg\" alt=\"\" width=\"239\" height=\"318\" srcset=\"https:\/\/agora.xtec.cat\/escolaelfar\/wp-content\/uploads\/usu1878\/2019\/11\/sortida-retolsi.jpg 480w, https:\/\/agora.xtec.cat\/escolaelfar\/wp-content\/uploads\/usu1878\/2019\/11\/sortida-retolsi-225x300.jpg 225w\" sizes=\"auto, (max-width: 239px) 100vw, 239px\" \/>\u00a0 \u00a0 \u00a0\u00a0<\/a><a href=\"https:\/\/agora.xtec.cat\/escolaelfar\/wp-content\/uploads\/usu1878\/2019\/11\/sortida-retol.jpg\"><img loading=\"lazy\" decoding=\"async\" class=\"alignnone wp-image-2651\" src=\"https:\/\/agora.xtec.cat\/escolaelfar\/wp-content\/uploads\/usu1878\/2019\/11\/sortida-retol.jpg\" alt=\"\" width=\"240\" height=\"320\" srcset=\"https:\/\/agora.xtec.cat\/escolaelfar\/wp-content\/uploads\/usu1878\/2019\/11\/sortida-retol.jpg 480w, https:\/\/agora.xtec.cat\/escolaelfar\/wp-content\/uploads\/usu1878\/2019\/11\/sortida-retol-225x300.jpg 225w\" sizes=\"auto, (max-width: 240px) 100vw, 240px\" \/>\u00a0 \u00a0 \u00a0\u00a0<\/a><a href=\"https:\/\/agora.xtec.cat\/escolaelfar\/wp-content\/uploads\/usu1878\/2019\/11\/sortida-retol2.jpg\"><img loading=\"lazy\" decoding=\"async\" class=\"alignnone wp-image-2650\" src=\"https:\/\/agora.xtec.cat\/escolaelfar\/wp-content\/uploads\/usu1878\/2019\/11\/sortida-retol2.jpg\" alt=\"\" width=\"239\" height=\"318\" srcset=\"https:\/\/agora.xtec.cat\/escolaelfar\/wp-content\/uploads\/usu1878\/2019\/11\/sortida-retol2.jpg 480w, https:\/\/agora.xtec.cat\/escolaelfar\/wp-content\/uploads\/usu1878\/2019\/11\/sortida-retol2-225x300.jpg 225w\" sizes=\"auto, (max-width: 239px) 100vw, 239px\" \/><\/a><\/p>\n<p>Per altre banda tamb\u00e9 hem <strong>observat les Moreres que tenim a l\u2019 escola<\/strong>.<\/p>\n<p><a href=\"https:\/\/agora.xtec.cat\/escolaelfar\/wp-content\/uploads\/usu1878\/2019\/11\/dibuix-moreres-4paqui.jpg\">\u00a0 \u00a0 \u00a0 \u00a0\u00a0<img loading=\"lazy\" decoding=\"async\" class=\"alignnone wp-image-2656\" src=\"https:\/\/agora.xtec.cat\/escolaelfar\/wp-content\/uploads\/usu1878\/2019\/11\/dibuix-moreres-4paqui-1024x768.jpg\" alt=\"\" width=\"316\" height=\"237\" srcset=\"https:\/\/agora.xtec.cat\/escolaelfar\/wp-content\/uploads\/usu1878\/2019\/11\/dibuix-moreres-4paqui.jpg 1024w, https:\/\/agora.xtec.cat\/escolaelfar\/wp-content\/uploads\/usu1878\/2019\/11\/dibuix-moreres-4paqui-300x225.jpg 300w, https:\/\/agora.xtec.cat\/escolaelfar\/wp-content\/uploads\/usu1878\/2019\/11\/dibuix-moreres-4paqui-768x576.jpg 768w, https:\/\/agora.xtec.cat\/escolaelfar\/wp-content\/uploads\/usu1878\/2019\/11\/dibuix-moreres-4paqui-200x150.jpg 200w\" sizes=\"auto, (max-width: 316px) 100vw, 316px\" \/>\u00a0 \u00a0 \u00a0 \u00a0 \u00a0 \u00a0 \u00a0 \u00a0 \u00a0 \u00a0 \u00a0 \u00a0 \u00a0<\/a><a href=\"https:\/\/agora.xtec.cat\/escolaelfar\/wp-content\/uploads\/usu1878\/2019\/11\/dibuix-moreres-2-si.jpg\"><img loading=\"lazy\" decoding=\"async\" class=\"alignnone wp-image-2653\" src=\"https:\/\/agora.xtec.cat\/escolaelfar\/wp-content\/uploads\/usu1878\/2019\/11\/dibuix-moreres-2-si.jpg\" alt=\"\" width=\"336\" height=\"448\" srcset=\"https:\/\/agora.xtec.cat\/escolaelfar\/wp-content\/uploads\/usu1878\/2019\/11\/dibuix-moreres-2-si.jpg 480w, https:\/\/agora.xtec.cat\/escolaelfar\/wp-content\/uploads\/usu1878\/2019\/11\/dibuix-moreres-2-si-225x300.jpg 225w\" sizes=\"auto, (max-width: 336px) 100vw, 336px\" \/><\/a><\/p>\n<p><a href=\"https:\/\/agora.xtec.cat\/escolaelfar\/wp-content\/uploads\/usu1878\/2019\/11\/dibuix-moreres-4paqui.jpg\">\u00a0 \u00a0 \u00a0 \u00a0 \u00a0 \u00a0 \u00a0 \u00a0 \u00a0 \u00a0 \u00a0 \u00a0 \u00a0 \u00a0 \u00a0 \u00a0 \u00a0 \u00a0 \u00a0<\/a><\/p>\n<p>A partir d\u2019 aquesta observaci\u00f3 hem pogut :<\/p>\n<p>-Con\u00e8ixer el nom de les parts essencials de la morfologia d\u2019un arbre.<\/p>\n<p>-Observar la textura i la tonalitat que pot tenir l\u2019escor\u00e7a, el tronc, les branques i les fulles d\u2019un arbre.<\/p>\n<p><a href=\"https:\/\/agora.xtec.cat\/escolaelfar\/wp-content\/uploads\/usu1878\/2019\/11\/troncs.jpg\">\u00a0 \u00a0 \u00a0 \u00a0 \u00a0 \u00a0 \u00a0<img loading=\"lazy\" decoding=\"async\" class=\"alignnone wp-image-2660\" src=\"https:\/\/agora.xtec.cat\/escolaelfar\/wp-content\/uploads\/usu1878\/2019\/11\/troncs-768x1024.jpg\" alt=\"\" width=\"209\" height=\"278\" srcset=\"https:\/\/agora.xtec.cat\/escolaelfar\/wp-content\/uploads\/usu1878\/2019\/11\/troncs.jpg 768w, https:\/\/agora.xtec.cat\/escolaelfar\/wp-content\/uploads\/usu1878\/2019\/11\/troncs-225x300.jpg 225w\" sizes=\"auto, (max-width: 209px) 100vw, 209px\" \/><\/a><a href=\"https:\/\/agora.xtec.cat\/escolaelfar\/wp-content\/uploads\/usu1878\/2019\/11\/lupes-grup-3.jpg\">\u00a0 \u00a0 \u00a0\u00a0\u00a0\u00a0\u00a0\u00a0\u00a0\u00a0\u00a0\u00a0\u00a0\u00a0\u00a0\u00a0\u00a0\u00a0\u00a0\u00a0\u00a0\u00a0\u00a0\u00a0\u00a0\u00a0\u00a0\u00a0\u00a0\u00a0\u00a0\u00a0\u00a0\u00a0\u00a0\u00a0\u00a0\u00a0\u00a0\u00a0\u00a0\u00a0\u00a0\u00a0\u00a0\u00a0\u00a0\u00a0\u00a0\u00a0<\/a> <a href=\"https:\/\/agora.xtec.cat\/escolaelfar\/wp-content\/uploads\/usu1878\/2019\/11\/lupes-2.jpg\"><img loading=\"lazy\" decoding=\"async\" class=\"alignnone wp-image-2659\" src=\"https:\/\/agora.xtec.cat\/escolaelfar\/wp-content\/uploads\/usu1878\/2019\/11\/lupes-2.jpg\" alt=\"\" width=\"278\" height=\"208\" srcset=\"https:\/\/agora.xtec.cat\/escolaelfar\/wp-content\/uploads\/usu1878\/2019\/11\/lupes-2.jpg 640w, https:\/\/agora.xtec.cat\/escolaelfar\/wp-content\/uploads\/usu1878\/2019\/11\/lupes-2-300x225.jpg 300w, https:\/\/agora.xtec.cat\/escolaelfar\/wp-content\/uploads\/usu1878\/2019\/11\/lupes-2-200x150.jpg 200w\" sizes=\"auto, (max-width: 278px) 100vw, 278px\" \/><\/a><\/p>\n<p>-Reproduir de forma pl\u00e0stica un model natural d\u2019 un arbre, experimentant amb els colors, les textures, etc\u2026.dibuixant-lo i fent una creaci\u00f3 amb volum amb elements naturals.<\/p>\n<p><a href=\"https:\/\/agora.xtec.cat\/escolaelfar\/wp-content\/uploads\/usu1878\/2019\/11\/arbre-plastelina-2.jpg\">\u00a0 \u00a0 \u00a0 \u00a0<img loading=\"lazy\" decoding=\"async\" class=\"alignnone wp-image-2661\" src=\"https:\/\/agora.xtec.cat\/escolaelfar\/wp-content\/uploads\/usu1878\/2019\/11\/arbre-plastelina-2-1024x768.jpg\" alt=\"\" width=\"341\" height=\"256\" srcset=\"https:\/\/agora.xtec.cat\/escolaelfar\/wp-content\/uploads\/usu1878\/2019\/11\/arbre-plastelina-2.jpg 1024w, https:\/\/agora.xtec.cat\/escolaelfar\/wp-content\/uploads\/usu1878\/2019\/11\/arbre-plastelina-2-300x225.jpg 300w, https:\/\/agora.xtec.cat\/escolaelfar\/wp-content\/uploads\/usu1878\/2019\/11\/arbre-plastelina-2-768x576.jpg 768w, https:\/\/agora.xtec.cat\/escolaelfar\/wp-content\/uploads\/usu1878\/2019\/11\/arbre-plastelina-2-200x150.jpg 200w\" sizes=\"auto, (max-width: 341px) 100vw, 341px\" \/>\u00a0 \u00a0 \u00a0 \u00a0 \u00a0 \u00a0 \u00a0 \u00a0 \u00a0<\/a><a href=\"https:\/\/agora.xtec.cat\/escolaelfar\/wp-content\/uploads\/usu1878\/2019\/11\/dibuixos-paret-2.jpg\"><img loading=\"lazy\" decoding=\"async\" class=\"alignnone wp-image-2662\" src=\"https:\/\/agora.xtec.cat\/escolaelfar\/wp-content\/uploads\/usu1878\/2019\/11\/dibuixos-paret-2-1024x768.jpg\" alt=\"\" width=\"348\" height=\"261\" srcset=\"https:\/\/agora.xtec.cat\/escolaelfar\/wp-content\/uploads\/usu1878\/2019\/11\/dibuixos-paret-2.jpg 1024w, https:\/\/agora.xtec.cat\/escolaelfar\/wp-content\/uploads\/usu1878\/2019\/11\/dibuixos-paret-2-300x225.jpg 300w, https:\/\/agora.xtec.cat\/escolaelfar\/wp-content\/uploads\/usu1878\/2019\/11\/dibuixos-paret-2-768x576.jpg 768w, https:\/\/agora.xtec.cat\/escolaelfar\/wp-content\/uploads\/usu1878\/2019\/11\/dibuixos-paret-2-200x150.jpg 200w\" sizes=\"auto, (max-width: 348px) 100vw, 348px\" \/><\/a><\/p>\n<p>-Con\u00e8ixer el nom dels fruits m\u00e9s comuns que tenen els arbres i tastar-ne alguns.<\/p>\n<p>-Fer una llista de noms d\u2019 arbres i fruits coneguts.<\/p>\n<p>-Con\u00e8ixer el proc\u00e9s que se segueix des que es talla un arbre fins a obtenir un moble o un full de paper.<\/p>\n<p>-Saber la relaci\u00f3 entre els anells que es veuen en el tronc d\u2019un arbre i els anys que t\u00e9.<\/p>\n<p>-Comptar i escriure els n\u00fameros de la s\u00e8rie num\u00e8rica i relacionar el n\u00famero amb el nombre d\u2019anys que representa.-<\/p>\n<p>-Adonar-nos \u00a0que necessiten els arbres per viure i comprendre el cicle de la vida dels abres.<\/p>\n<p><a href=\"https:\/\/agora.xtec.cat\/escolaelfar\/wp-content\/uploads\/usu1878\/2019\/11\/cicle-vida-bo.jpg\">\u00a0 \u00a0 \u00a0 \u00a0 \u00a0 \u00a0 \u00a0 \u00a0 \u00a0 \u00a0 \u00a0 \u00a0 \u00a0 \u00a0 \u00a0 \u00a0 \u00a0 \u00a0 \u00a0 \u00a0 \u00a0 \u00a0 \u00a0 \u00a0 \u00a0 \u00a0 \u00a0 \u00a0 \u00a0 \u00a0<img loading=\"lazy\" decoding=\"async\" class=\"alignnone wp-image-2666\" src=\"https:\/\/agora.xtec.cat\/escolaelfar\/wp-content\/uploads\/usu1878\/2019\/11\/cicle-vida-bo.jpg\" alt=\"\" width=\"289\" height=\"226\" srcset=\"https:\/\/agora.xtec.cat\/escolaelfar\/wp-content\/uploads\/usu1878\/2019\/11\/cicle-vida-bo.jpg 713w, https:\/\/agora.xtec.cat\/escolaelfar\/wp-content\/uploads\/usu1878\/2019\/11\/cicle-vida-bo-300x235.jpg 300w\" sizes=\"auto, (max-width: 289px) 100vw, 289px\" \/><\/a><a href=\"https:\/\/agora.xtec.cat\/escolaelfar\/wp-content\/uploads\/usu1878\/2019\/11\/cicle-vida.jpg\">\u00a0 \u00a0 \u00a0 \u00a0 \u00a0 \u00a0 \u00a0 \u00a0 \u00a0 \u00a0 \u00a0 \u00a0 \u00a0 \u00a0 \u00a0 \u00a0 \u00a0 \u00a0 \u00a0 \u00a0 <\/a><\/p>\n<p>-Observar la difer\u00e8ncia entre l\u2019anvers i el revers d\u2019una fulla,comparar la forma dels nervis de la fulla , adonar-se de la simetria d\u2019algunes fulles i les diferents formes dels seus contorns.<\/p>\n<p>-Adonar-se que hi ha diferents tipus d\u2019arbres segons si cau o no la seva fulla (caduca o peremne).<\/p>\n<p>&#8211; Comparar elements similars reconeixent-ne les semblances i les difer\u00e8ncies.<\/p>\n<p>-Aprendre la can\u00e7\u00f3 \u00a8M\u2019 agrada la tardor perqu\u00e8 els arbres es despullen&#8221; \u00a0 \u00a0 <a href=\"https:\/\/youtu.be\/11VdDn8Fi_o\">\u00a0<\/a><\/p>\n<p><a href=\"http:\/https:\/\/youtu.be\/11VdDn8Fi_o\">http:\/https:\/\/youtu.be\/11VdDn8Fi_o<\/a><\/p>\n<p>-Con\u00e8ixer alguns dels animals que viuen al terra, al tronc o a la cap\u00e7ada dels arbres, i en altres elements de l\u2019entorn. aix\u00ed com la funci\u00f3 que tenen, i per qu\u00e8 es troben en un indret determinat.<\/p>\n<p>I per finalitzar hem pogut :<\/p>\n<p>Constatar all\u00f2 que els alumnes han apr\u00e8s i saben sobre els arbres despr\u00e9s del treball realitzat d\u2019 una manera l\u00fadica i sobretot aprofitant l\u2019 entorn natural.<\/p>\n<p>&nbsp;<\/p>\n<p>&nbsp;<\/p>\n<p>&nbsp;<\/p>\n<p>&nbsp;<\/p>\n<p>&nbsp;<\/p>\n<p>&nbsp;<\/p>\n","protected":false},"excerpt":{"rendered":"<p>L&#8217;ENTORN PROPER Els alumnes de P5 aprofitant l\u2019 entorn proper del Parc Dalmau de Calella hem treballat un projecte sobre [&hellip;]<\/p>\n","protected":false},"author":11,"featured_media":2667,"comment_status":"open","ping_status":"closed","sticky":false,"template":"","format":"standard","meta":{"_bbp_topic_count":0,"_bbp_reply_count":0,"_bbp_total_topic_count":0,"_bbp_total_reply_count":0,"_bbp_voice_count":0,"_bbp_anonymous_reply_count":0,"_bbp_topic_count_hidden":0,"_bbp_reply_count_hidden":0,"_bbp_forum_subforum_count":0,"site-sidebar-layout":"default","site-content-layout":"","ast-site-content-layout":"","site-content-style":"default","site-sidebar-style":"default","ast-global-header-display":"","ast-banner-title-visibility":"","ast-main-header-display":"","ast-hfb-above-header-display":"","ast-hfb-below-header-display":"","ast-hfb-mobile-header-display":"","site-post-title":"","ast-breadcrumbs-content":"","ast-featured-img":"","footer-sml-layout":"","theme-transparent-header-meta":"","adv-header-id-meta":"","stick-header-meta":"","header-above-stick-meta":"","header-main-stick-meta":"","header-below-stick-meta":"","astra-migrate-meta-layouts":"default","ast-page-background-enabled":"default","ast-page-background-meta":{"desktop":{"background-color":"var(--ast-global-color-4)","background-image":"","background-repeat":"repeat","background-position":"center center","background-size":"auto","background-attachment":"scroll","background-type":"","background-media":"","overlay-type":"","overlay-color":"","overlay-opacity":"","overlay-gradient":""},"tablet":{"background-color":"","background-image":"","background-repeat":"repeat","background-position":"center center","background-size":"auto","background-attachment":"scroll","background-type":"","background-media":"","overlay-type":"","overlay-color":"","overlay-opacity":"","overlay-gradient":""},"mobile":{"background-color":"","background-image":"","background-repeat":"repeat","background-position":"center center","background-size":"auto","background-attachment":"scroll","background-type":"","background-media":"","overlay-type":"","overlay-color":"","overlay-opacity":"","overlay-gradient":""}},"ast-content-background-meta":{"desktop":{"background-color":"var(--ast-global-color-5)","background-image":"","background-repeat":"repeat","background-position":"center center","background-size":"auto","background-attachment":"scroll","background-type":"","background-media":"","overlay-type":"","overlay-color":"","overlay-opacity":"","overlay-gradient":""},"tablet":{"background-color":"var(--ast-global-color-5)","background-image":"","background-repeat":"repeat","background-position":"center center","background-size":"auto","background-attachment":"scroll","background-type":"","background-media":"","overlay-type":"","overlay-color":"","overlay-opacity":"","overlay-gradient":""},"mobile":{"background-color":"var(--ast-global-color-5)","background-image":"","background-repeat":"repeat","background-position":"center center","background-size":"auto","background-attachment":"scroll","background-type":"","background-media":"","overlay-type":"","overlay-color":"","overlay-opacity":"","overlay-gradient":""}},"footnotes":""},"categories":[9,2],"tags":[177,176],"class_list":["post-2645","post","type-post","status-publish","format-standard","has-post-thumbnail","hentry","category-p5","category-infantil","tag-aprenem-observant","tag-el-nostre-entorn-mes-proper"],"post_mailing_queue_ids":[],"_links":{"self":[{"href":"https:\/\/agora.xtec.cat\/escolaelfar\/wp-json\/wp\/v2\/posts\/2645","targetHints":{"allow":["GET"]}}],"collection":[{"href":"https:\/\/agora.xtec.cat\/escolaelfar\/wp-json\/wp\/v2\/posts"}],"about":[{"href":"https:\/\/agora.xtec.cat\/escolaelfar\/wp-json\/wp\/v2\/types\/post"}],"author":[{"embeddable":true,"href":"https:\/\/agora.xtec.cat\/escolaelfar\/wp-json\/wp\/v2\/users\/11"}],"replies":[{"embeddable":true,"href":"https:\/\/agora.xtec.cat\/escolaelfar\/wp-json\/wp\/v2\/comments?post=2645"}],"version-history":[{"count":3,"href":"https:\/\/agora.xtec.cat\/escolaelfar\/wp-json\/wp\/v2\/posts\/2645\/revisions"}],"predecessor-version":[{"id":2671,"href":"https:\/\/agora.xtec.cat\/escolaelfar\/wp-json\/wp\/v2\/posts\/2645\/revisions\/2671"}],"wp:featuredmedia":[{"embeddable":true,"href":"https:\/\/agora.xtec.cat\/escolaelfar\/wp-json\/wp\/v2\/media\/2667"}],"wp:attachment":[{"href":"https:\/\/agora.xtec.cat\/escolaelfar\/wp-json\/wp\/v2\/media?parent=2645"}],"wp:term":[{"taxonomy":"category","embeddable":true,"href":"https:\/\/agora.xtec.cat\/escolaelfar\/wp-json\/wp\/v2\/categories?post=2645"},{"taxonomy":"post_tag","embeddable":true,"href":"https:\/\/agora.xtec.cat\/escolaelfar\/wp-json\/wp\/v2\/tags?post=2645"}],"curies":[{"name":"wp","href":"https:\/\/api.w.org\/{rel}","templated":true}]}}