{"id":24299,"date":"2026-03-05T11:35:00","date_gmt":"2026-03-05T10:35:00","guid":{"rendered":"https:\/\/agora.xtec.cat\/escolaelfar\/?p=24299"},"modified":"2026-03-04T13:38:59","modified_gmt":"2026-03-04T12:38:59","slug":"6e-organitzem-el-carnaval","status":"publish","type":"post","link":"https:\/\/agora.xtec.cat\/escolaelfar\/primaria\/6e-organitzem-el-carnaval\/","title":{"rendered":"6\u00e8 organitzem el Carnaval!"},"content":{"rendered":"\n<p>Aquest mes de febrer tots els i les alumnes de 6\u00e8 hem col\u00b7laborat a preparar, organitzar i representar el carnaval.<\/p>\n\n\n\n<ul class=\"wp-block-list\">\n<li>Des de l\u2019assignatura de m\u00fasica hem preparat la batucada. Amb l\u2019ajuda de la Miriam hem apr\u00e8s a tocar instruments reciclats, simulant una batucada professional. Hem apr\u00e8s molt i ho hem fet molt b\u00e9.<\/li>\n<\/ul>\n\n\n\n<p><\/p>\n\n\n\n<ul class=\"wp-block-list\">\n<li>Des de l\u2019assignatura d\u2019Educaci\u00f3 f\u00edsica, hem preparat el ball de carnaval. La Laura ens ha ajudat a muntar la coreografia amb les can\u00e7ons que hem escollit nosaltres mateixos.<\/li>\n<\/ul>\n\n\n\n<p><\/p>\n\n\n\n<ul class=\"wp-block-list\">\n<li>A l\u2019assignatura de catal\u00e0 hem escrit el testament del Carnestoltes. Va ser molt divertit fer rimes pensant regals per tota l\u2019escola.<\/li>\n<\/ul>\n\n\n\n<p><\/p>\n\n\n\n<ul class=\"wp-block-list\">\n<li>Un grup de voluntaris i volunt\u00e0ries hem posat les cadires per tal de que les fam\u00edlies estiguessin ben acomodades. Tamb\u00e9 hem fet un cop de m\u00e0 als nens i nenes d\u2019infantil per acompanyar-los quan els mestres feien el seu ball.<\/li>\n<\/ul>\n\n\n\n<p><\/p>\n\n\n\n<ul class=\"wp-block-list\">\n<li>Tres alumnes hem estat escollits per protagonitzar l\u2019espectacle dalt l\u2019escenari. I uns altres ens hem encarregat de col\u00b7locar els objectes relacionats amb la tem\u00e0tica de cada curs.<\/li>\n<\/ul>\n\n\n\n<p><\/p>\n\n\n\n<p>Preparant aquest carnaval hem apr\u00e8s a treballar de manera cooperativa, ens ha agradat molt poder formar part de la nostra gran festa. Per aquest mateix motiu ens sentim una mica tristos perqu\u00e8 ha sigut el nostre \u00faltim carnaval a l\u2019escola. Per\u00f2 hem gaudit molt i sempre el recordarem.<\/p>\n","protected":false},"excerpt":{"rendered":"<p>Aquest mes de febrer tots els i les alumnes de 6\u00e8 hem col\u00b7laborat a preparar, organitzar i representar el carnaval. [&hellip;]<\/p>\n","protected":false},"author":117,"featured_media":0,"comment_status":"open","ping_status":"open","sticky":false,"template":"","format":"standard","meta":{"_bbp_topic_count":0,"_bbp_reply_count":0,"_bbp_total_topic_count":0,"_bbp_total_reply_count":0,"_bbp_voice_count":0,"_bbp_anonymous_reply_count":0,"_bbp_topic_count_hidden":0,"_bbp_reply_count_hidden":0,"_bbp_forum_subforum_count":0,"site-sidebar-layout":"default","site-content-layout":"","ast-site-content-layout":"default","site-content-style":"default","site-sidebar-style":"default","ast-global-header-display":"","ast-banner-title-visibility":"","ast-main-header-display":"","ast-hfb-above-header-display":"","ast-hfb-below-header-display":"","ast-hfb-mobile-header-display":"","site-post-title":"","ast-breadcrumbs-content":"","ast-featured-img":"","footer-sml-layout":"","theme-transparent-header-meta":"","adv-header-id-meta":"","stick-header-meta":"","header-above-stick-meta":"","header-main-stick-meta":"","header-below-stick-meta":"","astra-migrate-meta-layouts":"set","ast-page-background-enabled":"default","ast-page-background-meta":{"desktop":{"background-color":"var(--ast-global-color-4)","background-image":"","background-repeat":"repeat","background-position":"center center","background-size":"auto","background-attachment":"scroll","background-type":"","background-media":"","overlay-type":"","overlay-color":"","overlay-opacity":"","overlay-gradient":""},"tablet":{"background-color":"","background-image":"","background-repeat":"repeat","background-position":"center center","background-size":"auto","background-attachment":"scroll","background-type":"","background-media":"","overlay-type":"","overlay-color":"","overlay-opacity":"","overlay-gradient":""},"mobile":{"background-color":"","background-image":"","background-repeat":"repeat","background-position":"center center","background-size":"auto","background-attachment":"scroll","background-type":"","background-media":"","overlay-type":"","overlay-color":"","overlay-opacity":"","overlay-gradient":""}},"ast-content-background-meta":{"desktop":{"background-color":"var(--ast-global-color-5)","background-image":"","background-repeat":"repeat","background-position":"center center","background-size":"auto","background-attachment":"scroll","background-type":"","background-media":"","overlay-type":"","overlay-color":"","overlay-opacity":"","overlay-gradient":""},"tablet":{"background-color":"var(--ast-global-color-5)","background-image":"","background-repeat":"repeat","background-position":"center center","background-size":"auto","background-attachment":"scroll","background-type":"","background-media":"","overlay-type":"","overlay-color":"","overlay-opacity":"","overlay-gradient":""},"mobile":{"background-color":"var(--ast-global-color-5)","background-image":"","background-repeat":"repeat","background-position":"center center","background-size":"auto","background-attachment":"scroll","background-type":"","background-media":"","overlay-type":"","overlay-color":"","overlay-opacity":"","overlay-gradient":""}},"footnotes":""},"categories":[15,5],"tags":[],"class_list":["post-24299","post","type-post","status-publish","format-standard","hentry","category-6e","category-primaria"],"post_mailing_queue_ids":[],"_links":{"self":[{"href":"https:\/\/agora.xtec.cat\/escolaelfar\/wp-json\/wp\/v2\/posts\/24299","targetHints":{"allow":["GET"]}}],"collection":[{"href":"https:\/\/agora.xtec.cat\/escolaelfar\/wp-json\/wp\/v2\/posts"}],"about":[{"href":"https:\/\/agora.xtec.cat\/escolaelfar\/wp-json\/wp\/v2\/types\/post"}],"author":[{"embeddable":true,"href":"https:\/\/agora.xtec.cat\/escolaelfar\/wp-json\/wp\/v2\/users\/117"}],"replies":[{"embeddable":true,"href":"https:\/\/agora.xtec.cat\/escolaelfar\/wp-json\/wp\/v2\/comments?post=24299"}],"version-history":[{"count":1,"href":"https:\/\/agora.xtec.cat\/escolaelfar\/wp-json\/wp\/v2\/posts\/24299\/revisions"}],"predecessor-version":[{"id":24300,"href":"https:\/\/agora.xtec.cat\/escolaelfar\/wp-json\/wp\/v2\/posts\/24299\/revisions\/24300"}],"wp:attachment":[{"href":"https:\/\/agora.xtec.cat\/escolaelfar\/wp-json\/wp\/v2\/media?parent=24299"}],"wp:term":[{"taxonomy":"category","embeddable":true,"href":"https:\/\/agora.xtec.cat\/escolaelfar\/wp-json\/wp\/v2\/categories?post=24299"},{"taxonomy":"post_tag","embeddable":true,"href":"https:\/\/agora.xtec.cat\/escolaelfar\/wp-json\/wp\/v2\/tags?post=24299"}],"curies":[{"name":"wp","href":"https:\/\/api.w.org\/{rel}","templated":true}]}}