{"id":24280,"date":"2026-03-03T15:53:32","date_gmt":"2026-03-03T14:53:32","guid":{"rendered":"https:\/\/agora.xtec.cat\/escolaelfar\/?p=24280"},"modified":"2026-04-17T09:46:41","modified_gmt":"2026-04-17T07:46:41","slug":"preinscripcio-curs-2026-2027","status":"publish","type":"post","link":"https:\/\/agora.xtec.cat\/escolaelfar\/general\/preinscripcio-curs-2026-2027\/","title":{"rendered":"PREINSCRIPCI\u00d3 CURS 2026-2027"},"content":{"rendered":"\n<p>Benvolgudes fam\u00edlies,<\/p>\n\n\n\n<p>S&#8217;han publicat les llistes de sol\u00b7licituds que han demanat el centre en primera opci\u00f3 amb la puntuaci\u00f3 provisional. Recordeu revisar que la puntaci\u00f3 sigui correcta.<\/p>\n\n\n\n<figure class=\"wp-block-image size-large\"><a href=\"https:\/\/agora.xtec.cat\/escolaelfar\/wp-content\/uploads\/usu1878\/2026\/03\/SKM_4051i26041708430_0001.jpg\"><img loading=\"lazy\" decoding=\"async\" width=\"724\" height=\"1024\" src=\"https:\/\/agora.xtec.cat\/escolaelfar\/wp-content\/uploads\/usu1878\/2026\/03\/SKM_4051i26041708430_0001-724x1024.jpg\" alt=\"\" class=\"wp-image-24470\" srcset=\"https:\/\/agora.xtec.cat\/escolaelfar\/wp-content\/uploads\/usu1878\/2026\/03\/SKM_4051i26041708430_0001-724x1024.jpg 724w, https:\/\/agora.xtec.cat\/escolaelfar\/wp-content\/uploads\/usu1878\/2026\/03\/SKM_4051i26041708430_0001-212x300.jpg 212w, https:\/\/agora.xtec.cat\/escolaelfar\/wp-content\/uploads\/usu1878\/2026\/03\/SKM_4051i26041708430_0001-768x1086.jpg 768w, https:\/\/agora.xtec.cat\/escolaelfar\/wp-content\/uploads\/usu1878\/2026\/03\/SKM_4051i26041708430_0001-1086x1536.jpg 1086w, https:\/\/agora.xtec.cat\/escolaelfar\/wp-content\/uploads\/usu1878\/2026\/03\/SKM_4051i26041708430_0001-1448x2048.jpg 1448w, https:\/\/agora.xtec.cat\/escolaelfar\/wp-content\/uploads\/usu1878\/2026\/03\/SKM_4051i26041708430_0001.jpg 1653w\" sizes=\"auto, (max-width: 724px) 100vw, 724px\" \/><\/a><\/figure>\n\n\n\n<figure class=\"wp-block-image size-large\"><a href=\"https:\/\/agora.xtec.cat\/escolaelfar\/wp-content\/uploads\/usu1878\/2026\/03\/SKM_4051i26041708430_0002.jpg\"><img loading=\"lazy\" decoding=\"async\" width=\"724\" height=\"1024\" src=\"https:\/\/agora.xtec.cat\/escolaelfar\/wp-content\/uploads\/usu1878\/2026\/03\/SKM_4051i26041708430_0002-724x1024.jpg\" alt=\"\" class=\"wp-image-24471\" srcset=\"https:\/\/agora.xtec.cat\/escolaelfar\/wp-content\/uploads\/usu1878\/2026\/03\/SKM_4051i26041708430_0002-724x1024.jpg 724w, https:\/\/agora.xtec.cat\/escolaelfar\/wp-content\/uploads\/usu1878\/2026\/03\/SKM_4051i26041708430_0002-212x300.jpg 212w, https:\/\/agora.xtec.cat\/escolaelfar\/wp-content\/uploads\/usu1878\/2026\/03\/SKM_4051i26041708430_0002-768x1086.jpg 768w, https:\/\/agora.xtec.cat\/escolaelfar\/wp-content\/uploads\/usu1878\/2026\/03\/SKM_4051i26041708430_0002-1086x1536.jpg 1086w, https:\/\/agora.xtec.cat\/escolaelfar\/wp-content\/uploads\/usu1878\/2026\/03\/SKM_4051i26041708430_0002-1448x2048.jpg 1448w, https:\/\/agora.xtec.cat\/escolaelfar\/wp-content\/uploads\/usu1878\/2026\/03\/SKM_4051i26041708430_0002.jpg 1653w\" sizes=\"auto, (max-width: 724px) 100vw, 724px\" \/><\/a><\/figure>\n\n\n\n<figure class=\"wp-block-image size-large\"><a href=\"https:\/\/agora.xtec.cat\/escolaelfar\/wp-content\/uploads\/usu1878\/2026\/03\/SKM_4051i26041708430_0003.jpg\"><img loading=\"lazy\" decoding=\"async\" width=\"724\" height=\"1024\" src=\"https:\/\/agora.xtec.cat\/escolaelfar\/wp-content\/uploads\/usu1878\/2026\/03\/SKM_4051i26041708430_0003-724x1024.jpg\" alt=\"\" class=\"wp-image-24472\" srcset=\"https:\/\/agora.xtec.cat\/escolaelfar\/wp-content\/uploads\/usu1878\/2026\/03\/SKM_4051i26041708430_0003-724x1024.jpg 724w, https:\/\/agora.xtec.cat\/escolaelfar\/wp-content\/uploads\/usu1878\/2026\/03\/SKM_4051i26041708430_0003-212x300.jpg 212w, https:\/\/agora.xtec.cat\/escolaelfar\/wp-content\/uploads\/usu1878\/2026\/03\/SKM_4051i26041708430_0003-768x1086.jpg 768w, https:\/\/agora.xtec.cat\/escolaelfar\/wp-content\/uploads\/usu1878\/2026\/03\/SKM_4051i26041708430_0003-1086x1536.jpg 1086w, https:\/\/agora.xtec.cat\/escolaelfar\/wp-content\/uploads\/usu1878\/2026\/03\/SKM_4051i26041708430_0003-1448x2048.jpg 1448w, https:\/\/agora.xtec.cat\/escolaelfar\/wp-content\/uploads\/usu1878\/2026\/03\/SKM_4051i26041708430_0003.jpg 1653w\" sizes=\"auto, (max-width: 724px) 100vw, 724px\" \/><\/a><\/figure>\n\n\n\n<figure class=\"wp-block-image size-large\"><a href=\"https:\/\/agora.xtec.cat\/escolaelfar\/wp-content\/uploads\/usu1878\/2026\/03\/SKM_4051i26041708430_0004.jpg\"><img loading=\"lazy\" decoding=\"async\" width=\"724\" height=\"1024\" src=\"https:\/\/agora.xtec.cat\/escolaelfar\/wp-content\/uploads\/usu1878\/2026\/03\/SKM_4051i26041708430_0004-724x1024.jpg\" alt=\"\" class=\"wp-image-24473\" srcset=\"https:\/\/agora.xtec.cat\/escolaelfar\/wp-content\/uploads\/usu1878\/2026\/03\/SKM_4051i26041708430_0004-724x1024.jpg 724w, https:\/\/agora.xtec.cat\/escolaelfar\/wp-content\/uploads\/usu1878\/2026\/03\/SKM_4051i26041708430_0004-212x300.jpg 212w, https:\/\/agora.xtec.cat\/escolaelfar\/wp-content\/uploads\/usu1878\/2026\/03\/SKM_4051i26041708430_0004-768x1086.jpg 768w, https:\/\/agora.xtec.cat\/escolaelfar\/wp-content\/uploads\/usu1878\/2026\/03\/SKM_4051i26041708430_0004-1086x1536.jpg 1086w, https:\/\/agora.xtec.cat\/escolaelfar\/wp-content\/uploads\/usu1878\/2026\/03\/SKM_4051i26041708430_0004-1448x2048.jpg 1448w, https:\/\/agora.xtec.cat\/escolaelfar\/wp-content\/uploads\/usu1878\/2026\/03\/SKM_4051i26041708430_0004.jpg 1653w\" sizes=\"auto, (max-width: 724px) 100vw, 724px\" \/><\/a><\/figure>\n\n\n\n<h5 class=\"wp-block-heading\">Benvolgudes fam\u00edlies,<\/h5>\n\n\n\n<p><strong>Comen\u00e7a el&nbsp; per\u00edode de preinscripci\u00f3 pel curs 2026-2027.<\/strong><\/p>\n\n\n\n<p><strong>A continuaci\u00f3 us detallem la informaci\u00f3 i les dates del proc\u00e9s.<\/strong><\/p>\n\n\n\n<ul class=\"wp-block-list\">\n<li><strong>ENLLA\u00c7 SOL\u00b7LICITUD:<\/strong><\/li>\n<\/ul>\n\n\n\n<p><strong><u>Educaci\u00f3 Infantil:&nbsp;<\/u><\/strong><\/p>\n\n\n\n<p><a href=\"https:\/\/preinscripcio.gencat.cat\/ca\/estudis\/infantil-3-6\/preinscriute\/sollicitud\" target=\"_blank\" rel=\"noreferrer noopener\">https:\/\/preinscripcio.gencat.cat\/ca\/estudis\/infantil-3-6\/preinscriute\/sollicitud<\/a><\/p>\n\n\n\n<p><strong><u>Educaci\u00f3 Prim\u00e0ria:&nbsp;<\/u><\/strong><\/p>\n\n\n\n<p><a href=\"https:\/\/preinscripcio.gencat.cat\/ca\/estudis\/primaria\/preinscriute\/sollicitud\" target=\"_blank\" rel=\"noreferrer noopener\">https:\/\/preinscripcio.gencat.cat\/ca\/estudis\/primaria\/preinscriute\/sollicitud<\/a><\/p>\n\n\n\n<p><em><u>Aquests enlla\u00e7os estaran disponibles del 4 al 18 de mar\u00e7.<\/u><\/em><\/p>\n\n\n\n<p><strong><u>Educaci\u00f3 Secund\u00e0ria:<\/u><\/strong><\/p>\n\n\n\n<p><a href=\"https:\/\/preinscripcio.gencat.cat\/ca\/estudis\/eso\/preinscriute\/sollicitud\" target=\"_blank\" rel=\"noreferrer noopener\">https:\/\/preinscripcio.gencat.cat\/ca\/estudis\/eso\/preinscriute\/sollicitud<\/a><\/p>\n\n\n\n<p><em><u>Aquest enlla\u00e7 estar\u00e0 disponible del 6 al 18 de mar\u00e7.<\/u><\/em><\/p>\n\n\n\n<p><em>IMPORTANT: <u>nom\u00e9s es pot fer una sol\u00b7licitud per infant<\/u> on s\u2019especifiquen els diferents centres educatius ordenats per prefer\u00e8ncia, cal que en poseu m\u00e9s d&#8217;un. D&#8217;altra banda, en el criteri de proximitat de domicili heu de marcar ZONA EDUCATIVA<\/em>. <\/p>\n\n\n\n<figure class=\"wp-block-image size-large is-resized\"><a href=\"https:\/\/agora.xtec.cat\/escolaelfar\/wp-content\/uploads\/usu1878\/2026\/03\/Imatge1.png\"><img loading=\"lazy\" decoding=\"async\" width=\"724\" height=\"1024\" src=\"https:\/\/agora.xtec.cat\/escolaelfar\/wp-content\/uploads\/usu1878\/2026\/03\/Imatge1-724x1024.png\" alt=\"\" class=\"wp-image-24289\" style=\"width:972px;height:auto\" srcset=\"https:\/\/agora.xtec.cat\/escolaelfar\/wp-content\/uploads\/usu1878\/2026\/03\/Imatge1-724x1024.png 724w, https:\/\/agora.xtec.cat\/escolaelfar\/wp-content\/uploads\/usu1878\/2026\/03\/Imatge1-212x300.png 212w, https:\/\/agora.xtec.cat\/escolaelfar\/wp-content\/uploads\/usu1878\/2026\/03\/Imatge1-768x1086.png 768w, https:\/\/agora.xtec.cat\/escolaelfar\/wp-content\/uploads\/usu1878\/2026\/03\/Imatge1.png 1010w\" sizes=\"auto, (max-width: 724px) 100vw, 724px\" \/><\/a><\/figure>\n\n\n\n<ul class=\"wp-block-list\">\n<li><strong>CODIS DE CENTRES EDUCATIUS DE CALELLA<\/strong><ul><li>Escola El Far: 08015144<\/li><\/ul><ul><li>Escola Minerva: 08015119<\/li><\/ul><ul><li>Escola Pia: 08015120<\/li><\/ul><ul><li>Escola Freta: 08035787<\/li><\/ul>\n<ul class=\"wp-block-list\">\n<li>Institut Bisbe Sivilla: 08015171 (l\u2019escola El Far est\u00e0 adscrita&nbsp; a l\u2019institut Bisbe Sivilla)<\/li>\n<\/ul>\n<\/li>\n<\/ul>\n\n\n\n<ul class=\"wp-block-list\">\n<li><strong>INDICACIONS GENERALS<\/strong><\/li>\n<\/ul>\n\n\n\n<p>Les sol\u00b7licituds s\u2019han de presentar a trav\u00e9s del web del Departament d\u2019Educaci\u00f3 de forma telem\u00e0tica, per tant, no \u00e9s possible fer-ho en format paper. La documentaci\u00f3 requerida, s\u2019ha d\u2019adjuntar a la preinscripci\u00f3 telem\u00e0ticament, no s\u2019ha de portar a l\u2019escola ni enviar per correu electr\u00f2nic cap documentaci\u00f3.<\/p>\n\n\n\n<p>Hi ha dues maneres de tramitar la sol\u00b7licitud:<\/p>\n\n\n\n<ol class=\"wp-block-list\">\n<li><strong>Sol\u00b7licitud en formulari electr\u00f2nic<\/strong>:&nbsp;el tutor\/a legal s\u2019ha d\u2019identificar mitjan\u00e7ant un certificat digital, com ara el DNIe o el sistema alternatiu d\u2019identificaci\u00f3 IdCAT M\u00f2bil.<\/li>\n<\/ol>\n\n\n\n<p>Si no es disposa de cap certificat digital, us podeu donar d\u2019alta a l\u2019adre\u00e7a&nbsp;&nbsp;<a href=\"https:\/\/www.idcatmobil.cat\/\" target=\"_blank\" rel=\"noreferrer noopener\">https:\/\/www.idcatmobil.cat\/<\/a>, nom\u00e9s necessitareu el DNI i la targeta sanit\u00e0ria (del tutor\/a)<\/p>\n\n\n\n<ul class=\"wp-block-list\">\n<li><strong>Sol\u00b7licitud en suport inform\u00e0tic<\/strong>:&nbsp;en aquest cas no necessiteu cap certificat. Haureu d\u2019introduir les dades que us demanen i haureu d\u2019adjuntar al formulari el document identificatiu (DNI\/NIE\/Passaport)escanejat o fotografiat de la persona que presenta la sol\u00b7licitud per acreditar la seva identitat i <strong>Llibre de fam\u00edlia o altres documents relatius a la filiaci\u00f3.&nbsp;<\/strong><\/li>\n<\/ul>\n\n\n\n<p>Quan l\u2019alumne\/a estigui en situaci\u00f3 d\u2019acolliment, el document que cal aportar \u00e9s&nbsp;la&nbsp;<strong>resoluci\u00f3 d\u2019acolliment del Departament de Drets Socials<\/strong>.<\/p>\n\n\n\n<p>En qualsevol cas, <strong><u>no heu d\u2019adjuntar tota la documentaci\u00f3, nom\u00e9s la marcada en negreta que trobareu a la sol\u00b7licitud.<\/u><\/strong><\/p>\n\n\n\n<p>ENLLA\u00c7OS D\u2019INTER\u00c9S:<\/p>\n\n\n\n<p>Informaci\u00f3 relativa al proc\u00e9s de Preinscripci\u00f3:<\/p>\n\n\n\n<p><a href=\"https:\/\/preinscripcio.gencat.cat\/ca\/inici\" target=\"_blank\" rel=\"noreferrer noopener\">https:\/\/preinscripcio.gencat.cat\/ca\/inici<\/a><\/p>\n\n\n\n<p>Normativa de preinscripci\u00f3:<\/p>\n\n\n\n<p><a href=\"https:\/\/dogc.gencat.cat\/ca\/document-del-dogc\/?documentId=1036257\" target=\"_blank\" rel=\"noreferrer noopener\">https:\/\/dogc.gencat.cat\/ca\/document-del-dogc\/?documentId=1036257<\/a><\/p>\n\n\n\n<p><strong>INFORMACIONS I\/O RECOMANACIONS A TENIR EN COMPTE PER FER LA SOL\u00b7LICITUD:&nbsp;<\/strong><\/p>\n\n\n\n<ul class=\"wp-block-list\">\n<li>Tenir fotografiada o escanejada la documentaci\u00f3 (per les dues cares) en el mateix dispositiu des d\u2019on es fa la sol\u00b7licitud.<\/li>\n\n\n\n<li>El codi de centre del nostre centre \u00e9s&nbsp;<strong>08015144<\/strong>, el necessitareu per indicar a quin centre voleu preinscriure el vostre fill o filla.<\/li>\n\n\n\n<li>Demanar el n\u00famero d\u2019Identificaci\u00f3 de l\u2019alumne\/a\/Idalu\/Ralc a la llar d\u2019infants o escola de proced\u00e8ncia.<\/li>\n<\/ul>\n\n\n\n<p>Per infants que no han anat mai a la llar, no cal posar res, el sistema el generar\u00e0 autom\u00e0ticament.<\/p>\n\n\n\n<ul class=\"wp-block-list\">\n<li>Cal seguir el calendari establert al detall, lliurar la sol\u00b7licitud o la documentaci\u00f3 fora de termini us fa perdre tots els drets d\u2019adscripci\u00f3 amb el risc que aix\u00f2 comporta de quedar-se sense pla\u00e7a al centre.<\/li>\n\n\n\n<li>\u00c9s molt important assegurar-se d\u2019haver completat tot el proc\u00e9s correctament. Haureu de rebre un correu amb el resguard de la preinscripci\u00f3 feta, en cas contrari, cal que verifiqueu si heu acabat el proc\u00e9s. Aquest resguard \u00e9s imprescindible per validar la preinscripci\u00f3.<\/li>\n<\/ul>\n\n\n\n<p><strong><em>Per a qualsevol dubte podeu trucar-nos al tel\u00e8fon 93.769.24.14 o enviar-nos un correu a l\u2019adre\u00e7a escola@elfarescola.cat (escriure el nom, el dubte i un tel\u00e8fon de contacte).<\/em><\/strong><\/p>\n\n\n\n<p class=\"has-text-align-center has-white-color has-ast-global-color-1-background-color has-text-color has-background has-link-color has-medium-font-size wp-elements-f8dcd59d788f21f7c5b685a37fd1327b\" style=\"border-style:none;border-width:0px;border-radius:46px\">OFERTA DE PLACES<\/p>\n\n\n\n<div data-wp-interactive=\"core\/file\" class=\"wp-block-file\"><object data-wp-bind--hidden=\"!state.hasPdfPreview\" hidden class=\"wp-block-file__embed\" data=\"https:\/\/agora.xtec.cat\/escolaelfar\/wp-content\/uploads\/usu1878\/2026\/03\/INFORME_OFERTA_OME_INFORME_OFERTA.pdf\" type=\"application\/pdf\" style=\"width:100%;height:600px\" aria-label=\"Incrustaci\u00f3 del fitxer INFORME_OFERTA_OME_INFORME_OFERTA.\"><\/object><a id=\"wp-block-file--media-286502be-cb01-47c5-a0d7-434e96b151ae\" href=\"https:\/\/agora.xtec.cat\/escolaelfar\/wp-content\/uploads\/usu1878\/2026\/03\/INFORME_OFERTA_OME_INFORME_OFERTA.pdf\">INFORME_OFERTA_OME_INFORME_OFERTA<\/a><a href=\"https:\/\/agora.xtec.cat\/escolaelfar\/wp-content\/uploads\/usu1878\/2026\/03\/INFORME_OFERTA_OME_INFORME_OFERTA.pdf\" class=\"wp-block-file__button wp-element-button\" download aria-describedby=\"wp-block-file--media-286502be-cb01-47c5-a0d7-434e96b151ae\">Baixa<\/a><\/div>\n","protected":false},"excerpt":{"rendered":"<p>Benvolgudes fam\u00edlies, S&#8217;han publicat les llistes de sol\u00b7licituds que han demanat el centre en primera opci\u00f3 amb la puntuaci\u00f3 provisional. [&hellip;]<\/p>\n","protected":false},"author":1,"featured_media":0,"comment_status":"open","ping_status":"open","sticky":false,"template":"","format":"standard","meta":{"_bbp_topic_count":0,"_bbp_reply_count":0,"_bbp_total_topic_count":0,"_bbp_total_reply_count":0,"_bbp_voice_count":0,"_bbp_anonymous_reply_count":0,"_bbp_topic_count_hidden":0,"_bbp_reply_count_hidden":0,"_bbp_forum_subforum_count":0,"site-sidebar-layout":"default","site-content-layout":"","ast-site-content-layout":"default","site-content-style":"default","site-sidebar-style":"default","ast-global-header-display":"","ast-banner-title-visibility":"","ast-main-header-display":"","ast-hfb-above-header-display":"","ast-hfb-below-header-display":"","ast-hfb-mobile-header-display":"","site-post-title":"","ast-breadcrumbs-content":"","ast-featured-img":"","footer-sml-layout":"","theme-transparent-header-meta":"","adv-header-id-meta":"","stick-header-meta":"","header-above-stick-meta":"","header-main-stick-meta":"","header-below-stick-meta":"","astra-migrate-meta-layouts":"set","ast-page-background-enabled":"default","ast-page-background-meta":{"desktop":{"background-color":"var(--ast-global-color-4)","background-image":"","background-repeat":"repeat","background-position":"center center","background-size":"auto","background-attachment":"scroll","background-type":"","background-media":"","overlay-type":"","overlay-color":"","overlay-opacity":"","overlay-gradient":""},"tablet":{"background-color":"","background-image":"","background-repeat":"repeat","background-position":"center center","background-size":"auto","background-attachment":"scroll","background-type":"","background-media":"","overlay-type":"","overlay-color":"","overlay-opacity":"","overlay-gradient":""},"mobile":{"background-color":"","background-image":"","background-repeat":"repeat","background-position":"center center","background-size":"auto","background-attachment":"scroll","background-type":"","background-media":"","overlay-type":"","overlay-color":"","overlay-opacity":"","overlay-gradient":""}},"ast-content-background-meta":{"desktop":{"background-color":"var(--ast-global-color-5)","background-image":"","background-repeat":"repeat","background-position":"center center","background-size":"auto","background-attachment":"scroll","background-type":"","background-media":"","overlay-type":"","overlay-color":"","overlay-opacity":"","overlay-gradient":""},"tablet":{"background-color":"var(--ast-global-color-5)","background-image":"","background-repeat":"repeat","background-position":"center center","background-size":"auto","background-attachment":"scroll","background-type":"","background-media":"","overlay-type":"","overlay-color":"","overlay-opacity":"","overlay-gradient":""},"mobile":{"background-color":"var(--ast-global-color-5)","background-image":"","background-repeat":"repeat","background-position":"center center","background-size":"auto","background-attachment":"scroll","background-type":"","background-media":"","overlay-type":"","overlay-color":"","overlay-opacity":"","overlay-gradient":""}},"footnotes":""},"categories":[1],"tags":[],"class_list":["post-24280","post","type-post","status-publish","format-standard","hentry","category-general"],"post_mailing_queue_ids":[],"_links":{"self":[{"href":"https:\/\/agora.xtec.cat\/escolaelfar\/wp-json\/wp\/v2\/posts\/24280","targetHints":{"allow":["GET"]}}],"collection":[{"href":"https:\/\/agora.xtec.cat\/escolaelfar\/wp-json\/wp\/v2\/posts"}],"about":[{"href":"https:\/\/agora.xtec.cat\/escolaelfar\/wp-json\/wp\/v2\/types\/post"}],"author":[{"embeddable":true,"href":"https:\/\/agora.xtec.cat\/escolaelfar\/wp-json\/wp\/v2\/users\/1"}],"replies":[{"embeddable":true,"href":"https:\/\/agora.xtec.cat\/escolaelfar\/wp-json\/wp\/v2\/comments?post=24280"}],"version-history":[{"count":7,"href":"https:\/\/agora.xtec.cat\/escolaelfar\/wp-json\/wp\/v2\/posts\/24280\/revisions"}],"predecessor-version":[{"id":24475,"href":"https:\/\/agora.xtec.cat\/escolaelfar\/wp-json\/wp\/v2\/posts\/24280\/revisions\/24475"}],"wp:attachment":[{"href":"https:\/\/agora.xtec.cat\/escolaelfar\/wp-json\/wp\/v2\/media?parent=24280"}],"wp:term":[{"taxonomy":"category","embeddable":true,"href":"https:\/\/agora.xtec.cat\/escolaelfar\/wp-json\/wp\/v2\/categories?post=24280"},{"taxonomy":"post_tag","embeddable":true,"href":"https:\/\/agora.xtec.cat\/escolaelfar\/wp-json\/wp\/v2\/tags?post=24280"}],"curies":[{"name":"wp","href":"https:\/\/api.w.org\/{rel}","templated":true}]}}