{"id":2412,"date":"2019-10-01T12:14:30","date_gmt":"2019-10-01T10:14:30","guid":{"rendered":"https:\/\/agora.xtec.cat\/escolaelfar\/?p=2412"},"modified":"2019-10-05T12:33:46","modified_gmt":"2019-10-05T10:33:46","slug":"eleccions-delegat-da-4t-b","status":"publish","type":"post","link":"https:\/\/agora.xtec.cat\/escolaelfar\/primaria\/4t\/eleccions-delegat-da-4t-b\/","title":{"rendered":"ELECCIONS DELEGAT\/DA A 4t"},"content":{"rendered":"<p>Hola fam\u00edlies,<\/p>\n<p>Com cada any a comen\u00e7ament de curs elegim els o les delegats\/des de classe. La novetat aquest any \u00e9s que tornarem a fer la votaci\u00f3 a comen\u00e7ament de cada trimestre i els escollits el primer trimestre es podran tornar a presentar, al igual que passa en qualsevol eleccions.<\/p>\n<p>En quant a 4t A les eleccions van ser molt r\u00e0pides perqu\u00e8 no van haver-hi gaires candidatures, al final ho van elegir sense fer cap discurs. El guanyador va ser en Juli P\u00e9rez (delegat)<\/p>\n<p>A 4t B va haver-hi m\u00e9s candidatures, vam fer unes prim\u00e0ries per escollir els tres candidats definitius, que havien d&#8217;organitzar un discurs i una presentaci\u00f3 als seus companys, per convence&#8217;ls que els votessin. Els candidats definitius van ser: Na Martina Juh\u00e9, Mateo Leone i Roger Mart\u00ed.<\/p>\n<p>Aqu\u00ed us deixem els seus discursos (En Mateo va declinar fer una presentaci\u00f3 i discurs).<\/p>\n<p>ROGER MART\u00cd<\/p>\n<div class=\"ast-oembed-container \" style=\"height: 100%;\"><iframe loading=\"lazy\" title=\"ELECCIONS DELEGAT\/DA 4t ESCOLA EL FAR\" width=\"500\" height=\"281\" src=\"https:\/\/www.youtube.com\/embed\/2gq4JGxJlaw?feature=oembed\" frameborder=\"0\" allow=\"accelerometer; autoplay; clipboard-write; encrypted-media; gyroscope; picture-in-picture; web-share\" referrerpolicy=\"strict-origin-when-cross-origin\" allowfullscreen><\/iframe><\/div>\n<p>MARTINA JUH\u00c9<\/p>\n<div class=\"ast-oembed-container \" style=\"height: 100%;\"><iframe loading=\"lazy\" title=\"ELECCIONS DELEGAT\/DA 4t B ESCOLA EL FAR\" width=\"500\" height=\"281\" src=\"https:\/\/www.youtube.com\/embed\/td51wQWQQrM?feature=oembed\" frameborder=\"0\" allow=\"accelerometer; autoplay; clipboard-write; encrypted-media; gyroscope; picture-in-picture; web-share\" referrerpolicy=\"strict-origin-when-cross-origin\" allowfullscreen><\/iframe><\/div>\n<p>Despr\u00e9s vam fer la votaci\u00f3, i per un estret marge de vots va guanyar en Roger Mart\u00ed (delegat) i Martina Juh\u00e9 (subdelegada). Tots dos seran els representants de la classe en la reuni\u00f3 mensual que fan els delegats i delegades amb l&#8217;equip directiu, per decidir temes d&#8217;inter\u00e8s general. Despr\u00e9s, ho transmetran a la resta de la classe.<\/p>\n","protected":false},"excerpt":{"rendered":"<p>Hola fam\u00edlies, Com cada any a comen\u00e7ament de curs elegim els o les delegats\/des de classe. La novetat aquest any [&hellip;]<\/p>\n","protected":false},"author":3,"featured_media":0,"comment_status":"open","ping_status":"closed","sticky":false,"template":"","format":"standard","meta":{"_bbp_topic_count":0,"_bbp_reply_count":0,"_bbp_total_topic_count":0,"_bbp_total_reply_count":0,"_bbp_voice_count":0,"_bbp_anonymous_reply_count":0,"_bbp_topic_count_hidden":0,"_bbp_reply_count_hidden":0,"_bbp_forum_subforum_count":0,"site-sidebar-layout":"default","site-content-layout":"","ast-site-content-layout":"","site-content-style":"default","site-sidebar-style":"default","ast-global-header-display":"","ast-banner-title-visibility":"","ast-main-header-display":"","ast-hfb-above-header-display":"","ast-hfb-below-header-display":"","ast-hfb-mobile-header-display":"","site-post-title":"","ast-breadcrumbs-content":"","ast-featured-img":"","footer-sml-layout":"","theme-transparent-header-meta":"","adv-header-id-meta":"","stick-header-meta":"","header-above-stick-meta":"","header-main-stick-meta":"","header-below-stick-meta":"","astra-migrate-meta-layouts":"default","ast-page-background-enabled":"default","ast-page-background-meta":{"desktop":{"background-color":"var(--ast-global-color-4)","background-image":"","background-repeat":"repeat","background-position":"center center","background-size":"auto","background-attachment":"scroll","background-type":"","background-media":"","overlay-type":"","overlay-color":"","overlay-opacity":"","overlay-gradient":""},"tablet":{"background-color":"","background-image":"","background-repeat":"repeat","background-position":"center center","background-size":"auto","background-attachment":"scroll","background-type":"","background-media":"","overlay-type":"","overlay-color":"","overlay-opacity":"","overlay-gradient":""},"mobile":{"background-color":"","background-image":"","background-repeat":"repeat","background-position":"center center","background-size":"auto","background-attachment":"scroll","background-type":"","background-media":"","overlay-type":"","overlay-color":"","overlay-opacity":"","overlay-gradient":""}},"ast-content-background-meta":{"desktop":{"background-color":"var(--ast-global-color-5)","background-image":"","background-repeat":"repeat","background-position":"center center","background-size":"auto","background-attachment":"scroll","background-type":"","background-media":"","overlay-type":"","overlay-color":"","overlay-opacity":"","overlay-gradient":""},"tablet":{"background-color":"var(--ast-global-color-5)","background-image":"","background-repeat":"repeat","background-position":"center center","background-size":"auto","background-attachment":"scroll","background-type":"","background-media":"","overlay-type":"","overlay-color":"","overlay-opacity":"","overlay-gradient":""},"mobile":{"background-color":"var(--ast-global-color-5)","background-image":"","background-repeat":"repeat","background-position":"center center","background-size":"auto","background-attachment":"scroll","background-type":"","background-media":"","overlay-type":"","overlay-color":"","overlay-opacity":"","overlay-gradient":""}},"footnotes":""},"categories":[13],"tags":[],"class_list":["post-2412","post","type-post","status-publish","format-standard","hentry","category-4t"],"post_mailing_queue_ids":[],"_links":{"self":[{"href":"https:\/\/agora.xtec.cat\/escolaelfar\/wp-json\/wp\/v2\/posts\/2412","targetHints":{"allow":["GET"]}}],"collection":[{"href":"https:\/\/agora.xtec.cat\/escolaelfar\/wp-json\/wp\/v2\/posts"}],"about":[{"href":"https:\/\/agora.xtec.cat\/escolaelfar\/wp-json\/wp\/v2\/types\/post"}],"author":[{"embeddable":true,"href":"https:\/\/agora.xtec.cat\/escolaelfar\/wp-json\/wp\/v2\/users\/3"}],"replies":[{"embeddable":true,"href":"https:\/\/agora.xtec.cat\/escolaelfar\/wp-json\/wp\/v2\/comments?post=2412"}],"version-history":[{"count":4,"href":"https:\/\/agora.xtec.cat\/escolaelfar\/wp-json\/wp\/v2\/posts\/2412\/revisions"}],"predecessor-version":[{"id":2418,"href":"https:\/\/agora.xtec.cat\/escolaelfar\/wp-json\/wp\/v2\/posts\/2412\/revisions\/2418"}],"wp:attachment":[{"href":"https:\/\/agora.xtec.cat\/escolaelfar\/wp-json\/wp\/v2\/media?parent=2412"}],"wp:term":[{"taxonomy":"category","embeddable":true,"href":"https:\/\/agora.xtec.cat\/escolaelfar\/wp-json\/wp\/v2\/categories?post=2412"},{"taxonomy":"post_tag","embeddable":true,"href":"https:\/\/agora.xtec.cat\/escolaelfar\/wp-json\/wp\/v2\/tags?post=2412"}],"curies":[{"name":"wp","href":"https:\/\/api.w.org\/{rel}","templated":true}]}}