{"id":24011,"date":"2025-11-27T11:40:00","date_gmt":"2025-11-27T10:40:00","guid":{"rendered":"https:\/\/agora.xtec.cat\/escolaelfar\/?p=24011"},"modified":"2025-11-27T11:46:04","modified_gmt":"2025-11-27T10:46:04","slug":"taller-naturalitzacio-platges","status":"publish","type":"post","link":"https:\/\/agora.xtec.cat\/escolaelfar\/primaria\/taller-naturalitzacio-platges\/","title":{"rendered":"Taller naturalitzaci\u00f3 platges"},"content":{"rendered":"\n<p>Els alumnes de sis\u00e8 han gaudit d\u2019una jornada d\u2019all\u00f2 m\u00e9s enriquidora. Hem visitat la platja de Calella, on ens han donat a con\u00e8ixer molts detalls sobre la fauna i la flora del litoral.<\/p>\n\n\n\n<p><br>Ens han explicat la import\u00e0ncia i els beneficis que aporten les plantes que creixen a les nostres platges. Hem apr\u00e8s el nom d\u2019algunes esp\u00e8cies, com ara la ginesta o el cap d\u2019ase.<\/p>\n\n\n\n<p><br>El taller ha consistit a plantar algunes d\u2019aquestes plantes tan valuoses per al medi ambient i per al nostre benestar.<br>Un cop hem acabat la plantaci\u00f3, hem participat en un joc per posar a prova tot el que hav\u00edem apr\u00e8s, i ha estat realment divertit!<\/p>\n\n\n\n<p><br>Ara nom\u00e9s ens queda esperar per veure com creixen i gaudir del resultat del nostre treball.<\/p>\n\n\n\n<div class=\"wp-block-getwid-images-slider has-arrows-outside has-dots-outside has-images-center has-fitted-images\"><div class=\"wp-block-getwid-images-slider__wrapper\" data-effect=\"slide\" data-slides-show=\"1\" data-slides-show-laptop=\"1\" data-slides-show-tablet=\"1\" data-slides-show-mobile=\"1\" data-slides-scroll=\"1\" data-autoplay=\"false\" data-pause-hover=\"false\" data-autoplay-speed=\"6000\" data-infinite=\"true\" data-animation-speed=\"800\" data-center-mode=\"true\" data-variable-width=\"false\" data-arrows=\"outside\" data-dots=\"outside\" data-spacing=\"none\"><div class=\"wp-block-getwid-images-slider__item\"><figure><img loading=\"lazy\" decoding=\"async\" width=\"1024\" height=\"768\" src=\"https:\/\/agora.xtec.cat\/escolaelfar\/wp-content\/uploads\/usu1878\/2025\/11\/1000042023-1-1024x768.jpg\" alt=\"\" data-id=\"24023\" data-link=\"https:\/\/agora.xtec.cat\/escolaelfar\/?attachment_id=24023\" data-original-link=\"https:\/\/agora.xtec.cat\/escolaelfar\/wp-content\/uploads\/usu1878\/2025\/11\/1000042023-1-scaled.jpg\" class=\"wp-block-getwid-images-slider__image wp-image-24023\" srcset=\"https:\/\/agora.xtec.cat\/escolaelfar\/wp-content\/uploads\/usu1878\/2025\/11\/1000042023-1-1024x768.jpg 1024w, https:\/\/agora.xtec.cat\/escolaelfar\/wp-content\/uploads\/usu1878\/2025\/11\/1000042023-1-300x225.jpg 300w, https:\/\/agora.xtec.cat\/escolaelfar\/wp-content\/uploads\/usu1878\/2025\/11\/1000042023-1-768x576.jpg 768w, https:\/\/agora.xtec.cat\/escolaelfar\/wp-content\/uploads\/usu1878\/2025\/11\/1000042023-1-1536x1152.jpg 1536w, https:\/\/agora.xtec.cat\/escolaelfar\/wp-content\/uploads\/usu1878\/2025\/11\/1000042023-1-2048x1536.jpg 2048w\" sizes=\"auto, (max-width: 1024px) 100vw, 1024px\" \/><\/figure><\/div><div class=\"wp-block-getwid-images-slider__item\"><figure><img loading=\"lazy\" decoding=\"async\" width=\"1024\" height=\"768\" src=\"https:\/\/agora.xtec.cat\/escolaelfar\/wp-content\/uploads\/usu1878\/2025\/11\/1000042020-1-1024x768.jpg\" alt=\"\" data-id=\"24024\" data-link=\"https:\/\/agora.xtec.cat\/escolaelfar\/?attachment_id=24024\" data-original-link=\"https:\/\/agora.xtec.cat\/escolaelfar\/wp-content\/uploads\/usu1878\/2025\/11\/1000042020-1-scaled.jpg\" class=\"wp-block-getwid-images-slider__image wp-image-24024\" srcset=\"https:\/\/agora.xtec.cat\/escolaelfar\/wp-content\/uploads\/usu1878\/2025\/11\/1000042020-1-1024x768.jpg 1024w, https:\/\/agora.xtec.cat\/escolaelfar\/wp-content\/uploads\/usu1878\/2025\/11\/1000042020-1-300x225.jpg 300w, https:\/\/agora.xtec.cat\/escolaelfar\/wp-content\/uploads\/usu1878\/2025\/11\/1000042020-1-768x576.jpg 768w, https:\/\/agora.xtec.cat\/escolaelfar\/wp-content\/uploads\/usu1878\/2025\/11\/1000042020-1-1536x1152.jpg 1536w, https:\/\/agora.xtec.cat\/escolaelfar\/wp-content\/uploads\/usu1878\/2025\/11\/1000042020-1-2048x1536.jpg 2048w\" sizes=\"auto, (max-width: 1024px) 100vw, 1024px\" \/><\/figure><\/div><div class=\"wp-block-getwid-images-slider__item\"><figure><img loading=\"lazy\" decoding=\"async\" width=\"1024\" height=\"768\" src=\"https:\/\/agora.xtec.cat\/escolaelfar\/wp-content\/uploads\/usu1878\/2025\/11\/1000042024-1-1024x768.jpg\" alt=\"\" data-id=\"24025\" data-link=\"https:\/\/agora.xtec.cat\/escolaelfar\/?attachment_id=24025\" data-original-link=\"https:\/\/agora.xtec.cat\/escolaelfar\/wp-content\/uploads\/usu1878\/2025\/11\/1000042024-1-scaled.jpg\" class=\"wp-block-getwid-images-slider__image wp-image-24025\" srcset=\"https:\/\/agora.xtec.cat\/escolaelfar\/wp-content\/uploads\/usu1878\/2025\/11\/1000042024-1-1024x768.jpg 1024w, https:\/\/agora.xtec.cat\/escolaelfar\/wp-content\/uploads\/usu1878\/2025\/11\/1000042024-1-300x225.jpg 300w, https:\/\/agora.xtec.cat\/escolaelfar\/wp-content\/uploads\/usu1878\/2025\/11\/1000042024-1-768x576.jpg 768w, https:\/\/agora.xtec.cat\/escolaelfar\/wp-content\/uploads\/usu1878\/2025\/11\/1000042024-1-1536x1152.jpg 1536w, https:\/\/agora.xtec.cat\/escolaelfar\/wp-content\/uploads\/usu1878\/2025\/11\/1000042024-1-2048x1536.jpg 2048w\" sizes=\"auto, (max-width: 1024px) 100vw, 1024px\" \/><\/figure><\/div><div class=\"wp-block-getwid-images-slider__item\"><figure><img loading=\"lazy\" decoding=\"async\" width=\"1024\" height=\"768\" src=\"https:\/\/agora.xtec.cat\/escolaelfar\/wp-content\/uploads\/usu1878\/2025\/11\/1000042022-1-1024x768.jpg\" alt=\"\" data-id=\"24022\" data-link=\"https:\/\/agora.xtec.cat\/escolaelfar\/?attachment_id=24022\" data-original-link=\"https:\/\/agora.xtec.cat\/escolaelfar\/wp-content\/uploads\/usu1878\/2025\/11\/1000042022-1-scaled.jpg\" class=\"wp-block-getwid-images-slider__image wp-image-24022\" srcset=\"https:\/\/agora.xtec.cat\/escolaelfar\/wp-content\/uploads\/usu1878\/2025\/11\/1000042022-1-1024x768.jpg 1024w, https:\/\/agora.xtec.cat\/escolaelfar\/wp-content\/uploads\/usu1878\/2025\/11\/1000042022-1-300x225.jpg 300w, https:\/\/agora.xtec.cat\/escolaelfar\/wp-content\/uploads\/usu1878\/2025\/11\/1000042022-1-768x576.jpg 768w, https:\/\/agora.xtec.cat\/escolaelfar\/wp-content\/uploads\/usu1878\/2025\/11\/1000042022-1-1536x1152.jpg 1536w, https:\/\/agora.xtec.cat\/escolaelfar\/wp-content\/uploads\/usu1878\/2025\/11\/1000042022-1-2048x1536.jpg 2048w\" sizes=\"auto, (max-width: 1024px) 100vw, 1024px\" \/><\/figure><\/div><\/div><\/div>\n\n\n\n<p><\/p>\n","protected":false},"excerpt":{"rendered":"<p>Els alumnes de sis\u00e8 han gaudit d\u2019una jornada d\u2019all\u00f2 m\u00e9s enriquidora. Hem visitat la platja de Calella, on ens han [&hellip;]<\/p>\n","protected":false},"author":117,"featured_media":24023,"comment_status":"open","ping_status":"open","sticky":false,"template":"","format":"standard","meta":{"_bbp_topic_count":0,"_bbp_reply_count":0,"_bbp_total_topic_count":0,"_bbp_total_reply_count":0,"_bbp_voice_count":0,"_bbp_anonymous_reply_count":0,"_bbp_topic_count_hidden":0,"_bbp_reply_count_hidden":0,"_bbp_forum_subforum_count":0,"site-sidebar-layout":"default","site-content-layout":"","ast-site-content-layout":"default","site-content-style":"default","site-sidebar-style":"default","ast-global-header-display":"","ast-banner-title-visibility":"","ast-main-header-display":"","ast-hfb-above-header-display":"","ast-hfb-below-header-display":"","ast-hfb-mobile-header-display":"","site-post-title":"","ast-breadcrumbs-content":"","ast-featured-img":"","footer-sml-layout":"","theme-transparent-header-meta":"","adv-header-id-meta":"","stick-header-meta":"","header-above-stick-meta":"","header-main-stick-meta":"","header-below-stick-meta":"","astra-migrate-meta-layouts":"set","ast-page-background-enabled":"default","ast-page-background-meta":{"desktop":{"background-color":"var(--ast-global-color-4)","background-image":"","background-repeat":"repeat","background-position":"center center","background-size":"auto","background-attachment":"scroll","background-type":"","background-media":"","overlay-type":"","overlay-color":"","overlay-opacity":"","overlay-gradient":""},"tablet":{"background-color":"","background-image":"","background-repeat":"repeat","background-position":"center center","background-size":"auto","background-attachment":"scroll","background-type":"","background-media":"","overlay-type":"","overlay-color":"","overlay-opacity":"","overlay-gradient":""},"mobile":{"background-color":"","background-image":"","background-repeat":"repeat","background-position":"center center","background-size":"auto","background-attachment":"scroll","background-type":"","background-media":"","overlay-type":"","overlay-color":"","overlay-opacity":"","overlay-gradient":""}},"ast-content-background-meta":{"desktop":{"background-color":"var(--ast-global-color-5)","background-image":"","background-repeat":"repeat","background-position":"center center","background-size":"auto","background-attachment":"scroll","background-type":"","background-media":"","overlay-type":"","overlay-color":"","overlay-opacity":"","overlay-gradient":""},"tablet":{"background-color":"var(--ast-global-color-5)","background-image":"","background-repeat":"repeat","background-position":"center center","background-size":"auto","background-attachment":"scroll","background-type":"","background-media":"","overlay-type":"","overlay-color":"","overlay-opacity":"","overlay-gradient":""},"mobile":{"background-color":"var(--ast-global-color-5)","background-image":"","background-repeat":"repeat","background-position":"center center","background-size":"auto","background-attachment":"scroll","background-type":"","background-media":"","overlay-type":"","overlay-color":"","overlay-opacity":"","overlay-gradient":""}},"footnotes":""},"categories":[15,5],"tags":[],"class_list":["post-24011","post","type-post","status-publish","format-standard","has-post-thumbnail","hentry","category-6e","category-primaria"],"post_mailing_queue_ids":[],"_links":{"self":[{"href":"https:\/\/agora.xtec.cat\/escolaelfar\/wp-json\/wp\/v2\/posts\/24011","targetHints":{"allow":["GET"]}}],"collection":[{"href":"https:\/\/agora.xtec.cat\/escolaelfar\/wp-json\/wp\/v2\/posts"}],"about":[{"href":"https:\/\/agora.xtec.cat\/escolaelfar\/wp-json\/wp\/v2\/types\/post"}],"author":[{"embeddable":true,"href":"https:\/\/agora.xtec.cat\/escolaelfar\/wp-json\/wp\/v2\/users\/117"}],"replies":[{"embeddable":true,"href":"https:\/\/agora.xtec.cat\/escolaelfar\/wp-json\/wp\/v2\/comments?post=24011"}],"version-history":[{"count":2,"href":"https:\/\/agora.xtec.cat\/escolaelfar\/wp-json\/wp\/v2\/posts\/24011\/revisions"}],"predecessor-version":[{"id":24026,"href":"https:\/\/agora.xtec.cat\/escolaelfar\/wp-json\/wp\/v2\/posts\/24011\/revisions\/24026"}],"wp:featuredmedia":[{"embeddable":true,"href":"https:\/\/agora.xtec.cat\/escolaelfar\/wp-json\/wp\/v2\/media\/24023"}],"wp:attachment":[{"href":"https:\/\/agora.xtec.cat\/escolaelfar\/wp-json\/wp\/v2\/media?parent=24011"}],"wp:term":[{"taxonomy":"category","embeddable":true,"href":"https:\/\/agora.xtec.cat\/escolaelfar\/wp-json\/wp\/v2\/categories?post=24011"},{"taxonomy":"post_tag","embeddable":true,"href":"https:\/\/agora.xtec.cat\/escolaelfar\/wp-json\/wp\/v2\/tags?post=24011"}],"curies":[{"name":"wp","href":"https:\/\/api.w.org\/{rel}","templated":true}]}}