{"id":23533,"date":"2025-03-21T11:53:32","date_gmt":"2025-03-21T10:53:32","guid":{"rendered":"https:\/\/agora.xtec.cat\/escolaelfar\/?p=23533"},"modified":"2025-03-21T12:28:45","modified_gmt":"2025-03-21T11:28:45","slug":"shhh-entre-classes-i-passadissos","status":"publish","type":"post","link":"https:\/\/agora.xtec.cat\/escolaelfar\/portada\/shhh-entre-classes-i-passadissos\/","title":{"rendered":"SHHH! ENTRE CLASSES I PASSADISSOS"},"content":{"rendered":"\n<p>A continuaci\u00f3 us presentem un projecte que s&#8217;est\u00e0 coent des de la coordinaci\u00f3 prim\u00e0ria-secund\u00e0ria dels centres p\u00fablics de Calella (La Minerva, El Far i l&#8217;Institut Bisbe Sivilla) la creaci\u00f3 del p\u00f2dcast: <a href=\"https:\/\/sites.google.com\/xtec.cat\/shhhentreclassesipassadissos\/\">shhh! Entre classes i passadissos<\/a>.\u00a0<\/p>\n\n\n\n<p>El Carnaval \u00e9s una de les festes m\u00e9s esperades de l&#8217;any, i a les nostres escoles de prim\u00e0ria ho celebrem de manera especial! En aquest p\u00f2dcast, volem compartir amb vosaltres com els alumnes i professors de cada un dels nostres tres centres gaudeixen d\u2019aquesta festa plena de colors, disfresses i diversi\u00f3. Des de desfilades, a coreografies fins a activitats creatives, us explicarem com cada escola viu aquest esdeveniment \u00fanic. Acompanyeu-nos i descobriu les tradicions, els moments m\u00e9s divertits i el gran esperit festiu que ens uneix a tots!<\/p>\n\n\n\n<figure class=\"wp-block-image size-large\"><a href=\"https:\/\/drive.google.com\/file\/d\/1iSUo_fMj0obAdsJcjEJROOIsn9jVwGsy\/view\"><img loading=\"lazy\" decoding=\"async\" width=\"1024\" height=\"1024\" src=\"https:\/\/agora.xtec.cat\/escolaelfar\/wp-content\/uploads\/usu1878\/2025\/03\/Portada-para-Podcast-Dia-Internacional-del-Podcast-Moderno-Morado-2-1-1024x1024.png\" alt=\"\" class=\"wp-image-23539\" srcset=\"https:\/\/agora.xtec.cat\/escolaelfar\/wp-content\/uploads\/usu1878\/2025\/03\/Portada-para-Podcast-Dia-Internacional-del-Podcast-Moderno-Morado-2-1-1024x1024.png 1024w, https:\/\/agora.xtec.cat\/escolaelfar\/wp-content\/uploads\/usu1878\/2025\/03\/Portada-para-Podcast-Dia-Internacional-del-Podcast-Moderno-Morado-2-1-300x300.png 300w, https:\/\/agora.xtec.cat\/escolaelfar\/wp-content\/uploads\/usu1878\/2025\/03\/Portada-para-Podcast-Dia-Internacional-del-Podcast-Moderno-Morado-2-1-150x150.png 150w, https:\/\/agora.xtec.cat\/escolaelfar\/wp-content\/uploads\/usu1878\/2025\/03\/Portada-para-Podcast-Dia-Internacional-del-Podcast-Moderno-Morado-2-1-768x768.png 768w, https:\/\/agora.xtec.cat\/escolaelfar\/wp-content\/uploads\/usu1878\/2025\/03\/Portada-para-Podcast-Dia-Internacional-del-Podcast-Moderno-Morado-2-1.png 1280w\" sizes=\"auto, (max-width: 1024px) 100vw, 1024px\" \/><\/a><\/figure>\n","protected":false},"excerpt":{"rendered":"<p>A continuaci\u00f3 us presentem un projecte que s&#8217;est\u00e0 coent des de la coordinaci\u00f3 prim\u00e0ria-secund\u00e0ria dels centres p\u00fablics de Calella (La [&hellip;]<\/p>\n","protected":false},"author":32,"featured_media":23534,"comment_status":"open","ping_status":"open","sticky":true,"template":"","format":"standard","meta":{"_bbp_topic_count":0,"_bbp_reply_count":0,"_bbp_total_topic_count":0,"_bbp_total_reply_count":0,"_bbp_voice_count":0,"_bbp_anonymous_reply_count":0,"_bbp_topic_count_hidden":0,"_bbp_reply_count_hidden":0,"_bbp_forum_subforum_count":0,"site-sidebar-layout":"default","site-content-layout":"","ast-site-content-layout":"default","site-content-style":"default","site-sidebar-style":"default","ast-global-header-display":"","ast-banner-title-visibility":"","ast-main-header-display":"","ast-hfb-above-header-display":"","ast-hfb-below-header-display":"","ast-hfb-mobile-header-display":"","site-post-title":"","ast-breadcrumbs-content":"","ast-featured-img":"","footer-sml-layout":"","theme-transparent-header-meta":"","adv-header-id-meta":"","stick-header-meta":"","header-above-stick-meta":"","header-main-stick-meta":"","header-below-stick-meta":"","astra-migrate-meta-layouts":"set","ast-page-background-enabled":"default","ast-page-background-meta":{"desktop":{"background-color":"var(--ast-global-color-4)","background-image":"","background-repeat":"repeat","background-position":"center center","background-size":"auto","background-attachment":"scroll","background-type":"","background-media":"","overlay-type":"","overlay-color":"","overlay-opacity":"","overlay-gradient":""},"tablet":{"background-color":"","background-image":"","background-repeat":"repeat","background-position":"center center","background-size":"auto","background-attachment":"scroll","background-type":"","background-media":"","overlay-type":"","overlay-color":"","overlay-opacity":"","overlay-gradient":""},"mobile":{"background-color":"","background-image":"","background-repeat":"repeat","background-position":"center center","background-size":"auto","background-attachment":"scroll","background-type":"","background-media":"","overlay-type":"","overlay-color":"","overlay-opacity":"","overlay-gradient":""}},"ast-content-background-meta":{"desktop":{"background-color":"var(--ast-global-color-5)","background-image":"","background-repeat":"repeat","background-position":"center center","background-size":"auto","background-attachment":"scroll","background-type":"","background-media":"","overlay-type":"","overlay-color":"","overlay-opacity":"","overlay-gradient":""},"tablet":{"background-color":"var(--ast-global-color-5)","background-image":"","background-repeat":"repeat","background-position":"center center","background-size":"auto","background-attachment":"scroll","background-type":"","background-media":"","overlay-type":"","overlay-color":"","overlay-opacity":"","overlay-gradient":""},"mobile":{"background-color":"var(--ast-global-color-5)","background-image":"","background-repeat":"repeat","background-position":"center center","background-size":"auto","background-attachment":"scroll","background-type":"","background-media":"","overlay-type":"","overlay-color":"","overlay-opacity":"","overlay-gradient":""}},"footnotes":""},"categories":[4],"tags":[],"class_list":["post-23533","post","type-post","status-publish","format-standard","has-post-thumbnail","hentry","category-portada"],"post_mailing_queue_ids":[],"_links":{"self":[{"href":"https:\/\/agora.xtec.cat\/escolaelfar\/wp-json\/wp\/v2\/posts\/23533","targetHints":{"allow":["GET"]}}],"collection":[{"href":"https:\/\/agora.xtec.cat\/escolaelfar\/wp-json\/wp\/v2\/posts"}],"about":[{"href":"https:\/\/agora.xtec.cat\/escolaelfar\/wp-json\/wp\/v2\/types\/post"}],"author":[{"embeddable":true,"href":"https:\/\/agora.xtec.cat\/escolaelfar\/wp-json\/wp\/v2\/users\/32"}],"replies":[{"embeddable":true,"href":"https:\/\/agora.xtec.cat\/escolaelfar\/wp-json\/wp\/v2\/comments?post=23533"}],"version-history":[{"count":3,"href":"https:\/\/agora.xtec.cat\/escolaelfar\/wp-json\/wp\/v2\/posts\/23533\/revisions"}],"predecessor-version":[{"id":23540,"href":"https:\/\/agora.xtec.cat\/escolaelfar\/wp-json\/wp\/v2\/posts\/23533\/revisions\/23540"}],"wp:featuredmedia":[{"embeddable":true,"href":"https:\/\/agora.xtec.cat\/escolaelfar\/wp-json\/wp\/v2\/media\/23534"}],"wp:attachment":[{"href":"https:\/\/agora.xtec.cat\/escolaelfar\/wp-json\/wp\/v2\/media?parent=23533"}],"wp:term":[{"taxonomy":"category","embeddable":true,"href":"https:\/\/agora.xtec.cat\/escolaelfar\/wp-json\/wp\/v2\/categories?post=23533"},{"taxonomy":"post_tag","embeddable":true,"href":"https:\/\/agora.xtec.cat\/escolaelfar\/wp-json\/wp\/v2\/tags?post=23533"}],"curies":[{"name":"wp","href":"https:\/\/api.w.org\/{rel}","templated":true}]}}