{"id":23487,"date":"2025-10-30T13:58:28","date_gmt":"2025-10-30T12:58:28","guid":{"rendered":"https:\/\/agora.xtec.cat\/escolaelfar\/?p=23487"},"modified":"2026-01-20T16:33:42","modified_gmt":"2026-01-20T15:33:42","slug":"renovacio-consell-escolar","status":"publish","type":"post","link":"https:\/\/agora.xtec.cat\/escolaelfar\/portada\/renovacio-consell-escolar\/","title":{"rendered":"RENOVACI\u00d3 MEMBRES DEL CONSELL ESCOLAR"},"content":{"rendered":"\n<p class=\"has-medium-font-size\">D&#8217;acord amb la Resoluci\u00f3 EDF\/2520\/2025, de 30 de juny, per la qual s&#8217;estableixen el calendari i el r\u00e8gim del proc\u00e9s electoral per renovar els membres dels consells escolars dels centres p\u00fablics i privats sostinguts amb fons p\u00fablics, el proc\u00e9s es desenvolupar\u00e0 el primer trimestre del curs 2025-2026.<\/p>\n\n\n\n<p class=\"has-medium-font-size\">El&nbsp;<strong>proc\u00e9s electoral en els centres p\u00fablics i privats sostinguts amb fons p\u00fablics s\u2019ha de desenvolupar d\u2019acord amb el Decret 102\/2010, de 3 d\u2019agost, d\u2019autonomia dels centres educatius,<\/strong>&nbsp;i s\u2019ha d\u2019ajustar al calendari seg\u00fcent:<\/p>\n\n\n\n<p>\u00b7&nbsp;&nbsp;&nbsp;&nbsp;&nbsp;&nbsp;&nbsp;&nbsp;&nbsp;&nbsp;&nbsp;&nbsp;&nbsp;&nbsp; &nbsp;<strong>Inici del proc\u00e9s:<\/strong>&nbsp;a partir del dia&nbsp;<strong>27 d\u2019octubre de 2025<\/strong>.<\/p>\n\n\n\n<p>\u00b7&nbsp;&nbsp;&nbsp;&nbsp;&nbsp;&nbsp;&nbsp;&nbsp;&nbsp;&nbsp;&nbsp;&nbsp;&nbsp;&nbsp; &nbsp;<strong>Constituci\u00f3 de les meses electorals:<\/strong>&nbsp;abans del dia&nbsp;<strong>10 de novembre de 2025<\/strong>.<\/p>\n\n\n\n<p>\u00b7&nbsp;&nbsp;&nbsp;&nbsp;&nbsp;&nbsp;&nbsp;&nbsp;&nbsp;&nbsp;&nbsp;&nbsp;&nbsp;&nbsp; &nbsp;<strong>Votacions:<\/strong>&nbsp;entre els dies&nbsp;<strong>17 i 21 de novembre de 2025<\/strong>, ambd\u00f3s inclosos.<\/p>\n\n\n\n<p>\u00b7&nbsp;&nbsp;&nbsp;&nbsp;&nbsp;&nbsp;&nbsp;&nbsp;&nbsp;&nbsp;&nbsp;&nbsp;&nbsp;&nbsp; &nbsp;<strong>Constituci\u00f3 del consell escolar i presa de possessi\u00f3 dels seus membres:<\/strong>&nbsp;no m\u00e9s tard del dia&nbsp;<strong>17 de desembre de 2025<\/strong>.<\/p>\n\n\n\n<p class=\"has-medium-font-size\">\u00b7&nbsp;&nbsp;&nbsp;&nbsp;&nbsp;&nbsp;&nbsp;&nbsp;&nbsp;&nbsp;&nbsp;&nbsp;&nbsp;&nbsp; &nbsp;<strong>Comunicaci\u00f3 de la constituci\u00f3 del consell escolar a l\u2019aplicaci\u00f3 RECE:<\/strong>&nbsp;no m\u00e9s tard del dia&nbsp;<strong>19 de desembre de&nbsp;2025<\/strong>.<\/p>\n\n\n\n<p class=\"has-medium-font-size\">El consell escolar del centre \u00e9s l&#8217;\u00f2rgan col\u00b7legiat de participaci\u00f3&nbsp;de la comunitat escolar en el govern del centre.<\/p>\n\n\n\n<p class=\"has-medium-font-size\">En el consell escolar hi ha representats tots els col\u00b7lectius que intervenen en la<br>comunitat educativa: director o directora, professorat, alumnes, personal<br>d&#8217;administraci\u00f3 i serveis, etc.<\/p>\n\n\n\n<p class=\"has-medium-font-size\">En els centres p\u00fablics, la funci\u00f3 principal del consell escolar \u00e9s participar en la<br>presa de decisions en relaci\u00f3 amb aquells temes importants per al funcionament i l&#8217;organitzaci\u00f3 del centre: el projecte educatiu, la programaci\u00f3 general, la gesti\u00f3 econ\u00f2mica, etc.<\/p>\n\n\n\n<p class=\"has-medium-font-size\">Els membres del consell escolar s\u00f3n elegits per un per\u00edode de quatre anys i es<br>renoven per meitats cada dos anys.<\/p>\n\n\n\n<p>Atentament,<\/p>\n\n\n\n<p>L&#8217;equip directiu<\/p>\n\n\n\n<p><a href=\"https:\/\/drive.google.com\/file\/d\/19HGKLvmKUHuNiDjQL8FMSVNfEq8-UHOE\/view?usp=sharing\" target=\"_blank\" rel=\"noreferrer noopener\">Convocat\u00f2ria eleccions al Consell Escolar<\/a><\/p>\n","protected":false},"excerpt":{"rendered":"<p>D&#8217;acord amb la Resoluci\u00f3 EDF\/2520\/2025, de 30 de juny, per la qual s&#8217;estableixen el calendari i el r\u00e8gim del proc\u00e9s [&hellip;]<\/p>\n","protected":false},"author":32,"featured_media":23907,"comment_status":"open","ping_status":"open","sticky":false,"template":"","format":"standard","meta":{"_bbp_topic_count":0,"_bbp_reply_count":0,"_bbp_total_topic_count":0,"_bbp_total_reply_count":0,"_bbp_voice_count":0,"_bbp_anonymous_reply_count":0,"_bbp_topic_count_hidden":0,"_bbp_reply_count_hidden":0,"_bbp_forum_subforum_count":0,"site-sidebar-layout":"default","site-content-layout":"","ast-site-content-layout":"default","site-content-style":"default","site-sidebar-style":"default","ast-global-header-display":"","ast-banner-title-visibility":"","ast-main-header-display":"","ast-hfb-above-header-display":"","ast-hfb-below-header-display":"","ast-hfb-mobile-header-display":"","site-post-title":"","ast-breadcrumbs-content":"","ast-featured-img":"","footer-sml-layout":"","theme-transparent-header-meta":"","adv-header-id-meta":"","stick-header-meta":"","header-above-stick-meta":"","header-main-stick-meta":"","header-below-stick-meta":"","astra-migrate-meta-layouts":"set","ast-page-background-enabled":"default","ast-page-background-meta":{"desktop":{"background-color":"var(--ast-global-color-4)","background-image":"","background-repeat":"repeat","background-position":"center center","background-size":"auto","background-attachment":"scroll","background-type":"","background-media":"","overlay-type":"","overlay-color":"","overlay-opacity":"","overlay-gradient":""},"tablet":{"background-color":"","background-image":"","background-repeat":"repeat","background-position":"center center","background-size":"auto","background-attachment":"scroll","background-type":"","background-media":"","overlay-type":"","overlay-color":"","overlay-opacity":"","overlay-gradient":""},"mobile":{"background-color":"","background-image":"","background-repeat":"repeat","background-position":"center center","background-size":"auto","background-attachment":"scroll","background-type":"","background-media":"","overlay-type":"","overlay-color":"","overlay-opacity":"","overlay-gradient":""}},"ast-content-background-meta":{"desktop":{"background-color":"var(--ast-global-color-5)","background-image":"","background-repeat":"repeat","background-position":"center center","background-size":"auto","background-attachment":"scroll","background-type":"","background-media":"","overlay-type":"","overlay-color":"","overlay-opacity":"","overlay-gradient":""},"tablet":{"background-color":"var(--ast-global-color-5)","background-image":"","background-repeat":"repeat","background-position":"center center","background-size":"auto","background-attachment":"scroll","background-type":"","background-media":"","overlay-type":"","overlay-color":"","overlay-opacity":"","overlay-gradient":""},"mobile":{"background-color":"var(--ast-global-color-5)","background-image":"","background-repeat":"repeat","background-position":"center center","background-size":"auto","background-attachment":"scroll","background-type":"","background-media":"","overlay-type":"","overlay-color":"","overlay-opacity":"","overlay-gradient":""}},"footnotes":""},"categories":[7,4],"tags":[],"class_list":["post-23487","post","type-post","status-publish","format-standard","has-post-thumbnail","hentry","category-afa","category-portada"],"post_mailing_queue_ids":[],"_links":{"self":[{"href":"https:\/\/agora.xtec.cat\/escolaelfar\/wp-json\/wp\/v2\/posts\/23487","targetHints":{"allow":["GET"]}}],"collection":[{"href":"https:\/\/agora.xtec.cat\/escolaelfar\/wp-json\/wp\/v2\/posts"}],"about":[{"href":"https:\/\/agora.xtec.cat\/escolaelfar\/wp-json\/wp\/v2\/types\/post"}],"author":[{"embeddable":true,"href":"https:\/\/agora.xtec.cat\/escolaelfar\/wp-json\/wp\/v2\/users\/32"}],"replies":[{"embeddable":true,"href":"https:\/\/agora.xtec.cat\/escolaelfar\/wp-json\/wp\/v2\/comments?post=23487"}],"version-history":[{"count":6,"href":"https:\/\/agora.xtec.cat\/escolaelfar\/wp-json\/wp\/v2\/posts\/23487\/revisions"}],"predecessor-version":[{"id":23914,"href":"https:\/\/agora.xtec.cat\/escolaelfar\/wp-json\/wp\/v2\/posts\/23487\/revisions\/23914"}],"wp:featuredmedia":[{"embeddable":true,"href":"https:\/\/agora.xtec.cat\/escolaelfar\/wp-json\/wp\/v2\/media\/23907"}],"wp:attachment":[{"href":"https:\/\/agora.xtec.cat\/escolaelfar\/wp-json\/wp\/v2\/media?parent=23487"}],"wp:term":[{"taxonomy":"category","embeddable":true,"href":"https:\/\/agora.xtec.cat\/escolaelfar\/wp-json\/wp\/v2\/categories?post=23487"},{"taxonomy":"post_tag","embeddable":true,"href":"https:\/\/agora.xtec.cat\/escolaelfar\/wp-json\/wp\/v2\/tags?post=23487"}],"curies":[{"name":"wp","href":"https:\/\/api.w.org\/{rel}","templated":true}]}}