{"id":22688,"date":"2023-11-10T16:44:22","date_gmt":"2023-11-10T15:44:22","guid":{"rendered":"https:\/\/agora.xtec.cat\/escolaelfar\/?p=22688"},"modified":"2024-02-05T17:41:06","modified_gmt":"2024-02-05T16:41:06","slug":"jornada-de-portes-obertes-escola-el-far","status":"publish","type":"post","link":"https:\/\/agora.xtec.cat\/escolaelfar\/general\/jornada-de-portes-obertes-escola-el-far\/","title":{"rendered":"ELECCIONS RENOVACI\u00d3 CONSELL ESCOLAR"},"content":{"rendered":"<h2><a href=\"https:\/\/agora.xtec.cat\/escolaelfar\/wp-content\/uploads\/usu1878\/2023\/10\/consell-escolar-1.jpg\">ELECCIONS RENOVACI\u00d3 CONSELL ESCOLAR 2023<\/a><\/h2>\n<h5><a href=\"https:\/\/agora.xtec.cat\/escolaelfar\/wp-content\/uploads\/usu1878\/2023\/10\/consell-escolar-1.jpg\"><br \/>\n<img loading=\"lazy\" decoding=\"async\" class=\"size-full wp-image-22508 aligncenter\" src=\"https:\/\/agora.xtec.cat\/escolaelfar\/wp-content\/uploads\/usu1878\/2023\/10\/consell-escolar-1.jpg\" alt=\"\" width=\"400\" height=\"214\" srcset=\"https:\/\/agora.xtec.cat\/escolaelfar\/wp-content\/uploads\/usu1878\/2023\/10\/consell-escolar-1.jpg 400w, https:\/\/agora.xtec.cat\/escolaelfar\/wp-content\/uploads\/usu1878\/2023\/10\/consell-escolar-1-300x161.jpg 300w\" sizes=\"auto, (max-width: 400px) 100vw, 400px\" \/>Benvolgudes fam\u00edlies,<\/a><\/h5>\n<h6>aquest curs se celebren les eleccions per la renovaci\u00f3 del Consell Escolar. Per aquest motiu us volem fer arribar la informaci\u00f3 necess\u00e0ria per a poder-hi participar com a fam\u00edlies.<\/h6>\n<h6><span style=\"text-decoration: underline;\">Us animem a presentar la vostra candidatura!<\/span><\/h6>\n<p><a href=\"https:\/\/agora.xtec.cat\/escolaelfar\/wp-content\/uploads\/usu1878\/2023\/10\/consell-escolar-2.jpg\"><img loading=\"lazy\" decoding=\"async\" class=\"size-large wp-image-22511 aligncenter\" src=\"https:\/\/agora.xtec.cat\/escolaelfar\/wp-content\/uploads\/usu1878\/2023\/10\/consell-escolar-2-1024x325.jpg\" alt=\"\" width=\"1024\" height=\"325\" srcset=\"https:\/\/agora.xtec.cat\/escolaelfar\/wp-content\/uploads\/usu1878\/2023\/10\/consell-escolar-2-1024x325.jpg 1024w, https:\/\/agora.xtec.cat\/escolaelfar\/wp-content\/uploads\/usu1878\/2023\/10\/consell-escolar-2-300x95.jpg 300w, https:\/\/agora.xtec.cat\/escolaelfar\/wp-content\/uploads\/usu1878\/2023\/10\/consell-escolar-2-768x244.jpg 768w, https:\/\/agora.xtec.cat\/escolaelfar\/wp-content\/uploads\/usu1878\/2023\/10\/consell-escolar-2.jpg 1173w\" sizes=\"auto, (max-width: 1024px) 100vw, 1024px\" \/><\/a><\/p>\n<h6><a href=\"https:\/\/agora.xtec.cat\/escolaelfar\/wp-content\/uploads\/usu1878\/2023\/10\/CONSELL-ESCOLAR-1-1.jpg\"><img loading=\"lazy\" decoding=\"async\" class=\"size-large wp-image-22540 aligncenter\" src=\"https:\/\/agora.xtec.cat\/escolaelfar\/wp-content\/uploads\/usu1878\/2023\/10\/CONSELL-ESCOLAR-1-1-410x1024.jpg\" alt=\"\" width=\"410\" height=\"1024\" srcset=\"https:\/\/agora.xtec.cat\/escolaelfar\/wp-content\/uploads\/usu1878\/2023\/10\/CONSELL-ESCOLAR-1-1-410x1024.jpg 410w, https:\/\/agora.xtec.cat\/escolaelfar\/wp-content\/uploads\/usu1878\/2023\/10\/CONSELL-ESCOLAR-1-1-120x300.jpg 120w, https:\/\/agora.xtec.cat\/escolaelfar\/wp-content\/uploads\/usu1878\/2023\/10\/CONSELL-ESCOLAR-1-1-768x1920.jpg 768w, https:\/\/agora.xtec.cat\/escolaelfar\/wp-content\/uploads\/usu1878\/2023\/10\/CONSELL-ESCOLAR-1-1.jpg 800w\" sizes=\"auto, (max-width: 410px) 100vw, 410px\" \/><\/a><\/h6>\n<h6>CALENDARI<\/h6>\n<p><a href=\"https:\/\/agora.xtec.cat\/escolaelfar\/wp-content\/uploads\/usu1878\/2023\/10\/calendari-eleccions.jpg\"><img loading=\"lazy\" decoding=\"async\" class=\"size-large wp-image-22537 aligncenter\" src=\"https:\/\/agora.xtec.cat\/escolaelfar\/wp-content\/uploads\/usu1878\/2023\/10\/calendari-eleccions-1024x615.jpg\" alt=\"\" width=\"1024\" height=\"615\" srcset=\"https:\/\/agora.xtec.cat\/escolaelfar\/wp-content\/uploads\/usu1878\/2023\/10\/calendari-eleccions-1024x615.jpg 1024w, https:\/\/agora.xtec.cat\/escolaelfar\/wp-content\/uploads\/usu1878\/2023\/10\/calendari-eleccions-300x180.jpg 300w, https:\/\/agora.xtec.cat\/escolaelfar\/wp-content\/uploads\/usu1878\/2023\/10\/calendari-eleccions-768x461.jpg 768w, https:\/\/agora.xtec.cat\/escolaelfar\/wp-content\/uploads\/usu1878\/2023\/10\/calendari-eleccions.jpg 1031w\" sizes=\"auto, (max-width: 1024px) 100vw, 1024px\" \/><\/a><\/p>\n<h6>DOCUMENTACI\u00d3<\/h6>\n<p>&#8211;<a href=\"https:\/\/drive.google.com\/file\/d\/1dfmcP5E7aykvIaLSiXHj2hqpE9eeaoL2\/view?usp=drive_link\">Convocat\u00f2ria<\/a><\/p>\n<p>&#8211;<a href=\"https:\/\/drive.google.com\/file\/d\/1ZuNtmvBfkuVFKIovKQiAlv7rjhKNL2Ji\/view?usp=drive_link\">Presentaci\u00f3 candidatures<\/a><\/p>\n<p>&#8211;<a href=\"https:\/\/drive.google.com\/file\/d\/1kUjR5QN0b_LEwh4IQBW6uc2x3U5Bxkzx\/view?usp=drive_link\">Credencial de candidats\/des<\/a><\/p>\n<p>&#8211;<a href=\"https:\/\/drive.google.com\/file\/d\/17gI87YR3-B7jZgeSkBYk3aSvUJXXu0MO\/view?usp=drive_link\">Supervisor d&#8217;eleccions<\/a><\/p>\n","protected":false},"excerpt":{"rendered":"<p>ELECCIONS RENOVACI\u00d3 CONSELL ESCOLAR 2023 Benvolgudes fam\u00edlies, aquest curs se celebren les eleccions per la renovaci\u00f3 del Consell Escolar. Per [&hellip;]<\/p>\n","protected":false},"author":113,"featured_media":0,"comment_status":"open","ping_status":"closed","sticky":false,"template":"","format":"standard","meta":{"_bbp_topic_count":0,"_bbp_reply_count":0,"_bbp_total_topic_count":0,"_bbp_total_reply_count":0,"_bbp_voice_count":0,"_bbp_anonymous_reply_count":0,"_bbp_topic_count_hidden":0,"_bbp_reply_count_hidden":0,"_bbp_forum_subforum_count":0,"site-sidebar-layout":"default","site-content-layout":"","ast-site-content-layout":"","site-content-style":"default","site-sidebar-style":"default","ast-global-header-display":"","ast-banner-title-visibility":"","ast-main-header-display":"","ast-hfb-above-header-display":"","ast-hfb-below-header-display":"","ast-hfb-mobile-header-display":"","site-post-title":"","ast-breadcrumbs-content":"","ast-featured-img":"","footer-sml-layout":"","theme-transparent-header-meta":"","adv-header-id-meta":"","stick-header-meta":"","header-above-stick-meta":"","header-main-stick-meta":"","header-below-stick-meta":"","astra-migrate-meta-layouts":"default","ast-page-background-enabled":"default","ast-page-background-meta":{"desktop":{"background-color":"var(--ast-global-color-4)","background-image":"","background-repeat":"repeat","background-position":"center center","background-size":"auto","background-attachment":"scroll","background-type":"","background-media":"","overlay-type":"","overlay-color":"","overlay-opacity":"","overlay-gradient":""},"tablet":{"background-color":"","background-image":"","background-repeat":"repeat","background-position":"center center","background-size":"auto","background-attachment":"scroll","background-type":"","background-media":"","overlay-type":"","overlay-color":"","overlay-opacity":"","overlay-gradient":""},"mobile":{"background-color":"","background-image":"","background-repeat":"repeat","background-position":"center center","background-size":"auto","background-attachment":"scroll","background-type":"","background-media":"","overlay-type":"","overlay-color":"","overlay-opacity":"","overlay-gradient":""}},"ast-content-background-meta":{"desktop":{"background-color":"var(--ast-global-color-5)","background-image":"","background-repeat":"repeat","background-position":"center center","background-size":"auto","background-attachment":"scroll","background-type":"","background-media":"","overlay-type":"","overlay-color":"","overlay-opacity":"","overlay-gradient":""},"tablet":{"background-color":"var(--ast-global-color-5)","background-image":"","background-repeat":"repeat","background-position":"center center","background-size":"auto","background-attachment":"scroll","background-type":"","background-media":"","overlay-type":"","overlay-color":"","overlay-opacity":"","overlay-gradient":""},"mobile":{"background-color":"var(--ast-global-color-5)","background-image":"","background-repeat":"repeat","background-position":"center center","background-size":"auto","background-attachment":"scroll","background-type":"","background-media":"","overlay-type":"","overlay-color":"","overlay-opacity":"","overlay-gradient":""}},"footnotes":""},"categories":[1,271,4],"tags":[],"class_list":["post-22688","post","type-post","status-publish","format-standard","hentry","category-general","category-informacions-families","category-portada"],"post_mailing_queue_ids":[],"_links":{"self":[{"href":"https:\/\/agora.xtec.cat\/escolaelfar\/wp-json\/wp\/v2\/posts\/22688","targetHints":{"allow":["GET"]}}],"collection":[{"href":"https:\/\/agora.xtec.cat\/escolaelfar\/wp-json\/wp\/v2\/posts"}],"about":[{"href":"https:\/\/agora.xtec.cat\/escolaelfar\/wp-json\/wp\/v2\/types\/post"}],"author":[{"embeddable":true,"href":"https:\/\/agora.xtec.cat\/escolaelfar\/wp-json\/wp\/v2\/users\/113"}],"replies":[{"embeddable":true,"href":"https:\/\/agora.xtec.cat\/escolaelfar\/wp-json\/wp\/v2\/comments?post=22688"}],"version-history":[{"count":3,"href":"https:\/\/agora.xtec.cat\/escolaelfar\/wp-json\/wp\/v2\/posts\/22688\/revisions"}],"predecessor-version":[{"id":22693,"href":"https:\/\/agora.xtec.cat\/escolaelfar\/wp-json\/wp\/v2\/posts\/22688\/revisions\/22693"}],"wp:attachment":[{"href":"https:\/\/agora.xtec.cat\/escolaelfar\/wp-json\/wp\/v2\/media?parent=22688"}],"wp:term":[{"taxonomy":"category","embeddable":true,"href":"https:\/\/agora.xtec.cat\/escolaelfar\/wp-json\/wp\/v2\/categories?post=22688"},{"taxonomy":"post_tag","embeddable":true,"href":"https:\/\/agora.xtec.cat\/escolaelfar\/wp-json\/wp\/v2\/tags?post=22688"}],"curies":[{"name":"wp","href":"https:\/\/api.w.org\/{rel}","templated":true}]}}