{"id":22636,"date":"2023-12-01T18:14:21","date_gmt":"2023-12-01T17:14:21","guid":{"rendered":"https:\/\/agora.xtec.cat\/escolaelfar\/?p=22636"},"modified":"2023-12-13T16:15:13","modified_gmt":"2023-12-13T15:15:13","slug":"calendari-dadvent-2","status":"publish","type":"post","link":"https:\/\/agora.xtec.cat\/escolaelfar\/infantil\/p4\/calendari-dadvent-2\/","title":{"rendered":"CALENDARI D&#8217;ADVENT"},"content":{"rendered":"<p>Quan arriba el desembre ens agrada molt\u00edssim perqu\u00e8 constru\u00efm el nostre calendari d\u2019advent a la classe amb l&#8217;ajuda de les fam\u00edlies. Aquest any hav\u00edem de decorar unes SOBRES de la manera m\u00e9s\u00a0 m\u00e9s original i divertida que ens passes pel cap.<\/p>\n<p>I\u2026.quina sorpresa m\u00e9s gran quan vam obrir el dia 1. Dins hi havia una dol\u00e7 ben bo i una petita paraula que hav\u00edem de regalar a un company o companya.<\/p>\n<p>Ha estat molt divertit. Ja esperem emocionats que vagin passant els dies.<\/p>\n<div class=\"RY3tic\" data-latest-bg=\"https:\/\/lh3.googleusercontent.com\/pw\/ABLVV84iKET3MuCFl1qFYJXYOVQvYcQ-1yBrTxrdgdTwIeBN1elcLYt1-5V7Dz4i6t5Y4YwDtX94Pm5NFOKzP_DIOejaNL8fxbEEj1yShdYUmq2Qio_0hQDl6xTEN221e-0nP907XjOedcGFoDDqMc-rgjTiaQdKhvhZdqoeYleUzdLVX2EQstis3MywJEQshutwoHx8i_r5xnAcS09aOYcSlAI5i0I-1EfeJbSp-O_BeZ_aBB9VCHez8ZYpLRmjqWtUIYZ3PmhpR7uWb6uJRKh3OzouEzNmIwuWP83P2qi0MrRigFmxpRA1-dAK-jz_P0vA4VPXUmuO8UE4RCVG4bosh4f-0wkxHtuaYC0KkwO8wsv8UL5rWXKjvfdB4pd2mJVwgbWR8Y85Q7TsMQnnDRat7hOavdp78CoT9TjLUC25tvPQVGp1oYP9IQ2cpFH4Q5eD_yHmdgx73c1PvMVXv1Eo2QBtND9gf8JpMxHgWCRHe5I-HQEClNRLwb3nS14S_5YsImdGkQKoHa2YgxjxCZuqveKEUQFQJvMDUxI4vSZyAQG5-LQ2G_9j-R6GWkZVxz6eVJdj86nPmqnpYphdqXiYMgySiWHwhcbExxVSPQXMuy6YVgbT6y-DDNtN2T9mRIXvyGg1R2NpZWIBgWuP4fLKrxlSdBt07K9x1X0zJDTInzlndQ1Ei_RyQUjUAX6QqQJDBsVi232MSP4_anXA0x3BUTVelzSfqdrzNF_T_tVgkr_IkT2cj3JAxEiopUURDZDmf6IhfUUYAJK5yIV_03WAVJ_uG5toXeMdTlz3Axe7nv6X9SmifkxvCYZeSYfY3Er82L3-6j_FUoWTAo-Ao8pSXFRSHDpTBU_RiGoH3c4R1cAYCLxHl6fRQY2zd1w6saRQWiPGmQ0=w154-h274-no?authuser=0\">\n<div class=\"eGiHwc\" aria-hidden=\"true\"><\/div>\n<div class=\"KYCEmd\" aria-hidden=\"true\"><a href=\"https:\/\/agora.xtec.cat\/escolaelfar\/wp-content\/uploads\/usu1878\/2023\/12\/IMG_7474-scaled.jpg\"><img loading=\"lazy\" decoding=\"async\" class=\"alignnone  wp-image-22661\" src=\"https:\/\/agora.xtec.cat\/escolaelfar\/wp-content\/uploads\/usu1878\/2023\/12\/IMG_7474-576x1024.jpg\" alt=\"\" width=\"185\" height=\"329\" srcset=\"https:\/\/agora.xtec.cat\/escolaelfar\/wp-content\/uploads\/usu1878\/2023\/12\/IMG_7474-576x1024.jpg 576w, https:\/\/agora.xtec.cat\/escolaelfar\/wp-content\/uploads\/usu1878\/2023\/12\/IMG_7474-169x300.jpg 169w, https:\/\/agora.xtec.cat\/escolaelfar\/wp-content\/uploads\/usu1878\/2023\/12\/IMG_7474-768x1365.jpg 768w, https:\/\/agora.xtec.cat\/escolaelfar\/wp-content\/uploads\/usu1878\/2023\/12\/IMG_7474-864x1536.jpg 864w, https:\/\/agora.xtec.cat\/escolaelfar\/wp-content\/uploads\/usu1878\/2023\/12\/IMG_7474-1152x2048.jpg 1152w, https:\/\/agora.xtec.cat\/escolaelfar\/wp-content\/uploads\/usu1878\/2023\/12\/IMG_7474-scaled.jpg 1440w\" sizes=\"auto, (max-width: 185px) 100vw, 185px\" \/><\/a><a href=\"https:\/\/agora.xtec.cat\/escolaelfar\/wp-content\/uploads\/usu1878\/2023\/12\/IMG_7703.jpg\"><img loading=\"lazy\" decoding=\"async\" class=\"alignnone  wp-image-22662\" src=\"https:\/\/agora.xtec.cat\/escolaelfar\/wp-content\/uploads\/usu1878\/2023\/12\/IMG_7703.jpg\" alt=\"\" width=\"241\" height=\"321\" srcset=\"https:\/\/agora.xtec.cat\/escolaelfar\/wp-content\/uploads\/usu1878\/2023\/12\/IMG_7703.jpg 475w, https:\/\/agora.xtec.cat\/escolaelfar\/wp-content\/uploads\/usu1878\/2023\/12\/IMG_7703-225x300.jpg 225w\" sizes=\"auto, (max-width: 241px) 100vw, 241px\" \/><\/a><a href=\"https:\/\/agora.xtec.cat\/escolaelfar\/wp-content\/uploads\/usu1878\/2023\/12\/IMG_7477.jpg\"><img loading=\"lazy\" decoding=\"async\" class=\"alignnone  wp-image-22663\" src=\"https:\/\/agora.xtec.cat\/escolaelfar\/wp-content\/uploads\/usu1878\/2023\/12\/IMG_7477.jpg\" alt=\"\" width=\"242\" height=\"322\" srcset=\"https:\/\/agora.xtec.cat\/escolaelfar\/wp-content\/uploads\/usu1878\/2023\/12\/IMG_7477.jpg 475w, https:\/\/agora.xtec.cat\/escolaelfar\/wp-content\/uploads\/usu1878\/2023\/12\/IMG_7477-225x300.jpg 225w\" sizes=\"auto, (max-width: 242px) 100vw, 242px\" \/><\/a><\/div>\n<\/div>\n","protected":false},"excerpt":{"rendered":"<p>Quan arriba el desembre ens agrada molt\u00edssim perqu\u00e8 constru\u00efm el nostre calendari d\u2019advent a la classe amb l&#8217;ajuda de les [&hellip;]<\/p>\n","protected":false},"author":78,"featured_media":0,"comment_status":"open","ping_status":"closed","sticky":false,"template":"","format":"standard","meta":{"_bbp_topic_count":0,"_bbp_reply_count":0,"_bbp_total_topic_count":0,"_bbp_total_reply_count":0,"_bbp_voice_count":0,"_bbp_anonymous_reply_count":0,"_bbp_topic_count_hidden":0,"_bbp_reply_count_hidden":0,"_bbp_forum_subforum_count":0,"site-sidebar-layout":"default","site-content-layout":"","ast-site-content-layout":"","site-content-style":"default","site-sidebar-style":"default","ast-global-header-display":"","ast-banner-title-visibility":"","ast-main-header-display":"","ast-hfb-above-header-display":"","ast-hfb-below-header-display":"","ast-hfb-mobile-header-display":"","site-post-title":"","ast-breadcrumbs-content":"","ast-featured-img":"","footer-sml-layout":"","theme-transparent-header-meta":"","adv-header-id-meta":"","stick-header-meta":"","header-above-stick-meta":"","header-main-stick-meta":"","header-below-stick-meta":"","astra-migrate-meta-layouts":"default","ast-page-background-enabled":"default","ast-page-background-meta":{"desktop":{"background-color":"var(--ast-global-color-4)","background-image":"","background-repeat":"repeat","background-position":"center center","background-size":"auto","background-attachment":"scroll","background-type":"","background-media":"","overlay-type":"","overlay-color":"","overlay-opacity":"","overlay-gradient":""},"tablet":{"background-color":"","background-image":"","background-repeat":"repeat","background-position":"center center","background-size":"auto","background-attachment":"scroll","background-type":"","background-media":"","overlay-type":"","overlay-color":"","overlay-opacity":"","overlay-gradient":""},"mobile":{"background-color":"","background-image":"","background-repeat":"repeat","background-position":"center center","background-size":"auto","background-attachment":"scroll","background-type":"","background-media":"","overlay-type":"","overlay-color":"","overlay-opacity":"","overlay-gradient":""}},"ast-content-background-meta":{"desktop":{"background-color":"var(--ast-global-color-5)","background-image":"","background-repeat":"repeat","background-position":"center center","background-size":"auto","background-attachment":"scroll","background-type":"","background-media":"","overlay-type":"","overlay-color":"","overlay-opacity":"","overlay-gradient":""},"tablet":{"background-color":"var(--ast-global-color-5)","background-image":"","background-repeat":"repeat","background-position":"center center","background-size":"auto","background-attachment":"scroll","background-type":"","background-media":"","overlay-type":"","overlay-color":"","overlay-opacity":"","overlay-gradient":""},"mobile":{"background-color":"var(--ast-global-color-5)","background-image":"","background-repeat":"repeat","background-position":"center center","background-size":"auto","background-attachment":"scroll","background-type":"","background-media":"","overlay-type":"","overlay-color":"","overlay-opacity":"","overlay-gradient":""}},"footnotes":""},"categories":[8],"tags":[],"class_list":["post-22636","post","type-post","status-publish","format-standard","hentry","category-p4"],"post_mailing_queue_ids":[],"_links":{"self":[{"href":"https:\/\/agora.xtec.cat\/escolaelfar\/wp-json\/wp\/v2\/posts\/22636","targetHints":{"allow":["GET"]}}],"collection":[{"href":"https:\/\/agora.xtec.cat\/escolaelfar\/wp-json\/wp\/v2\/posts"}],"about":[{"href":"https:\/\/agora.xtec.cat\/escolaelfar\/wp-json\/wp\/v2\/types\/post"}],"author":[{"embeddable":true,"href":"https:\/\/agora.xtec.cat\/escolaelfar\/wp-json\/wp\/v2\/users\/78"}],"replies":[{"embeddable":true,"href":"https:\/\/agora.xtec.cat\/escolaelfar\/wp-json\/wp\/v2\/comments?post=22636"}],"version-history":[{"count":2,"href":"https:\/\/agora.xtec.cat\/escolaelfar\/wp-json\/wp\/v2\/posts\/22636\/revisions"}],"predecessor-version":[{"id":22664,"href":"https:\/\/agora.xtec.cat\/escolaelfar\/wp-json\/wp\/v2\/posts\/22636\/revisions\/22664"}],"wp:attachment":[{"href":"https:\/\/agora.xtec.cat\/escolaelfar\/wp-json\/wp\/v2\/media?parent=22636"}],"wp:term":[{"taxonomy":"category","embeddable":true,"href":"https:\/\/agora.xtec.cat\/escolaelfar\/wp-json\/wp\/v2\/categories?post=22636"},{"taxonomy":"post_tag","embeddable":true,"href":"https:\/\/agora.xtec.cat\/escolaelfar\/wp-json\/wp\/v2\/tags?post=22636"}],"curies":[{"name":"wp","href":"https:\/\/api.w.org\/{rel}","templated":true}]}}