{"id":22275,"date":"2023-03-29T18:04:54","date_gmt":"2023-03-29T16:04:54","guid":{"rendered":"https:\/\/agora.xtec.cat\/escolaelfar\/?p=22275"},"modified":"2023-04-25T20:32:57","modified_gmt":"2023-04-25T18:32:57","slug":"ens-visita-un-expert-sobre-la-localitat","status":"publish","type":"post","link":"https:\/\/agora.xtec.cat\/escolaelfar\/primaria\/2n\/ens-visita-un-expert-sobre-la-localitat\/","title":{"rendered":"ENS VISITA UN EXPERT SOBRE LA LOCALITAT"},"content":{"rendered":"<p style=\"text-align: left\"><a href=\"https:\/\/agora.xtec.cat\/escolaelfar\/wp-content\/uploads\/usu1878\/2023\/04\/descarga-2.jpg\"><img loading=\"lazy\" decoding=\"async\" class=\" wp-image-22277 aligncenter\" src=\"https:\/\/agora.xtec.cat\/escolaelfar\/wp-content\/uploads\/usu1878\/2023\/04\/descarga-2.jpg\" alt=\"\" width=\"463\" height=\"294\" \/><\/a>Avui hem comptat amb la visita d&#8217;un treballador representant de l&#8217;Arxiu Hist\u00f2ric Municipal de Calella que<span style=\"font-family: inherit;font-size: 1em\"> ens ha mostrat i explicat un munt de curiositats sobre la hist\u00f2ria de la nostra localitat, que estem treballant a medi social. Ha estat molt emocionant poder veure fotografies antigues de Calella, con\u00e8ixer com va sorgir, poder tocar i veure d&#8217;aprop un pergam\u00ed i sobretot mirar fotografies estereosc\u00f2piques!<\/span><\/p>\n<p style=\"text-align: center\"><a href=\"https:\/\/agora.xtec.cat\/escolaelfar\/wp-content\/uploads\/usu1878\/2023\/04\/030_015_004.jpg\"><img loading=\"lazy\" decoding=\"async\" class=\"wp-image-22276 aligncenter\" src=\"https:\/\/agora.xtec.cat\/escolaelfar\/wp-content\/uploads\/usu1878\/2023\/04\/030_015_004.jpg\" alt=\"\" width=\"156\" height=\"104\" srcset=\"https:\/\/agora.xtec.cat\/escolaelfar\/wp-content\/uploads\/usu1878\/2023\/04\/030_015_004.jpg 600w, https:\/\/agora.xtec.cat\/escolaelfar\/wp-content\/uploads\/usu1878\/2023\/04\/030_015_004-300x200.jpg 300w\" sizes=\"auto, (max-width: 156px) 100vw, 156px\" \/><\/a><a href=\"https:\/\/photos.app.goo.gl\/XnoN5RrwMygGgWrA7\">Fotografies de la visita<\/a><\/p>\n","protected":false},"excerpt":{"rendered":"<p>Avui hem comptat amb la visita d&#8217;un treballador representant de l&#8217;Arxiu Hist\u00f2ric Municipal de Calella que ens ha mostrat i [&hellip;]<\/p>\n","protected":false},"author":39,"featured_media":0,"comment_status":"open","ping_status":"closed","sticky":false,"template":"","format":"standard","meta":{"_bbp_topic_count":0,"_bbp_reply_count":0,"_bbp_total_topic_count":0,"_bbp_total_reply_count":0,"_bbp_voice_count":0,"_bbp_anonymous_reply_count":0,"_bbp_topic_count_hidden":0,"_bbp_reply_count_hidden":0,"_bbp_forum_subforum_count":0,"site-sidebar-layout":"default","site-content-layout":"","ast-site-content-layout":"","site-content-style":"default","site-sidebar-style":"default","ast-global-header-display":"","ast-banner-title-visibility":"","ast-main-header-display":"","ast-hfb-above-header-display":"","ast-hfb-below-header-display":"","ast-hfb-mobile-header-display":"","site-post-title":"","ast-breadcrumbs-content":"","ast-featured-img":"","footer-sml-layout":"","theme-transparent-header-meta":"","adv-header-id-meta":"","stick-header-meta":"","header-above-stick-meta":"","header-main-stick-meta":"","header-below-stick-meta":"","astra-migrate-meta-layouts":"default","ast-page-background-enabled":"default","ast-page-background-meta":{"desktop":{"background-color":"var(--ast-global-color-4)","background-image":"","background-repeat":"repeat","background-position":"center center","background-size":"auto","background-attachment":"scroll","background-type":"","background-media":"","overlay-type":"","overlay-color":"","overlay-opacity":"","overlay-gradient":""},"tablet":{"background-color":"","background-image":"","background-repeat":"repeat","background-position":"center center","background-size":"auto","background-attachment":"scroll","background-type":"","background-media":"","overlay-type":"","overlay-color":"","overlay-opacity":"","overlay-gradient":""},"mobile":{"background-color":"","background-image":"","background-repeat":"repeat","background-position":"center center","background-size":"auto","background-attachment":"scroll","background-type":"","background-media":"","overlay-type":"","overlay-color":"","overlay-opacity":"","overlay-gradient":""}},"ast-content-background-meta":{"desktop":{"background-color":"var(--ast-global-color-5)","background-image":"","background-repeat":"repeat","background-position":"center center","background-size":"auto","background-attachment":"scroll","background-type":"","background-media":"","overlay-type":"","overlay-color":"","overlay-opacity":"","overlay-gradient":""},"tablet":{"background-color":"var(--ast-global-color-5)","background-image":"","background-repeat":"repeat","background-position":"center center","background-size":"auto","background-attachment":"scroll","background-type":"","background-media":"","overlay-type":"","overlay-color":"","overlay-opacity":"","overlay-gradient":""},"mobile":{"background-color":"var(--ast-global-color-5)","background-image":"","background-repeat":"repeat","background-position":"center center","background-size":"auto","background-attachment":"scroll","background-type":"","background-media":"","overlay-type":"","overlay-color":"","overlay-opacity":"","overlay-gradient":""}},"footnotes":""},"categories":[11,242],"tags":[299,110,98],"class_list":["post-22275","post","type-post","status-publish","format-standard","hentry","category-2n","category-med2n","tag-femescola","tag-medi-social","tag-segon"],"post_mailing_queue_ids":[],"_links":{"self":[{"href":"https:\/\/agora.xtec.cat\/escolaelfar\/wp-json\/wp\/v2\/posts\/22275","targetHints":{"allow":["GET"]}}],"collection":[{"href":"https:\/\/agora.xtec.cat\/escolaelfar\/wp-json\/wp\/v2\/posts"}],"about":[{"href":"https:\/\/agora.xtec.cat\/escolaelfar\/wp-json\/wp\/v2\/types\/post"}],"author":[{"embeddable":true,"href":"https:\/\/agora.xtec.cat\/escolaelfar\/wp-json\/wp\/v2\/users\/39"}],"replies":[{"embeddable":true,"href":"https:\/\/agora.xtec.cat\/escolaelfar\/wp-json\/wp\/v2\/comments?post=22275"}],"version-history":[{"count":3,"href":"https:\/\/agora.xtec.cat\/escolaelfar\/wp-json\/wp\/v2\/posts\/22275\/revisions"}],"predecessor-version":[{"id":22290,"href":"https:\/\/agora.xtec.cat\/escolaelfar\/wp-json\/wp\/v2\/posts\/22275\/revisions\/22290"}],"wp:attachment":[{"href":"https:\/\/agora.xtec.cat\/escolaelfar\/wp-json\/wp\/v2\/media?parent=22275"}],"wp:term":[{"taxonomy":"category","embeddable":true,"href":"https:\/\/agora.xtec.cat\/escolaelfar\/wp-json\/wp\/v2\/categories?post=22275"},{"taxonomy":"post_tag","embeddable":true,"href":"https:\/\/agora.xtec.cat\/escolaelfar\/wp-json\/wp\/v2\/tags?post=22275"}],"curies":[{"name":"wp","href":"https:\/\/api.w.org\/{rel}","templated":true}]}}