{"id":22010,"date":"2022-11-11T14:11:29","date_gmt":"2022-11-11T13:11:29","guid":{"rendered":"https:\/\/agora.xtec.cat\/escolaelfar\/?p=22010"},"modified":"2022-11-11T14:11:52","modified_gmt":"2022-11-11T13:11:52","slug":"castanyada-2022","status":"publish","type":"post","link":"https:\/\/agora.xtec.cat\/escolaelfar\/infantil\/castanyada-2022\/","title":{"rendered":"CASTANYADA 2022!!!"},"content":{"rendered":"<p>Hem celebrat la Castanyada d&#8217;una forma diferent!<\/p>\n<p>Aquest any ens hem convertit en m\u00fasics i ballarins i tots i totes hem participat en la can\u00e7\u00f3 tocant diferents instruments o ballant.<br \/>\nTots els grups A van interpretar la can\u00e7\u00f3 de &#8220;<strong>La Castanyera<\/strong>&#8221; i tots els grups B la can\u00e7\u00f3 d&#8217;en &#8220;<strong>Marrameu<\/strong>&#8220;.<\/p>\n<p>Aix\u00ed ens ho hem repartit:<br \/>\n\u2728Els nens i nenes de i3, i4 i i5 han sigut els ballarins<br \/>\n\u2728Els de 1r, 2n i 3r han sigut els cantants<br \/>\n\u2728Els de 4t van fer de percussionistes<br \/>\n\u2728 Els de 5\u00e8 van tocar els ukeleles<br \/>\n\u2728Els de 6\u00e8 van tocar xil\u00f2fons, metal\u00b7l\u00f2fons i carrillons<\/p>\n<p>Tots junts vam crear aquest esdeveniment que va ser molt especial!<\/p>\n<p>&nbsp;<\/p>\n<h4><strong><span style=\"color: #993300\">ARRIBADA DE LA CASTANYERA!<\/span><\/strong><\/h4>\n<div class=\"ast-oembed-container \" style=\"height: 100%;\"><iframe loading=\"lazy\" title=\"CASTANYERA AL FAR\" width=\"500\" height=\"281\" src=\"https:\/\/www.youtube.com\/embed\/SWzJxDq7TFY?feature=oembed\" frameborder=\"0\" allow=\"accelerometer; autoplay; clipboard-write; encrypted-media; gyroscope; picture-in-picture; web-share\" referrerpolicy=\"strict-origin-when-cross-origin\" allowfullscreen><\/iframe><\/div>\n<p>&nbsp;<\/p>\n<h4><span style=\"color: #993300\"><strong>CAN\u00c7\u00d3 DE LA CASTANYERA (grups A)<\/strong><\/span><\/h4>\n<div class=\"ast-oembed-container \" style=\"height: 100%;\"><iframe loading=\"lazy\" title=\"CASTANYADA 2022: CAN\u00c7\u00d3 LA CASTANYERA (grups A)\" width=\"500\" height=\"281\" src=\"https:\/\/www.youtube.com\/embed\/wJQRcIHD32Q?feature=oembed\" frameborder=\"0\" allow=\"accelerometer; autoplay; clipboard-write; encrypted-media; gyroscope; picture-in-picture; web-share\" referrerpolicy=\"strict-origin-when-cross-origin\" allowfullscreen><\/iframe><\/div>\n<h4><strong><span style=\"color: #993300\">CAN\u00c7\u00d3 MARRAMEU (grups B)<\/span><\/strong><\/h4>\n<div class=\"ast-oembed-container \" style=\"height: 100%;\"><iframe loading=\"lazy\" title=\"CASTANYADA 2022: CAN\u00c7\u00d3 MARRAMEU (grups B)\" width=\"500\" height=\"281\" src=\"https:\/\/www.youtube.com\/embed\/QlyUwkCBcn0?feature=oembed\" frameborder=\"0\" allow=\"accelerometer; autoplay; clipboard-write; encrypted-media; gyroscope; picture-in-picture; web-share\" referrerpolicy=\"strict-origin-when-cross-origin\" allowfullscreen><\/iframe><\/div>\n<p>&nbsp;<\/p>\n<p>&nbsp;<\/p>\n<p>&nbsp;<\/p>\n","protected":false},"excerpt":{"rendered":"<p>Hem celebrat la Castanyada d&#8217;una forma diferent! Aquest any ens hem convertit en m\u00fasics i ballarins i tots i totes [&hellip;]<\/p>\n","protected":false},"author":36,"featured_media":21971,"comment_status":"open","ping_status":"closed","sticky":false,"template":"","format":"standard","meta":{"_bbp_topic_count":0,"_bbp_reply_count":0,"_bbp_total_topic_count":0,"_bbp_total_reply_count":0,"_bbp_voice_count":0,"_bbp_anonymous_reply_count":0,"_bbp_topic_count_hidden":0,"_bbp_reply_count_hidden":0,"_bbp_forum_subforum_count":0,"site-sidebar-layout":"default","site-content-layout":"","ast-site-content-layout":"","site-content-style":"default","site-sidebar-style":"default","ast-global-header-display":"","ast-banner-title-visibility":"","ast-main-header-display":"","ast-hfb-above-header-display":"","ast-hfb-below-header-display":"","ast-hfb-mobile-header-display":"","site-post-title":"","ast-breadcrumbs-content":"","ast-featured-img":"","footer-sml-layout":"","theme-transparent-header-meta":"","adv-header-id-meta":"","stick-header-meta":"","header-above-stick-meta":"","header-main-stick-meta":"","header-below-stick-meta":"","astra-migrate-meta-layouts":"default","ast-page-background-enabled":"default","ast-page-background-meta":{"desktop":{"background-color":"var(--ast-global-color-4)","background-image":"","background-repeat":"repeat","background-position":"center center","background-size":"auto","background-attachment":"scroll","background-type":"","background-media":"","overlay-type":"","overlay-color":"","overlay-opacity":"","overlay-gradient":""},"tablet":{"background-color":"","background-image":"","background-repeat":"repeat","background-position":"center center","background-size":"auto","background-attachment":"scroll","background-type":"","background-media":"","overlay-type":"","overlay-color":"","overlay-opacity":"","overlay-gradient":""},"mobile":{"background-color":"","background-image":"","background-repeat":"repeat","background-position":"center center","background-size":"auto","background-attachment":"scroll","background-type":"","background-media":"","overlay-type":"","overlay-color":"","overlay-opacity":"","overlay-gradient":""}},"ast-content-background-meta":{"desktop":{"background-color":"var(--ast-global-color-5)","background-image":"","background-repeat":"repeat","background-position":"center center","background-size":"auto","background-attachment":"scroll","background-type":"","background-media":"","overlay-type":"","overlay-color":"","overlay-opacity":"","overlay-gradient":""},"tablet":{"background-color":"var(--ast-global-color-5)","background-image":"","background-repeat":"repeat","background-position":"center center","background-size":"auto","background-attachment":"scroll","background-type":"","background-media":"","overlay-type":"","overlay-color":"","overlay-opacity":"","overlay-gradient":""},"mobile":{"background-color":"var(--ast-global-color-5)","background-image":"","background-repeat":"repeat","background-position":"center center","background-size":"auto","background-attachment":"scroll","background-type":"","background-media":"","overlay-type":"","overlay-color":"","overlay-opacity":"","overlay-gradient":""}},"footnotes":""},"categories":[10,11,12,13,14,15,124,3,8,9,2,74,187,188,189,190,191,192,184,185,186,5],"tags":[],"class_list":["post-22010","post","type-post","status-publish","format-standard","has-post-thumbnail","hentry","category-1r","category-2n","category-3r","category-4t","category-5e","category-6e","category-festes","category-p3","category-p4","category-p5","category-infantil","category-musica","category-musc1","category-musc2","category-musc3","category-musc4","category-musc5","category-musc6","category-muscp3","category-muscp4","category-muscp5","category-primaria"],"post_mailing_queue_ids":[],"_links":{"self":[{"href":"https:\/\/agora.xtec.cat\/escolaelfar\/wp-json\/wp\/v2\/posts\/22010","targetHints":{"allow":["GET"]}}],"collection":[{"href":"https:\/\/agora.xtec.cat\/escolaelfar\/wp-json\/wp\/v2\/posts"}],"about":[{"href":"https:\/\/agora.xtec.cat\/escolaelfar\/wp-json\/wp\/v2\/types\/post"}],"author":[{"embeddable":true,"href":"https:\/\/agora.xtec.cat\/escolaelfar\/wp-json\/wp\/v2\/users\/36"}],"replies":[{"embeddable":true,"href":"https:\/\/agora.xtec.cat\/escolaelfar\/wp-json\/wp\/v2\/comments?post=22010"}],"version-history":[{"count":2,"href":"https:\/\/agora.xtec.cat\/escolaelfar\/wp-json\/wp\/v2\/posts\/22010\/revisions"}],"predecessor-version":[{"id":22022,"href":"https:\/\/agora.xtec.cat\/escolaelfar\/wp-json\/wp\/v2\/posts\/22010\/revisions\/22022"}],"wp:featuredmedia":[{"embeddable":true,"href":"https:\/\/agora.xtec.cat\/escolaelfar\/wp-json\/wp\/v2\/media\/21971"}],"wp:attachment":[{"href":"https:\/\/agora.xtec.cat\/escolaelfar\/wp-json\/wp\/v2\/media?parent=22010"}],"wp:term":[{"taxonomy":"category","embeddable":true,"href":"https:\/\/agora.xtec.cat\/escolaelfar\/wp-json\/wp\/v2\/categories?post=22010"},{"taxonomy":"post_tag","embeddable":true,"href":"https:\/\/agora.xtec.cat\/escolaelfar\/wp-json\/wp\/v2\/tags?post=22010"}],"curies":[{"name":"wp","href":"https:\/\/api.w.org\/{rel}","templated":true}]}}