{"id":21851,"date":"2022-10-27T20:43:18","date_gmt":"2022-10-27T18:43:18","guid":{"rendered":"https:\/\/agora.xtec.cat\/escolaelfar\/?p=21851"},"modified":"2022-10-27T20:43:18","modified_gmt":"2022-10-27T18:43:18","slug":"sortida-al-cram","status":"publish","type":"post","link":"https:\/\/agora.xtec.cat\/escolaelfar\/primaria\/2n\/sortida-al-cram\/","title":{"rendered":"SORTIDA AL CRAM"},"content":{"rendered":"<p>L&#8217;alumnat de 2n hem visitat el CRAM (Centre de Recuperaci\u00f3 d&#8217;Animals Marins) on hem gaudit del taller <strong>&#8220;Les tortugues marines arriben al CRAM&#8221;<\/strong>. En aquesta activitat els infants han pogut descobrir com s\u00f3n les tortugues marines, qu\u00e8 mengen, qu\u00e8 els hi passa a les tortugues que arriben al centre, i qu\u00e8 podem fer per ajudar-les. Tanmateix, hem apr\u00e8s molt sobre la import\u00e0ncia de redu\u00efr el consum de pl\u00e0tics i la necessitat de conservar el medi mar\u00ed.<\/p>\n<p style=\"text-align: center\">Hem gaudit d&#8217;un preci\u00f3s dia plegats\/des!<\/p>\n<p style=\"text-align: center\">Aqu\u00ed teniu una mostra de les imatges del dia:<\/p>\n<p style=\"text-align: center\"><a href=\"https:\/\/photos.app.goo.gl\/jDqJRFcF3Xsi5cpE7\">Fotos CRAM 2nA<\/a><\/p>\n<p style=\"text-align: center\"><a href=\"https:\/\/photos.app.goo.gl\/87dPgVFWStixeLpJ6\">Fotos CRAM 2nB<\/a><\/p>\n<p><a href=\"https:\/\/cram.org\/ca\/\"><img loading=\"lazy\" decoding=\"async\" class=\"wp-image-21952 aligncenter\" src=\"https:\/\/agora.xtec.cat\/escolaelfar\/wp-content\/uploads\/usu1878\/2022\/10\/cram.png\" alt=\"\" width=\"225\" height=\"159\" srcset=\"https:\/\/agora.xtec.cat\/escolaelfar\/wp-content\/uploads\/usu1878\/2022\/10\/cram.png 650w, https:\/\/agora.xtec.cat\/escolaelfar\/wp-content\/uploads\/usu1878\/2022\/10\/cram-300x212.png 300w\" sizes=\"auto, (max-width: 225px) 100vw, 225px\" \/><\/a><\/p>\n","protected":false},"excerpt":{"rendered":"<p>L&#8217;alumnat de 2n hem visitat el CRAM (Centre de Recuperaci\u00f3 d&#8217;Animals Marins) on hem gaudit del taller &#8220;Les tortugues marines [&hellip;]<\/p>\n","protected":false},"author":39,"featured_media":21904,"comment_status":"open","ping_status":"closed","sticky":false,"template":"","format":"standard","meta":{"_bbp_topic_count":0,"_bbp_reply_count":0,"_bbp_total_topic_count":0,"_bbp_total_reply_count":0,"_bbp_voice_count":0,"_bbp_anonymous_reply_count":0,"_bbp_topic_count_hidden":0,"_bbp_reply_count_hidden":0,"_bbp_forum_subforum_count":0,"site-sidebar-layout":"default","site-content-layout":"","ast-site-content-layout":"","site-content-style":"default","site-sidebar-style":"default","ast-global-header-display":"","ast-banner-title-visibility":"","ast-main-header-display":"","ast-hfb-above-header-display":"","ast-hfb-below-header-display":"","ast-hfb-mobile-header-display":"","site-post-title":"","ast-breadcrumbs-content":"","ast-featured-img":"","footer-sml-layout":"","theme-transparent-header-meta":"","adv-header-id-meta":"","stick-header-meta":"","header-above-stick-meta":"","header-main-stick-meta":"","header-below-stick-meta":"","astra-migrate-meta-layouts":"default","ast-page-background-enabled":"default","ast-page-background-meta":{"desktop":{"background-color":"var(--ast-global-color-4)","background-image":"","background-repeat":"repeat","background-position":"center center","background-size":"auto","background-attachment":"scroll","background-type":"","background-media":"","overlay-type":"","overlay-color":"","overlay-opacity":"","overlay-gradient":""},"tablet":{"background-color":"","background-image":"","background-repeat":"repeat","background-position":"center center","background-size":"auto","background-attachment":"scroll","background-type":"","background-media":"","overlay-type":"","overlay-color":"","overlay-opacity":"","overlay-gradient":""},"mobile":{"background-color":"","background-image":"","background-repeat":"repeat","background-position":"center center","background-size":"auto","background-attachment":"scroll","background-type":"","background-media":"","overlay-type":"","overlay-color":"","overlay-opacity":"","overlay-gradient":""}},"ast-content-background-meta":{"desktop":{"background-color":"var(--ast-global-color-5)","background-image":"","background-repeat":"repeat","background-position":"center center","background-size":"auto","background-attachment":"scroll","background-type":"","background-media":"","overlay-type":"","overlay-color":"","overlay-opacity":"","overlay-gradient":""},"tablet":{"background-color":"var(--ast-global-color-5)","background-image":"","background-repeat":"repeat","background-position":"center center","background-size":"auto","background-attachment":"scroll","background-type":"","background-media":"","overlay-type":"","overlay-color":"","overlay-opacity":"","overlay-gradient":""},"mobile":{"background-color":"var(--ast-global-color-5)","background-image":"","background-repeat":"repeat","background-position":"center center","background-size":"auto","background-attachment":"scroll","background-type":"","background-media":"","overlay-type":"","overlay-color":"","overlay-opacity":"","overlay-gradient":""}},"footnotes":""},"categories":[11],"tags":[299,197,109,98],"class_list":["post-21851","post","type-post","status-publish","format-standard","has-post-thumbnail","hentry","category-2n","tag-femescola","tag-gaudim","tag-medi-natural","tag-segon"],"post_mailing_queue_ids":[],"_links":{"self":[{"href":"https:\/\/agora.xtec.cat\/escolaelfar\/wp-json\/wp\/v2\/posts\/21851","targetHints":{"allow":["GET"]}}],"collection":[{"href":"https:\/\/agora.xtec.cat\/escolaelfar\/wp-json\/wp\/v2\/posts"}],"about":[{"href":"https:\/\/agora.xtec.cat\/escolaelfar\/wp-json\/wp\/v2\/types\/post"}],"author":[{"embeddable":true,"href":"https:\/\/agora.xtec.cat\/escolaelfar\/wp-json\/wp\/v2\/users\/39"}],"replies":[{"embeddable":true,"href":"https:\/\/agora.xtec.cat\/escolaelfar\/wp-json\/wp\/v2\/comments?post=21851"}],"version-history":[{"count":4,"href":"https:\/\/agora.xtec.cat\/escolaelfar\/wp-json\/wp\/v2\/posts\/21851\/revisions"}],"predecessor-version":[{"id":21956,"href":"https:\/\/agora.xtec.cat\/escolaelfar\/wp-json\/wp\/v2\/posts\/21851\/revisions\/21956"}],"wp:featuredmedia":[{"embeddable":true,"href":"https:\/\/agora.xtec.cat\/escolaelfar\/wp-json\/wp\/v2\/media\/21904"}],"wp:attachment":[{"href":"https:\/\/agora.xtec.cat\/escolaelfar\/wp-json\/wp\/v2\/media?parent=21851"}],"wp:term":[{"taxonomy":"category","embeddable":true,"href":"https:\/\/agora.xtec.cat\/escolaelfar\/wp-json\/wp\/v2\/categories?post=21851"},{"taxonomy":"post_tag","embeddable":true,"href":"https:\/\/agora.xtec.cat\/escolaelfar\/wp-json\/wp\/v2\/tags?post=21851"}],"curies":[{"name":"wp","href":"https:\/\/api.w.org\/{rel}","templated":true}]}}