{"id":21845,"date":"2022-10-27T20:35:29","date_gmt":"2022-10-27T18:35:29","guid":{"rendered":"https:\/\/agora.xtec.cat\/escolaelfar\/?p=21845"},"modified":"2022-10-27T20:36:27","modified_gmt":"2022-10-27T18:36:27","slug":"taller-dalimentacio","status":"publish","type":"post","link":"https:\/\/agora.xtec.cat\/escolaelfar\/primaria\/2n\/taller-dalimentacio\/","title":{"rendered":"TALLER D&#8217;ALIMENTACI\u00d3"},"content":{"rendered":"<p style=\"text-align: left\">El divendres 7 d&#8217;octubre les dues classes de segon van realitzar un taller sobre saludable. Dues<span style=\"font-weight: 400\"> professionals de l\u2019Hospital de Calella van explicar un conte a trav\u00e9s del qual poder con\u00e8ixer quins s\u00f3n els h\u00e0bits de consum saludable, quins aliments formen part d&#8217;una alimentaci\u00f3 saludable i entre tots vam construir la pir\u00e0mide dels aliments. Tamb\u00e9 ens van convidar a participar en el concurs: dibuixa la teva pir\u00e0mide dels aliments. A classe i pr\u00e8viament, vam treballar els diversos grups alimentaris i els v\u00e0rem classificar dins la roda de l&#8217;alimentaci\u00f3. <\/span><\/p>\n<p style=\"text-align: center\"><span style=\"font-weight: 400\">Trobareu m\u00e9s fotos a l&#8217;enlla\u00e7 del google fotos:<\/span><\/p>\n<p style=\"text-align: center\"><span style=\"font-weight: 400\"> <a href=\"https:\/\/photos.app.goo.gl\/wA6JPbkzWs2EsU9V7\">Taller d&#8217;alimentaci\u00f3 Segon A<\/a> i T<a href=\"https:\/\/photos.app.goo.gl\/EXHPyacwdQW8ia917\">aller d&#8217;alimentaci\u00f3 Segon B<\/a>.<\/span><\/p>\n<p><a href=\"https:\/\/agora.xtec.cat\/escolaelfar\/wp-content\/uploads\/usu1878\/2022\/10\/Piramide_alimentacio_saludable.jpg_1628071798.jpg\"><img loading=\"lazy\" decoding=\"async\" class=\"wp-image-21890 aligncenter\" src=\"https:\/\/agora.xtec.cat\/escolaelfar\/wp-content\/uploads\/usu1878\/2022\/10\/Piramide_alimentacio_saludable.jpg_1628071798.jpg\" alt=\"\" width=\"467\" height=\"331\" \/><\/a><\/p>\n<p>&nbsp;<\/p>\n","protected":false},"excerpt":{"rendered":"<p>El divendres 7 d&#8217;octubre les dues classes de segon van realitzar un taller sobre saludable. Dues professionals de l\u2019Hospital de [&hellip;]<\/p>\n","protected":false},"author":39,"featured_media":0,"comment_status":"open","ping_status":"closed","sticky":false,"template":"","format":"standard","meta":{"_bbp_topic_count":0,"_bbp_reply_count":0,"_bbp_total_topic_count":0,"_bbp_total_reply_count":0,"_bbp_voice_count":0,"_bbp_anonymous_reply_count":0,"_bbp_topic_count_hidden":0,"_bbp_reply_count_hidden":0,"_bbp_forum_subforum_count":0,"site-sidebar-layout":"default","site-content-layout":"","ast-site-content-layout":"","site-content-style":"default","site-sidebar-style":"default","ast-global-header-display":"","ast-banner-title-visibility":"","ast-main-header-display":"","ast-hfb-above-header-display":"","ast-hfb-below-header-display":"","ast-hfb-mobile-header-display":"","site-post-title":"","ast-breadcrumbs-content":"","ast-featured-img":"","footer-sml-layout":"","theme-transparent-header-meta":"","adv-header-id-meta":"","stick-header-meta":"","header-above-stick-meta":"","header-main-stick-meta":"","header-below-stick-meta":"","astra-migrate-meta-layouts":"default","ast-page-background-enabled":"default","ast-page-background-meta":{"desktop":{"background-color":"var(--ast-global-color-4)","background-image":"","background-repeat":"repeat","background-position":"center center","background-size":"auto","background-attachment":"scroll","background-type":"","background-media":"","overlay-type":"","overlay-color":"","overlay-opacity":"","overlay-gradient":""},"tablet":{"background-color":"","background-image":"","background-repeat":"repeat","background-position":"center center","background-size":"auto","background-attachment":"scroll","background-type":"","background-media":"","overlay-type":"","overlay-color":"","overlay-opacity":"","overlay-gradient":""},"mobile":{"background-color":"","background-image":"","background-repeat":"repeat","background-position":"center center","background-size":"auto","background-attachment":"scroll","background-type":"","background-media":"","overlay-type":"","overlay-color":"","overlay-opacity":"","overlay-gradient":""}},"ast-content-background-meta":{"desktop":{"background-color":"var(--ast-global-color-5)","background-image":"","background-repeat":"repeat","background-position":"center center","background-size":"auto","background-attachment":"scroll","background-type":"","background-media":"","overlay-type":"","overlay-color":"","overlay-opacity":"","overlay-gradient":""},"tablet":{"background-color":"var(--ast-global-color-5)","background-image":"","background-repeat":"repeat","background-position":"center center","background-size":"auto","background-attachment":"scroll","background-type":"","background-media":"","overlay-type":"","overlay-color":"","overlay-opacity":"","overlay-gradient":""},"mobile":{"background-color":"var(--ast-global-color-5)","background-image":"","background-repeat":"repeat","background-position":"center center","background-size":"auto","background-attachment":"scroll","background-type":"","background-media":"","overlay-type":"","overlay-color":"","overlay-opacity":"","overlay-gradient":""}},"footnotes":""},"categories":[11,242],"tags":[318,299,317,65,98],"class_list":["post-21845","post","type-post","status-publish","format-standard","hentry","category-2n","category-med2n","tag-alimentacio-saludable","tag-femescola","tag-habits","tag-medi","tag-segon"],"post_mailing_queue_ids":[],"_links":{"self":[{"href":"https:\/\/agora.xtec.cat\/escolaelfar\/wp-json\/wp\/v2\/posts\/21845","targetHints":{"allow":["GET"]}}],"collection":[{"href":"https:\/\/agora.xtec.cat\/escolaelfar\/wp-json\/wp\/v2\/posts"}],"about":[{"href":"https:\/\/agora.xtec.cat\/escolaelfar\/wp-json\/wp\/v2\/types\/post"}],"author":[{"embeddable":true,"href":"https:\/\/agora.xtec.cat\/escolaelfar\/wp-json\/wp\/v2\/users\/39"}],"replies":[{"embeddable":true,"href":"https:\/\/agora.xtec.cat\/escolaelfar\/wp-json\/wp\/v2\/comments?post=21845"}],"version-history":[{"count":3,"href":"https:\/\/agora.xtec.cat\/escolaelfar\/wp-json\/wp\/v2\/posts\/21845\/revisions"}],"predecessor-version":[{"id":21948,"href":"https:\/\/agora.xtec.cat\/escolaelfar\/wp-json\/wp\/v2\/posts\/21845\/revisions\/21948"}],"wp:attachment":[{"href":"https:\/\/agora.xtec.cat\/escolaelfar\/wp-json\/wp\/v2\/media?parent=21845"}],"wp:term":[{"taxonomy":"category","embeddable":true,"href":"https:\/\/agora.xtec.cat\/escolaelfar\/wp-json\/wp\/v2\/categories?post=21845"},{"taxonomy":"post_tag","embeddable":true,"href":"https:\/\/agora.xtec.cat\/escolaelfar\/wp-json\/wp\/v2\/tags?post=21845"}],"curies":[{"name":"wp","href":"https:\/\/api.w.org\/{rel}","templated":true}]}}