{"id":21408,"date":"2022-01-27T12:21:53","date_gmt":"2022-01-27T11:21:53","guid":{"rendered":"https:\/\/agora.xtec.cat\/escolaelfar\/?p=21408"},"modified":"2022-02-25T15:11:53","modified_gmt":"2022-02-25T14:11:53","slug":"noves-instruccions-protocol-covid-19","status":"publish","type":"post","link":"https:\/\/agora.xtec.cat\/escolaelfar\/general\/noves-instruccions-protocol-covid-19\/","title":{"rendered":"NOVES INSTRUCCIONS \u2013 Protocol COVID 19"},"content":{"rendered":"<p><strong><em>* Actualitzaci\u00f3 realitzada 10 de gener de 2022<\/em><\/strong><\/p>\n<p>A partir del document de Adaptaci\u00f3n de las Medidas de Prevenci\u00f3n frente a COVID-19 en centros educativos y de la Gu\u00eda de Actuaci\u00f3n ante la Aparici\u00f3n de Casos de COVID-19 en centros educativos acordats en la Comisi\u00f3n de Salud P\u00fablica de data de gener, s\u2019incorporen les seg\u00fcents novetats en la gesti\u00f3 de casos als centres educatius de Catalunya:<\/p>\n<p><strong>Els canvis respecte del document vigent el 2n trimestre s\u00f3n els seg\u00fcents:<\/strong><\/p>\n<p>1.-<b>\u00a0La fam\u00edlia \/ els tutors\u00a0<\/b>han de verificar, abans d\u2019anar al centre educatiu, l\u2019estat de salut del seu fill o filla i comprovar que no t\u00e9 una temperatura superior als 37,5 \u00baC\u00a0ni\u00a0<b>comen\u00e7a a<\/b>\u00a0presentar (nova aparici\u00f3)\u00a0<b>cap dels s\u00edmptomes compatibles amb la covid-19, encara que<\/b>\u00a0<b>sigui de manera a\u00efllada:<\/b><\/p>\n<p><strong>En cas de presentar simptomatologia compatible, cal que la persona afectada se sotmeti a<\/strong><strong>\u00a0una prova diagn\u00f2stica i no vagi al centre educatiu fins que tingui un resultat negatiu.<\/strong><\/p>\n<p><a href=\"https:\/\/agora.xtec.cat\/escolaelfar\/wp-content\/uploads\/usu1878\/2022\/01\/simptomatologia-COVID-222.jpg\"><img loading=\"lazy\" decoding=\"async\" class=\"alignnone wp-image-21380\" src=\"https:\/\/agora.xtec.cat\/escolaelfar\/wp-content\/uploads\/usu1878\/2022\/01\/simptomatologia-COVID-222.jpg\" sizes=\"auto, (max-width: 674px) 100vw, 674px\" srcset=\"https:\/\/agora.xtec.cat\/escolaelfar\/wp-content\/uploads\/usu1878\/2022\/01\/simptomatologia-COVID-222.jpg 960w, https:\/\/agora.xtec.cat\/escolaelfar\/wp-content\/uploads\/usu1878\/2022\/01\/simptomatologia-COVID-222-300x225.jpg 300w, https:\/\/agora.xtec.cat\/escolaelfar\/wp-content\/uploads\/usu1878\/2022\/01\/simptomatologia-COVID-222-768x576.jpg 768w, https:\/\/agora.xtec.cat\/escolaelfar\/wp-content\/uploads\/usu1878\/2022\/01\/simptomatologia-COVID-222-200x150.jpg 200w\" alt=\"\" width=\"674\" height=\"506\" \/><\/a><\/p>\n<p>Qualsevol s\u00edmptoma incl\u00f2s en el protocol de gesti\u00f3 de casos\u200b \u00e9s compatible amb covid-19. Per tant, davant d\u2019un s\u00edmptoma de nova aparici\u00f3, encara que es presenti de forma a\u00efllada, l\u2019alumne\/a o professional del centre educatiu s\u2019ha de quedar a casa i posar-se en contacte per tel\u00e8fon, o mitjan\u00e7ant La Meva Salut, amb el centre d\u2019atenci\u00f3 prim\u00e0ria perqu\u00e8 li doni les indicacions que escaigui.<\/p>\n<p>2.-\u00a0<b>S\u2019eliminen les quarantenes si hi ha casos espor\u00e0dics a educaci\u00f3 infantil i prim\u00e0ria.<\/b>\u00a0\u00danicament\u00a0<b>s\u2019indicar\u00e0 quarantena quan hi hagi cinc casos o m\u00e9s o un 20%<\/b>\u00a0dels alumnes del grup que hagin donat positiu en un\u00a0<b>per\u00edode de 7 dies<\/b>. En aquest cas, els alumnes immunitzats* n\u2019estaran exempts i nom\u00e9s faran quarantena els alumnes no immunitzats.<\/p>\n<p><i>\u00a0 \u00a0 \u00a0 \u00a0 \u00a0 \u00a0 \u00a0 \u00a0 \u00a0 \u00a0 \u00a0 \u00a0 \u00a0*Es considera alumnat immunitzat aquells infants amb pauta completa de vacunaci\u00f3 o que hagin estat covid positius en els darrers 3 mesos.<\/i><\/p>\n<p>3.- En el cas d\u2019EDUCACI\u00d3 INFANTIL, s\u2019oferir\u00e0 i es recomanar\u00e0 la possibilitat de realitzar d\u2019un test d\u2019ant\u00edgens gratu\u00eft\u00a0 en un punt centralitzat o un centre d\u2019atenci\u00f3 prim\u00e0ria.<\/p>\n<p>4.- Quan hi hagi un cas positiu al grup de conviv\u00e8ncia estable (GCE) a\u00a0PRIM\u00c0RIA, s\u2019oferir\u00e0 i es recomanar\u00e0 la possibilitat de realitzar d\u2019un test d\u2019ant\u00edgens gratu\u00eft a una de les farm\u00e0cies adherides al programa.<\/p>\n<p>La farm\u00e0cia es pot escollir d\u2019entre les que hi ha a les\u00a0<a href=\"https:\/\/canalsalut.gencat.cat\/ca\/salut-a-z\/c\/coronavirus-2019-ncov\/ciutadania\/deteccio-de-casos-i-seguiment-de-contactes\/tar-farmacies\/farmacies-adherides\/\">llistes\u00a0<\/a>que trobareu al canal Salut, al web Escola segura del Departament d\u2019Educaci\u00f3 i al web dels col\u00b7legis farmac\u00e8utics\u00a0 \u00a0 \u00a0 \u00a0 \u00a0 \u00a0 \u00a0 \u00a0 \u00a0 \u00a0 \u00a0 \u00a0 \u00a0 \u00a0 \u00a0 \u00a0 \u00a0provincials. La realitzaci\u00f3 del Test Antigens no t\u00e9 cap cost per a l\u2019usuari.<\/p>\n<p><strong><i>\u00a0 \u00a0 \u00a0 \u00a0 \u00a0 \u00a0 \u00a0 \u00a0 \u00a0 \u00a0 L\u2019alumnat i el professorat que hagin estat positius per covid-19 en els darrers tres mesos (independentment del seu estat vacunal) no s\u2019hauran de fer TAR quan hi hagi\u00a0 \u00a0 \u00a0 \u00a0 \u00a0 \u00a0 \u00a0 \u00a0 \u00a0 \u00a0 \u00a0 \u00a0un cas positiu al grup de conviv\u00e8ncia. Podran continuar anant a l\u2019escola amb normalitat.<\/i><\/strong><\/p>\n<p>5.- El sistema sanitari treballa conjuntament amb l\u2019educatiu per informar els casos i brots i les actuacions necess\u00e0ries.<\/p>\n","protected":false},"excerpt":{"rendered":"<p>* Actualitzaci\u00f3 realitzada 10 de gener de 2022 A partir del document de Adaptaci\u00f3n de las Medidas de Prevenci\u00f3n frente [&hellip;]<\/p>\n","protected":false},"author":80,"featured_media":3087,"comment_status":"open","ping_status":"closed","sticky":false,"template":"","format":"standard","meta":{"_bbp_topic_count":0,"_bbp_reply_count":0,"_bbp_total_topic_count":0,"_bbp_total_reply_count":0,"_bbp_voice_count":0,"_bbp_anonymous_reply_count":0,"_bbp_topic_count_hidden":0,"_bbp_reply_count_hidden":0,"_bbp_forum_subforum_count":0,"site-sidebar-layout":"default","site-content-layout":"","ast-site-content-layout":"","site-content-style":"default","site-sidebar-style":"default","ast-global-header-display":"","ast-banner-title-visibility":"","ast-main-header-display":"","ast-hfb-above-header-display":"","ast-hfb-below-header-display":"","ast-hfb-mobile-header-display":"","site-post-title":"","ast-breadcrumbs-content":"","ast-featured-img":"","footer-sml-layout":"","theme-transparent-header-meta":"","adv-header-id-meta":"","stick-header-meta":"","header-above-stick-meta":"","header-main-stick-meta":"","header-below-stick-meta":"","astra-migrate-meta-layouts":"default","ast-page-background-enabled":"default","ast-page-background-meta":{"desktop":{"background-color":"var(--ast-global-color-4)","background-image":"","background-repeat":"repeat","background-position":"center center","background-size":"auto","background-attachment":"scroll","background-type":"","background-media":"","overlay-type":"","overlay-color":"","overlay-opacity":"","overlay-gradient":""},"tablet":{"background-color":"","background-image":"","background-repeat":"repeat","background-position":"center center","background-size":"auto","background-attachment":"scroll","background-type":"","background-media":"","overlay-type":"","overlay-color":"","overlay-opacity":"","overlay-gradient":""},"mobile":{"background-color":"","background-image":"","background-repeat":"repeat","background-position":"center center","background-size":"auto","background-attachment":"scroll","background-type":"","background-media":"","overlay-type":"","overlay-color":"","overlay-opacity":"","overlay-gradient":""}},"ast-content-background-meta":{"desktop":{"background-color":"var(--ast-global-color-5)","background-image":"","background-repeat":"repeat","background-position":"center center","background-size":"auto","background-attachment":"scroll","background-type":"","background-media":"","overlay-type":"","overlay-color":"","overlay-opacity":"","overlay-gradient":""},"tablet":{"background-color":"var(--ast-global-color-5)","background-image":"","background-repeat":"repeat","background-position":"center center","background-size":"auto","background-attachment":"scroll","background-type":"","background-media":"","overlay-type":"","overlay-color":"","overlay-opacity":"","overlay-gradient":""},"mobile":{"background-color":"var(--ast-global-color-5)","background-image":"","background-repeat":"repeat","background-position":"center center","background-size":"auto","background-attachment":"scroll","background-type":"","background-media":"","overlay-type":"","overlay-color":"","overlay-opacity":"","overlay-gradient":""}},"footnotes":""},"categories":[1],"tags":[],"class_list":["post-21408","post","type-post","status-publish","format-standard","has-post-thumbnail","hentry","category-general"],"post_mailing_queue_ids":[],"_links":{"self":[{"href":"https:\/\/agora.xtec.cat\/escolaelfar\/wp-json\/wp\/v2\/posts\/21408","targetHints":{"allow":["GET"]}}],"collection":[{"href":"https:\/\/agora.xtec.cat\/escolaelfar\/wp-json\/wp\/v2\/posts"}],"about":[{"href":"https:\/\/agora.xtec.cat\/escolaelfar\/wp-json\/wp\/v2\/types\/post"}],"author":[{"embeddable":true,"href":"https:\/\/agora.xtec.cat\/escolaelfar\/wp-json\/wp\/v2\/users\/80"}],"replies":[{"embeddable":true,"href":"https:\/\/agora.xtec.cat\/escolaelfar\/wp-json\/wp\/v2\/comments?post=21408"}],"version-history":[{"count":1,"href":"https:\/\/agora.xtec.cat\/escolaelfar\/wp-json\/wp\/v2\/posts\/21408\/revisions"}],"predecessor-version":[{"id":21409,"href":"https:\/\/agora.xtec.cat\/escolaelfar\/wp-json\/wp\/v2\/posts\/21408\/revisions\/21409"}],"wp:featuredmedia":[{"embeddable":true,"href":"https:\/\/agora.xtec.cat\/escolaelfar\/wp-json\/wp\/v2\/media\/3087"}],"wp:attachment":[{"href":"https:\/\/agora.xtec.cat\/escolaelfar\/wp-json\/wp\/v2\/media?parent=21408"}],"wp:term":[{"taxonomy":"category","embeddable":true,"href":"https:\/\/agora.xtec.cat\/escolaelfar\/wp-json\/wp\/v2\/categories?post=21408"},{"taxonomy":"post_tag","embeddable":true,"href":"https:\/\/agora.xtec.cat\/escolaelfar\/wp-json\/wp\/v2\/tags?post=21408"}],"curies":[{"name":"wp","href":"https:\/\/api.w.org\/{rel}","templated":true}]}}