{"id":2094,"date":"2019-04-29T20:04:02","date_gmt":"2019-04-29T18:04:02","guid":{"rendered":"https:\/\/agora.xtec.cat\/escolaelfar\/?p=2094"},"modified":"2019-11-04T08:51:37","modified_gmt":"2019-11-04T07:51:37","slug":"els-cucs-de-seda-el-cicle-vital-de-la-papallona","status":"publish","type":"post","link":"https:\/\/agora.xtec.cat\/escolaelfar\/infantil\/els-cucs-de-seda-el-cicle-vital-de-la-papallona\/","title":{"rendered":"ELS CUCS DE SEDA  &#8220;El cicle vital de la papallona&#8221;"},"content":{"rendered":"<p><span style=\"color: #000000\">TENIM CUCS DE SEDA !!!\u00a0 <\/span><\/p>\n<p><span style=\"color: #000000\">El curs passat la J\u00falia ens va portar cucs de seda a la classe !!<\/span><\/p>\n<p><a href=\"https:\/\/agora.xtec.cat\/escolaelfar\/wp-content\/uploads\/usu1878\/2019\/04\/IMG_0039.jpg\"><img loading=\"lazy\" decoding=\"async\" class=\"alignnone wp-image-2095\" src=\"https:\/\/agora.xtec.cat\/escolaelfar\/wp-content\/uploads\/usu1878\/2019\/04\/IMG_0039.jpg\" alt=\"\" width=\"335\" height=\"251\" srcset=\"https:\/\/agora.xtec.cat\/escolaelfar\/wp-content\/uploads\/usu1878\/2019\/04\/IMG_0039.jpg 640w, https:\/\/agora.xtec.cat\/escolaelfar\/wp-content\/uploads\/usu1878\/2019\/04\/IMG_0039-300x225.jpg 300w, https:\/\/agora.xtec.cat\/escolaelfar\/wp-content\/uploads\/usu1878\/2019\/04\/IMG_0039-200x150.jpg 200w\" sizes=\"auto, (max-width: 335px) 100vw, 335px\" \/><\/a><\/p>\n<p><span style=\"color: #339966\"><em>1.CUC DE SEDA O LARVA<\/em><\/span><\/p>\n<p>Cada dia els vam anar alimentant amb fulles de morera que agaf\u00e0vem del nostre pati o portaven les fam\u00edlies.<\/p>\n<p>Anaven fent-se grans i forts , fins que un dia van comen\u00e7ar a fer un capoll. Va ser molt\u00a0 emocionant!!<\/p>\n<p><a href=\"https:\/\/agora.xtec.cat\/escolaelfar\/wp-content\/uploads\/usu1878\/2019\/04\/IMG_0155.jpg\"><img loading=\"lazy\" decoding=\"async\" class=\"alignnone wp-image-2096\" src=\"https:\/\/agora.xtec.cat\/escolaelfar\/wp-content\/uploads\/usu1878\/2019\/04\/IMG_0155.jpg\" alt=\"\" width=\"349\" height=\"281\" srcset=\"https:\/\/agora.xtec.cat\/escolaelfar\/wp-content\/uploads\/usu1878\/2019\/04\/IMG_0155.jpg 676w, https:\/\/agora.xtec.cat\/escolaelfar\/wp-content\/uploads\/usu1878\/2019\/04\/IMG_0155-300x241.jpg 300w\" sizes=\"auto, (max-width: 349px) 100vw, 349px\" \/>\u00a0\u00a0 \u00a0 \u00a0 \u00a0 \u00a0 \u00a0 \u00a0 \u00a0 \u00a0\u00a0 \u00a0 <\/a><a href=\"https:\/\/agora.xtec.cat\/escolaelfar\/wp-content\/uploads\/usu1878\/2019\/04\/IMG_6842-1.jpg\"><img loading=\"lazy\" decoding=\"async\" class=\"alignnone wp-image-2100\" src=\"https:\/\/agora.xtec.cat\/escolaelfar\/wp-content\/uploads\/usu1878\/2019\/04\/IMG_6842-1.jpg\" alt=\"\" width=\"302\" height=\"302\" srcset=\"https:\/\/agora.xtec.cat\/escolaelfar\/wp-content\/uploads\/usu1878\/2019\/04\/IMG_6842-1.jpg 640w, https:\/\/agora.xtec.cat\/escolaelfar\/wp-content\/uploads\/usu1878\/2019\/04\/IMG_6842-1-150x150.jpg 150w, https:\/\/agora.xtec.cat\/escolaelfar\/wp-content\/uploads\/usu1878\/2019\/04\/IMG_6842-1-300x300.jpg 300w\" sizes=\"auto, (max-width: 302px) 100vw, 302px\" \/><\/a><\/p>\n<p><span style=\"color: #339966\">2. <em>CRIS\u00c0LIDE\u00a0\u00a0 O\u00a0 CAPOLL<\/em><\/span><\/p>\n<p>Al cap d&#8217; uns dies, d&#8217; aquest capoll\u00a0 va sortir una bonica papallona.<\/p>\n<p><a href=\"https:\/\/agora.xtec.cat\/escolaelfar\/wp-content\/uploads\/usu1878\/2019\/04\/IMG_0157.jpg\"><img loading=\"lazy\" decoding=\"async\" class=\"alignnone wp-image-2098\" src=\"https:\/\/agora.xtec.cat\/escolaelfar\/wp-content\/uploads\/usu1878\/2019\/04\/IMG_0157.jpg\" alt=\"\" width=\"355\" height=\"265\" srcset=\"https:\/\/agora.xtec.cat\/escolaelfar\/wp-content\/uploads\/usu1878\/2019\/04\/IMG_0157.jpg 545w, https:\/\/agora.xtec.cat\/escolaelfar\/wp-content\/uploads\/usu1878\/2019\/04\/IMG_0157-300x224.jpg 300w, https:\/\/agora.xtec.cat\/escolaelfar\/wp-content\/uploads\/usu1878\/2019\/04\/IMG_0157-200x150.jpg 200w\" sizes=\"auto, (max-width: 355px) 100vw, 355px\" \/> \u00a0\u00a0 \u00a0\u00a0\u00a0\u00a0 \u00a0 \u00a0 \u00a0 \u00a0 \u00a0 \u00a0 \u00a0 \u00a0 \u00a0 \u00a0 <\/a><a href=\"https:\/\/agora.xtec.cat\/escolaelfar\/wp-content\/uploads\/usu1878\/2019\/04\/IMG_6845.jpg\"><img loading=\"lazy\" decoding=\"async\" class=\"alignnone wp-image-2101\" src=\"https:\/\/agora.xtec.cat\/escolaelfar\/wp-content\/uploads\/usu1878\/2019\/04\/IMG_6845.jpg\" alt=\"\" width=\"269\" height=\"269\" srcset=\"https:\/\/agora.xtec.cat\/escolaelfar\/wp-content\/uploads\/usu1878\/2019\/04\/IMG_6845.jpg 640w, https:\/\/agora.xtec.cat\/escolaelfar\/wp-content\/uploads\/usu1878\/2019\/04\/IMG_6845-150x150.jpg 150w, https:\/\/agora.xtec.cat\/escolaelfar\/wp-content\/uploads\/usu1878\/2019\/04\/IMG_6845-300x300.jpg 300w\" sizes=\"auto, (max-width: 269px) 100vw, 269px\" \/><\/a><\/p>\n<p><span style=\"color: #339966\">3.<em>\u00a0\u00a0 PAPALLONA\u00a0\u00a0 O\u00a0\u00a0 IMAGO<\/em><\/span><\/p>\n<p><span style=\"color: #339966\">4.\u00a0\u00a0 <em>OU<\/em><\/span><\/p>\n<p>Aquesta va posar uns ous que hem estat guardant fins que ara, quan ha comen\u00e7at la primavera han nascut uns cucs de seda petit\u00edssims que podran seguir el seu cam\u00ed i realitzar un altre cop el seu propi cicle vital.<\/p>\n<p>&nbsp;<\/p>\n<p><a href=\"https:\/\/agora.xtec.cat\/escolaelfar\/wp-content\/uploads\/usu1878\/2019\/04\/IMG_1899.jpg\">\u00a0<img loading=\"lazy\" decoding=\"async\" class=\"alignnone wp-image-2099\" src=\"https:\/\/agora.xtec.cat\/escolaelfar\/wp-content\/uploads\/usu1878\/2019\/04\/IMG_1899.jpg\" alt=\"\" width=\"377\" height=\"283\" srcset=\"https:\/\/agora.xtec.cat\/escolaelfar\/wp-content\/uploads\/usu1878\/2019\/04\/IMG_1899.jpg 640w, https:\/\/agora.xtec.cat\/escolaelfar\/wp-content\/uploads\/usu1878\/2019\/04\/IMG_1899-300x225.jpg 300w, https:\/\/agora.xtec.cat\/escolaelfar\/wp-content\/uploads\/usu1878\/2019\/04\/IMG_1899-200x150.jpg 200w\" sizes=\"auto, (max-width: 377px) 100vw, 377px\" \/><\/a><a href=\"https:\/\/agora.xtec.cat\/escolaelfar\/wp-content\/uploads\/usu1878\/2019\/04\/IMG_0156-1.jpg\"> \u00a0 \u00a0 \u00a0 \u00a0 \u00a0 \u00a0\u00a0 <\/a><a href=\"https:\/\/agora.xtec.cat\/escolaelfar\/wp-content\/uploads\/usu1878\/2019\/04\/IMG_0156-1.jpg\"><img loading=\"lazy\" decoding=\"async\" class=\"alignnone wp-image-2097\" src=\"https:\/\/agora.xtec.cat\/escolaelfar\/wp-content\/uploads\/usu1878\/2019\/04\/IMG_0156-1.jpg\" alt=\"\" width=\"333\" height=\"279\" srcset=\"https:\/\/agora.xtec.cat\/escolaelfar\/wp-content\/uploads\/usu1878\/2019\/04\/IMG_0156-1.jpg 517w, https:\/\/agora.xtec.cat\/escolaelfar\/wp-content\/uploads\/usu1878\/2019\/04\/IMG_0156-1-300x250.jpg 300w\" sizes=\"auto, (max-width: 333px) 100vw, 333px\" \/><\/a><\/p>\n<p>Hem apr\u00e8s molt en aquest seguiment dels nostres cucs i hem investigat i observat tot el cicle vital amb totes les seves fases.<\/p>\n<p><em><span style=\"color: #339966\">\u00a0\u00a0\u00a0\u00a0\u00a0\u00a0 -OU \u00a0 \u00a0 \u00a0 \u00a0 \u00a0 \u00a0 \u00a0 \u00a0 \u00a0 \u00a0 \u00a0 &#8211; ERUGA\u00a0 (larva)\u00a0\u00a0\u00a0\u00a0\u00a0\u00a0\u00a0\u00a0\u00a0\u00a0\u00a0\u00a0\u00a0\u00a0\u00a0\u00a0\u00a0 &#8211;\u00a0 CRIS\u00c0LIDE\u00a0 (capoll)\u00a0\u00a0\u00a0\u00a0\u00a0\u00a0\u00a0 \u00a0 \u00a0 \u00a0\u00a0 \u00a0 &#8211; IMAGO (papallona)<\/span><\/em><\/p>\n<p>&nbsp;<\/p>\n","protected":false},"excerpt":{"rendered":"<p>TENIM CUCS DE SEDA !!!\u00a0 El curs passat la J\u00falia ens va portar cucs de seda a la classe !! [&hellip;]<\/p>\n","protected":false},"author":11,"featured_media":0,"comment_status":"open","ping_status":"closed","sticky":false,"template":"","format":"standard","meta":{"_bbp_topic_count":0,"_bbp_reply_count":0,"_bbp_total_topic_count":0,"_bbp_total_reply_count":0,"_bbp_voice_count":0,"_bbp_anonymous_reply_count":0,"_bbp_topic_count_hidden":0,"_bbp_reply_count_hidden":0,"_bbp_forum_subforum_count":0,"site-sidebar-layout":"default","site-content-layout":"","ast-site-content-layout":"","site-content-style":"default","site-sidebar-style":"default","ast-global-header-display":"","ast-banner-title-visibility":"","ast-main-header-display":"","ast-hfb-above-header-display":"","ast-hfb-below-header-display":"","ast-hfb-mobile-header-display":"","site-post-title":"","ast-breadcrumbs-content":"","ast-featured-img":"","footer-sml-layout":"","theme-transparent-header-meta":"","adv-header-id-meta":"","stick-header-meta":"","header-above-stick-meta":"","header-main-stick-meta":"","header-below-stick-meta":"","astra-migrate-meta-layouts":"default","ast-page-background-enabled":"default","ast-page-background-meta":{"desktop":{"background-color":"var(--ast-global-color-4)","background-image":"","background-repeat":"repeat","background-position":"center center","background-size":"auto","background-attachment":"scroll","background-type":"","background-media":"","overlay-type":"","overlay-color":"","overlay-opacity":"","overlay-gradient":""},"tablet":{"background-color":"","background-image":"","background-repeat":"repeat","background-position":"center center","background-size":"auto","background-attachment":"scroll","background-type":"","background-media":"","overlay-type":"","overlay-color":"","overlay-opacity":"","overlay-gradient":""},"mobile":{"background-color":"","background-image":"","background-repeat":"repeat","background-position":"center center","background-size":"auto","background-attachment":"scroll","background-type":"","background-media":"","overlay-type":"","overlay-color":"","overlay-opacity":"","overlay-gradient":""}},"ast-content-background-meta":{"desktop":{"background-color":"var(--ast-global-color-5)","background-image":"","background-repeat":"repeat","background-position":"center center","background-size":"auto","background-attachment":"scroll","background-type":"","background-media":"","overlay-type":"","overlay-color":"","overlay-opacity":"","overlay-gradient":""},"tablet":{"background-color":"var(--ast-global-color-5)","background-image":"","background-repeat":"repeat","background-position":"center center","background-size":"auto","background-attachment":"scroll","background-type":"","background-media":"","overlay-type":"","overlay-color":"","overlay-opacity":"","overlay-gradient":""},"mobile":{"background-color":"var(--ast-global-color-5)","background-image":"","background-repeat":"repeat","background-position":"center center","background-size":"auto","background-attachment":"scroll","background-type":"","background-media":"","overlay-type":"","overlay-color":"","overlay-opacity":"","overlay-gradient":""}},"footnotes":""},"categories":[9,2],"tags":[175],"class_list":["post-2094","post","type-post","status-publish","format-standard","hentry","category-p5","category-infantil","tag-cicle-vital"],"post_mailing_queue_ids":[],"_links":{"self":[{"href":"https:\/\/agora.xtec.cat\/escolaelfar\/wp-json\/wp\/v2\/posts\/2094","targetHints":{"allow":["GET"]}}],"collection":[{"href":"https:\/\/agora.xtec.cat\/escolaelfar\/wp-json\/wp\/v2\/posts"}],"about":[{"href":"https:\/\/agora.xtec.cat\/escolaelfar\/wp-json\/wp\/v2\/types\/post"}],"author":[{"embeddable":true,"href":"https:\/\/agora.xtec.cat\/escolaelfar\/wp-json\/wp\/v2\/users\/11"}],"replies":[{"embeddable":true,"href":"https:\/\/agora.xtec.cat\/escolaelfar\/wp-json\/wp\/v2\/comments?post=2094"}],"version-history":[{"count":1,"href":"https:\/\/agora.xtec.cat\/escolaelfar\/wp-json\/wp\/v2\/posts\/2094\/revisions"}],"predecessor-version":[{"id":2117,"href":"https:\/\/agora.xtec.cat\/escolaelfar\/wp-json\/wp\/v2\/posts\/2094\/revisions\/2117"}],"wp:attachment":[{"href":"https:\/\/agora.xtec.cat\/escolaelfar\/wp-json\/wp\/v2\/media?parent=2094"}],"wp:term":[{"taxonomy":"category","embeddable":true,"href":"https:\/\/agora.xtec.cat\/escolaelfar\/wp-json\/wp\/v2\/categories?post=2094"},{"taxonomy":"post_tag","embeddable":true,"href":"https:\/\/agora.xtec.cat\/escolaelfar\/wp-json\/wp\/v2\/tags?post=2094"}],"curies":[{"name":"wp","href":"https:\/\/api.w.org\/{rel}","templated":true}]}}