{"id":20747,"date":"2021-06-21T17:33:44","date_gmt":"2021-06-21T15:33:44","guid":{"rendered":"https:\/\/agora.xtec.cat\/escolaelfar\/?p=20747"},"modified":"2021-06-21T17:33:44","modified_gmt":"2021-06-21T15:33:44","slug":"benvingut-estiu-plaers-i-propostes-per-aquest-estiu-2021","status":"publish","type":"post","link":"https:\/\/agora.xtec.cat\/escolaelfar\/primaria\/1r\/benvingut-estiu-plaers-i-propostes-per-aquest-estiu-2021\/","title":{"rendered":"BENVINGUT ESTIU! PLAERS I PROPOSTES PER AQUEST ESTIU 2021"},"content":{"rendered":"<p style=\"text-align: justify;background: white;margin: 0cm 0cm 15.0pt 0cm\"><span style=\"font-family: 'Arial','sans-serif';color: #444444\">Hola nens i nenes del cicle inicial!<\/span><\/p>\n<p style=\"text-align: justify;background: white;margin: 0cm 0cm 15.0pt 0cm\"><span style=\"font-family: 'Arial','sans-serif';color: #444444\">Ja estem entrant a l\u2019estiu, aquesta \u00e8poca de l\u2019any que tant ens agrada a tots i totes! Despr\u00e9s de tot l\u2019esfor\u00e7 i dedicaci\u00f3 que heu fet durant tot el curs, ha arribat el moment de gaudir del temps lliure, de la platja, la companyia de la vostra fam\u00edlia i amistats i fer totes aquelles coses que m\u00e9s ens agraden! Tot aix\u00f2, sense oblidar que en algun moment, tamb\u00e9 cal gaudir d\u2019activitats, per refor\u00e7ar alguns aspectes que hem treballat durant el curs escolar. Activitats divertides que van lligades al nostre dia a dia en aquestes vacances.<\/span><\/p>\n<p style=\"text-align: justify;background: white;margin: 0cm 0cm 15.0pt 0cm\"><span style=\"font-family: 'Arial','sans-serif';color: #444444\">Esperem que us agradin les nostres propostes i els plaers que us adjuntem a continuaci\u00f3:<\/span><\/p>\n<p style=\"background: white;margin: 0cm 0cm 15.0pt 0cm\"><span style=\"font-family: 'Arial','sans-serif';color: #444444\">Enlla\u00e7os de les propostes:<\/span><\/p>\n<p><a href=\"https:\/\/agora.xtec.cat\/escolaelfar\/wp-content\/uploads\/usu1878\/2021\/06\/PROPOSTES-PER-AQUEST-ESTIU.pdf\">PROPOSTES PER AQUEST ESTIU<\/a><\/p>\n<p><a href=\"https:\/\/agora.xtec.cat\/escolaelfar\/wp-content\/uploads\/usu1878\/2021\/06\/PLAERS-ESTIU.pdf\">PLAERS ESTIU<\/a><\/p>\n<p style=\"background: white;margin: 0cm 0cm 15.0pt 0cm\"><span style=\"font-family: 'Arial','sans-serif';color: #444444\">Enlla\u00e7os de les propostes:<\/span><\/p>\n<p style=\"background: white;text-align: start;margin: 0cm 0cm 15.0pt 0cm\"><span style=\"font-family: 'Arial','sans-serif';color: #444444\"><a style=\"line-height: inherit\" href=\"https:\/\/maresipares.cat\/land-art\/\"><b style=\"line-height: inherit\"><span style=\"color: #087eb6;text-decoration: none\">-Gaudim creant obres amb Land Art<\/span><\/b><\/a><\/span><\/p>\n<p style=\"background: white;text-align: start;margin: 0cm 0cm 15.0pt 0cm\"><span style=\"font-family: 'Arial','sans-serif';color: #444444\"><a style=\"line-height: inherit\" href=\"https:\/\/maresipares.cat\/ioga-amb-nens\/\"><b style=\"line-height: inherit\"><span style=\"color: #087eb6;text-decoration: none\">-Fem ioga a l\u2019aire lliure<\/span><\/b><\/a><\/span><\/p>\n<p style=\"background: white;text-align: start;margin: 0cm 0cm 15.0pt 0cm\"><span style=\"font-family: 'Arial','sans-serif';color: #444444\"><a style=\"line-height: inherit\" href=\"https:\/\/maresipares.cat\/jocs-tradicionals\/\"><b style=\"line-height: inherit\"><span style=\"color: #087eb6;text-decoration: none\">-Recuperem els jocs tradicionals<\/span><\/b><\/a><\/span><\/p>\n<p style=\"background: white;text-align: start;margin: 0cm 0cm 15.0pt 0cm\"><span style=\"font-family: 'Arial','sans-serif';color: #444444\"><a style=\"line-height: inherit\" href=\"https:\/\/maresipares.cat\/fem-percussio-corporal-en-familia\/\"><b style=\"line-height: inherit\"><span style=\"color: #087eb6;text-decoration: none\">-Fem percussi\u00f3 corporal<\/span><\/b><\/a><\/span><\/p>\n<p style=\"background: white;text-align: start;margin: 0cm 0cm 15.0pt 0cm\"><span style=\"font-family: 'Arial','sans-serif';color: #444444\"><a style=\"line-height: inherit\" href=\"https:\/\/maresipares.cat\/instruments-musicals\/\"><b style=\"line-height: inherit\"><span style=\"color: #087eb6;text-decoration: none\">-Gaudim construint instruments musicals<\/span><\/b><\/a><\/span><\/p>\n<p style=\"background: white;text-align: start;margin: 0cm 0cm 15.0pt 0cm\"><span style=\"font-family: 'Arial','sans-serif';color: #444444\"><a style=\"line-height: inherit\" href=\"https:\/\/maresipares.cat\/cantar-a-casa\/\"><b style=\"line-height: inherit\"><span style=\"color: #087eb6;text-decoration: none\">-63 Recursos per cantar<\/span><\/b><\/a><\/span><\/p>\n<p style=\"background: white;text-align: start;margin: 0cm 0cm 15.0pt 0cm\"><span style=\"font-family: 'Arial','sans-serif';color: #444444\"><a style=\"line-height: inherit;cursor: pointer\" href=\"https:\/\/natibergada.cat\/curts-magnifics-per-treballar-les-emocions-i-els-valors\"><b style=\"line-height: inherit\"><span style=\"color: #2795b6;text-decoration: none\">-35 curts magn\u00edfics per treballar les emocions i els valors<\/span><\/b><\/a><\/span><\/p>\n<p style=\"background: white;text-align: start;margin: 0cm 0cm 15.0pt 0cm\"><span style=\"font-family: 'Arial','sans-serif';color: #444444\"><a style=\"line-height: inherit\" href=\"https:\/\/maresipares.cat\/8-jocs-increibles-de-paper-i-boligraf\/\"><b style=\"line-height: inherit\"><span style=\"color: #087eb6;text-decoration: none\">-8 jocs Incre\u00efbles de paper i bol\u00edgraf<\/span><\/b><\/a><\/span><\/p>\n<p style=\"background: white;text-align: start;margin: 0cm 0cm 15.0pt 0cm\"><span style=\"font-family: 'Arial','sans-serif';color: #444444\"><a style=\"line-height: inherit\" href=\"https:\/\/maresipares.cat\/endevinalles-animals\/\"><b style=\"line-height: inherit\"><span style=\"color: #087eb6;text-decoration: none\">-Endevina, endevinalla\u2026 Quin animal \u00e9s?<\/span><\/b><\/a><\/span><\/p>\n<p style=\"background: white;text-align: start;margin: 0cm 0cm 15.0pt 0cm\"><span style=\"font-family: 'Arial','sans-serif';color: #444444\"><a style=\"line-height: inherit\" href=\"https:\/\/maresipares.cat\/contes-per-anar-a-dormir\/\"><b style=\"line-height: inherit\"><span style=\"color: #087eb6;text-decoration: none\">-Contes per anar a dormir: 33 contes per als infants<\/span><\/b><\/a><\/span><\/p>\n<p style=\"background: white;margin: 0cm 0cm 15.0pt 0cm\"><span style=\"font-family: 'Arial','sans-serif';color: #444444\">Bones vacances i a gaudir de tots els petits i bonics moments!<\/span><\/p>\n<p style=\"background: white;text-align: start;margin: 0cm 0cm 15.0pt 0cm\"><span style=\"font-family: 'Arial','sans-serif';color: #444444\">Les mestres de cicle inicial<\/span><\/p>\n","protected":false},"excerpt":{"rendered":"<p>Hola nens i nenes del cicle inicial! Ja estem entrant a l\u2019estiu, aquesta \u00e8poca de l\u2019any que tant ens agrada [&hellip;]<\/p>\n","protected":false},"author":39,"featured_media":5267,"comment_status":"open","ping_status":"closed","sticky":false,"template":"","format":"standard","meta":{"_bbp_topic_count":0,"_bbp_reply_count":0,"_bbp_total_topic_count":0,"_bbp_total_reply_count":0,"_bbp_voice_count":0,"_bbp_anonymous_reply_count":0,"_bbp_topic_count_hidden":0,"_bbp_reply_count_hidden":0,"_bbp_forum_subforum_count":0,"site-sidebar-layout":"default","site-content-layout":"","ast-site-content-layout":"","site-content-style":"default","site-sidebar-style":"default","ast-global-header-display":"","ast-banner-title-visibility":"","ast-main-header-display":"","ast-hfb-above-header-display":"","ast-hfb-below-header-display":"","ast-hfb-mobile-header-display":"","site-post-title":"","ast-breadcrumbs-content":"","ast-featured-img":"","footer-sml-layout":"","theme-transparent-header-meta":"","adv-header-id-meta":"","stick-header-meta":"","header-above-stick-meta":"","header-main-stick-meta":"","header-below-stick-meta":"","astra-migrate-meta-layouts":"default","ast-page-background-enabled":"default","ast-page-background-meta":{"desktop":{"background-color":"var(--ast-global-color-4)","background-image":"","background-repeat":"repeat","background-position":"center center","background-size":"auto","background-attachment":"scroll","background-type":"","background-media":"","overlay-type":"","overlay-color":"","overlay-opacity":"","overlay-gradient":""},"tablet":{"background-color":"","background-image":"","background-repeat":"repeat","background-position":"center center","background-size":"auto","background-attachment":"scroll","background-type":"","background-media":"","overlay-type":"","overlay-color":"","overlay-opacity":"","overlay-gradient":""},"mobile":{"background-color":"","background-image":"","background-repeat":"repeat","background-position":"center center","background-size":"auto","background-attachment":"scroll","background-type":"","background-media":"","overlay-type":"","overlay-color":"","overlay-opacity":"","overlay-gradient":""}},"ast-content-background-meta":{"desktop":{"background-color":"var(--ast-global-color-5)","background-image":"","background-repeat":"repeat","background-position":"center center","background-size":"auto","background-attachment":"scroll","background-type":"","background-media":"","overlay-type":"","overlay-color":"","overlay-opacity":"","overlay-gradient":""},"tablet":{"background-color":"var(--ast-global-color-5)","background-image":"","background-repeat":"repeat","background-position":"center center","background-size":"auto","background-attachment":"scroll","background-type":"","background-media":"","overlay-type":"","overlay-color":"","overlay-opacity":"","overlay-gradient":""},"mobile":{"background-color":"var(--ast-global-color-5)","background-image":"","background-repeat":"repeat","background-position":"center center","background-size":"auto","background-attachment":"scroll","background-type":"","background-media":"","overlay-type":"","overlay-color":"","overlay-opacity":"","overlay-gradient":""}},"footnotes":""},"categories":[10,11],"tags":[],"class_list":["post-20747","post","type-post","status-publish","format-standard","has-post-thumbnail","hentry","category-1r","category-2n"],"post_mailing_queue_ids":[],"_links":{"self":[{"href":"https:\/\/agora.xtec.cat\/escolaelfar\/wp-json\/wp\/v2\/posts\/20747","targetHints":{"allow":["GET"]}}],"collection":[{"href":"https:\/\/agora.xtec.cat\/escolaelfar\/wp-json\/wp\/v2\/posts"}],"about":[{"href":"https:\/\/agora.xtec.cat\/escolaelfar\/wp-json\/wp\/v2\/types\/post"}],"author":[{"embeddable":true,"href":"https:\/\/agora.xtec.cat\/escolaelfar\/wp-json\/wp\/v2\/users\/39"}],"replies":[{"embeddable":true,"href":"https:\/\/agora.xtec.cat\/escolaelfar\/wp-json\/wp\/v2\/comments?post=20747"}],"version-history":[{"count":1,"href":"https:\/\/agora.xtec.cat\/escolaelfar\/wp-json\/wp\/v2\/posts\/20747\/revisions"}],"predecessor-version":[{"id":20750,"href":"https:\/\/agora.xtec.cat\/escolaelfar\/wp-json\/wp\/v2\/posts\/20747\/revisions\/20750"}],"wp:featuredmedia":[{"embeddable":true,"href":"https:\/\/agora.xtec.cat\/escolaelfar\/wp-json\/wp\/v2\/media\/5267"}],"wp:attachment":[{"href":"https:\/\/agora.xtec.cat\/escolaelfar\/wp-json\/wp\/v2\/media?parent=20747"}],"wp:term":[{"taxonomy":"category","embeddable":true,"href":"https:\/\/agora.xtec.cat\/escolaelfar\/wp-json\/wp\/v2\/categories?post=20747"},{"taxonomy":"post_tag","embeddable":true,"href":"https:\/\/agora.xtec.cat\/escolaelfar\/wp-json\/wp\/v2\/tags?post=20747"}],"curies":[{"name":"wp","href":"https:\/\/api.w.org\/{rel}","templated":true}]}}