{"id":20739,"date":"2022-06-20T09:00:05","date_gmt":"2022-06-20T07:00:05","guid":{"rendered":"https:\/\/agora.xtec.cat\/escolaelfar\/?p=20739"},"modified":"2022-06-20T17:31:47","modified_gmt":"2022-06-20T15:31:47","slug":"recomanacions-destiu-cicle-mitja-2","status":"publish","type":"post","link":"https:\/\/agora.xtec.cat\/escolaelfar\/primaria\/3r\/recomanacions-destiu-cicle-mitja-2\/","title":{"rendered":"RECOMANACIONS D\u2019ESTIU CICLE MITJ\u00c0"},"content":{"rendered":"<h1 class=\"entry-title\" style=\"text-align: center;\">RECOMANACIONS D\u2019ESTIU CICLE MITJ\u00c0.<\/h1>\n<p>Bones noies i nois teniu els quaderns per anar acabant al llarg de l\u2019estiu. I a part us deixem un munt d\u2019activitats per poder gaudir, tant individualment com en grup.<\/p>\n<p>L\u2019estiu \u00e9s un moment ideal per fer <strong>activitats educatives<\/strong> molt enriquidores i que no es poden fer al llarg \u00a0del curs escolar a causa de la manca de temps.<\/p>\n<p>El m\u00e9s recomanable \u00e9s que els alumnes no desconnectin totalment durant les vacances, sin\u00f3 que segueixin fent activitats que\u00a0<strong>potenci\u00efn les seves capacitats intel\u00b7lectuals,\u00a0<\/strong>per\u00f2 ho poden fer de manera molt m\u00e9s\u00a0<strong>l\u00fadica i vivencial.<\/strong><\/p>\n<p><strong>\u00a0\u00a0\u00a0 Activitats educatives:<\/strong><\/p>\n<ul>\n<li>Fer un\u00a0<strong><u>diari de les vacances (Llengua<\/u><\/strong>) Explicar el que fem a les vacances i afegir fotos, dibuixos, enganxar entrades o tiquets de les activitats que es realitzen.<\/li>\n<li><strong><u>Llegir<\/u><\/strong>: contes, llibres, revistes, c\u00f2mics, cartells que et trobes pel carrer, tr\u00edptics\u2026 (Llengua i educaci\u00f3 en valors). Intercanviar llibres\/contes amb els amics.<\/li>\n<li>Descobrir i visitar\u00a0<a href=\"http:\/\/museus.cultura.gencat.cat\/\"><strong>museus <\/strong><\/a>(Aprenentatge interdisciplinari)<\/li>\n<li>Anar a la\u00a0<a href=\"http:\/\/biblioteques.gencat.cat\/ca\/\"><strong>biblioteca <\/strong><\/a>(Aprenentatge interdisciplinari)<\/li>\n<li>Mirar\u00a0<strong>pel\u00b7l\u00edcules <\/strong>educatives i\u00a0<strong>documentals<\/strong>\u00a0en diferents idiomes (Llengua)<\/li>\n<li>Jugar a\u00a0<strong>jocs de taula<\/strong>: Parx\u00eds, escacs, d\u00f2mino, l\u2019oca, jocs de cartes, Rummikub, Scrabble, Monopoli\u2026 (Aprenentatge competencial i treball en equip)<\/li>\n<li>Fer\u00a0<strong>polseres<\/strong>. (Pl\u00e0stica) Muntar una parada de polseres amb els amics perqu\u00e8 aprenguin el valor dels diners i treballin els euros (Matem\u00e0tiques)<\/li>\n<li>Muntar puzles<strong>, maquetes, Lego, rob\u00f2tica<\/strong>\u00a0\u2026\u00a0\u00a0(L\u00f2gica i matem\u00e0tiques)<\/li>\n<li>Escoltar diferents estils de\u00a0<strong>m\u00fasica i<\/strong>\u00a0<strong>ballar<\/strong>\u00a0(M\u00fasica)<\/li>\n<li>Inventar i representar una\u00a0<strong>obre de teatre <\/strong>amb els amics\/gues\u00a0(Llengua, aprenentatge competencial i treball en equip)<\/li>\n<li>Escriure un <strong>conte<\/strong>\u00a0o un\u00a0<strong>c\u00f2mic<\/strong>\u00a0(Llengua)<\/li>\n<li>Pintar i decorar pedres (Pl\u00e0stica)<\/li>\n<li>Envia una\u00a0<strong>postal <\/strong>a algun amic\/ga (Llengua)<\/li>\n<\/ul>\n<p><strong>\u00a0\u00a0\u00a0\u00a0 Activitats a l\u2019aire lliure:<\/strong><\/p>\n<ul>\n<li><strong>Banyar-se <\/strong>a la platja,\u00a0 a la piscina, al riu, en un llac \u2026 (Educaci\u00f3 f\u00edsica, descoberta de l\u2019entorn)<\/li>\n<li>Fer\u00a0<strong>dibuixos al natural (Pl\u00e0stica<\/strong>\u00a0i Medi)<\/li>\n<li><b>Excursions a<\/b> peu (Medi: orientaci\u00f3 en el mapa i \u00fas de la br\u00faixola)<\/li>\n<li><a href=\"http:\/\/www.sortirambnens.com\/excursions-amb-nens\/rutes-en-bicicleta-per-a-nens\"><strong>Sortides amb <\/strong><\/a><b>bicicleta (Medi<\/b>: Orientaci\u00f3 en el mapa)<\/li>\n<li>Descobrir gran diversitat de <b>parcs (Medi<\/b>:\u00a0Orientaci\u00f3 en el mapa)<\/li>\n<li>Observar\u00a0<strong>insectes i animals <\/strong>en el seu h\u00e0bitat natural (Medi)<\/li>\n<li>Fer\u00a0<strong>jocs d\u2019aigua<\/strong>: globus, pistoles d\u2019aigua, xeringues, galledes, esponges, m\u00e0nega \u2026 (Educaci\u00f3 f\u00edsica)<\/li>\n<li>Sortir a\u00a0<strong>fer volar un estel (Aprenentatge<\/strong>\u00a0competencial)<\/li>\n<li>Construir un\u00a0<strong>castell de sorra <\/strong>a la platja (Aprenentatge competencial)<\/li>\n<li><a href=\"http:\/\/www.xtec.cat\/serveis\/crp\/e3990106\/recursos\/Curs%202011-2012\/guia_hort_escolar.pdf\"><strong>Jardineria<\/strong><\/a>: Plantar plantes, regar, fer un hort\u2026 (Medi)<\/li>\n<li>Descobrir amb un telescopi les\u00a0<a href=\"http:\/\/www.recercaenaccio.cat\/jocs-i-recursos-educatius\/juga-a-reconeixer-les-constel%C2%B7lacions-2\/\"><strong>estrelles, les constel\u00b7lacions, veure estels fuga\u00e7os<\/strong><\/a>\u2026 (Medi)<\/li>\n<li>Construir una <strong>cabana<\/strong>, tenda<strong>\u00a0de campanya<\/strong>\u00a0(Aprenentatge competencial i treball en equip)<\/li>\n<li>Fer <b>fotografies de<\/b>\u00a0l\u2019entorn, de les mateixes viv\u00e8ncies\u2026 (Pl\u00e0stica i Medi)<\/li>\n<li>Fer una\u00a0<strong>caminada nocturna (Medi<\/strong>\u00a0Natural)<\/li>\n<li><strong>Viatjar<\/strong>: Fer el llistat de qu\u00e8 necessitem (Llengua), descobrir la zona on anirem de vacances i preparar possibles activitats a fer\u00a0(Aprenentatge competencial)<\/li>\n<li>Fer\u00a0<strong>esports d\u2019aigua<\/strong>: Kayak, p\u00e0del surf, snorkel, r\u00e0fting\u2026 (Educaci\u00f3 f\u00edsica)<\/li>\n<li>Fer<strong> esport<\/strong>: futbol, tenis, b\u00e0squet \u2026 (Educaci\u00f3 f\u00edsica, els valors de l\u2019esport \u2026)<\/li>\n<li><strong>Joc lliure <\/strong>en el qual els infants inventin, improvisin, experimentin, provin, descobreixin\u2026\u00a0(Aprenentatge competencial).<\/li>\n<\/ul>\n<p><strong>\u00a0\u00a0\u00a0\u00a0 Activitats d\u2019experimentaci\u00f3:<\/strong><\/p>\n<ul>\n<li><strong>Experimentar <\/strong>amb diferents elements<strong>:<\/strong> sorra, aigua, gel, fang, plastilina, gelatina, colorants \u2026 (Activitat manipulativa i pl\u00e0stica)<\/li>\n<li>Crear un <b style=\"font-family: inherit; font-size: 1em;\">h\u00e0bitat i<\/b><span style=\"font-family: inherit; font-size: 1em;\"> estudiar algun animal: cap gros, grills, insecte pal, peixos, papallones, caragols<\/span>\u2026 Cuidar-los durant uns dies i descobrir com s\u00f3n, qu\u00e8 mengen, com es reprodueixen\u2026 (Medi)<\/li>\n<li><strong>Crear composicions<\/strong> musicals (M\u00fasica)<\/li>\n<li><strong>Fer experiments: Pot<\/strong>\u00a0ser \u00fatil veure els experiments del\u00a0<a href=\"http:\/\/www.ccma.cat\/tv3\/super3\/dinamiks\/\">Din\u00e0miks<\/a>\u00a0(Medi Natural)<\/li>\n<li><strong>Land art<\/strong>: elaborar obres d\u2019art contempor\u00e0nies amb elements de la natura. Pots veure aquest\u00a0<a href=\"https:\/\/www.youtube.com\/watch?v=-uogghhc_EA\"><strong>v\u00eddeo<\/strong><\/a>.(Pl\u00e0stica i Medi)<\/li>\n<li>Fer v\u00eddeos amb la t\u00e8cnica\u00a0<a href=\"https:\/\/ca.wikipedia.org\/wiki\/Stop-motion\"><strong>stop motion <\/strong><\/a>(Aprenentatge interdisciplinari)<\/li>\n<li>Elaborar una\u00a0<strong>maqueta <\/strong>(Activitat manipulativa i pl\u00e0stica, aprenentatge interdisciplinari)<\/li>\n<\/ul>\n<p><strong>\u00a0\u00a0\u00a0 Activitats dom\u00e8stiques:<\/strong><\/p>\n<ul>\n<li><strong>Anar a comprar<\/strong>: Fer la llista de qu\u00e8 cal comprar (Llengua) i saber pagar i calcular\u00a0el canvi (Matem\u00e0tiques)<\/li>\n<li><strong>Cuinar<\/strong>: Seguir una recepta entenent cada pas (Llengua: lectura i comprensi\u00f3 lectora) i mesurar les quantitats que diu la recepta (Matem\u00e0tiques: calcular les mesures amb la balan\u00e7a). Es poden fer receptes senzilles com: gelats, granissats, batuts, gelatina, truites, galetes, magdalenes, pastissos \u2026<\/li>\n<li>Ajudar en la neteja\u00a0i les\u00a0<strong>taques de casa<\/strong>: parar taula, ordenar i netejar l\u2019habitaci\u00f3, llen\u00e7ar la deixalla al contenidor, rentar els plats\u2026 (Aprenentatge competencial)<\/li>\n<\/ul>\n<p><strong>\u00a0\u00a0\u00a0 Altres activitats recomanables:<\/strong><\/p>\n<ul>\n<li>Anar a\u00a0<strong>jugar i\/o dormir <\/strong>a casa d\u2019un amic\/ga.<\/li>\n<li>Sortir a\u00a0<strong>dinar\/sopar <\/strong>amb la fam\u00edlia.<\/li>\n<li>Descobrir algun <strong>poble<\/strong><\/li>\n<li>Anar a veure una pel\u00b7l\u00edcula de\u00a0<strong>cinema a la fresca.<\/strong><\/li>\n<li>Fer alguna cosa per\u00a0<strong>cuidar el planeta: reciclar<\/strong>, recollir un paper\u2026<\/li>\n<li>Tastar alguna\u00a0<strong>fruita nova.<\/strong><\/li>\n<li>Visitar una\u00a0<strong>Festa Major o Fira <\/strong>d\u2019algun poble.<\/li>\n<li><strong>Cantar i ballar <\/strong>molt!<\/li>\n<li>Explicar\u00a0<strong>acudits<\/strong>.<\/li>\n<li>Fer algun\u00a0<strong>amic\/ga nou.<\/strong><\/li>\n<li>Intentar cada dia <strong>ajudar<\/strong>\u00a0a alg\u00fa.<\/li>\n<li><strong>Riure <\/strong>cada dia fins que et facin mal les galtes.<\/li>\n<li><strong>Abra\u00e7ar <\/strong>molt a la gent que estimes.<\/li>\n<\/ul>\n<h4><strong>\u00a0\u00a0\u00a0 Conclusi\u00f3:<\/strong><\/h4>\n<p>Les vacances d\u2019estiu s\u00f3n un bon moment per gaudir de la natura, l\u2019oci, els amics, la fam\u00edlia, el bon temps \u2026 Alhora\u00a0 tamb\u00e9 \u00e9s un moment ideal per treballar gran varietat de <strong>continguts\u00a0educatius<\/strong> de manera totalment <strong>diferent i l\u00fadica. <\/strong>Aprendre no va lligat a avorrir-se, sin\u00f3 que al contrari, quan m\u00e9s b\u00e9 s\u2019ho passen els infants descobrint, experimentant, provant \u2026 m\u00e9s aprenen. <strong>L\u2019estiu <\/strong><strong>\u00e9s un moment ideal per gaudir aprenent<\/strong>.<\/p>\n<p>En definitiva aprofiteu aquesta ocasi\u00f3 per gaudir\u00a0 \u00a0i per <strong>aprendre amb les vostres filles i els <\/strong><strong>vostres fills\u00a0 \u00a0 \u00a0 amb les \u00a0vostres mares i els<\/strong><strong>\u00a0vostres pares!<\/strong><\/p>\n<p>&nbsp;<\/p>\n<p style=\"text-align: center;\"><strong>Us recordem que pel curs vinent 21-22, els\/les vostres fills han de portar:<\/strong><\/p>\n<p style=\"text-align: center;\"><strong><u>UN PAQUET DE TOVALLOLETES GRAN\u00a0 I UN PAQUET DE MOCADORS GRAN<\/u><\/strong><\/p>\n<p style=\"text-align: right;\"><strong>\u00a0<\/strong><\/p>\n<p style=\"text-align: right;\"><strong>TUTORES I TUTOR DE CICLE MITJ\u00c0!!!<\/strong><\/p>\n<p style=\"text-align: right;\"><strong>BON ESTIU 2021!!!<\/strong><\/p>\n<p>\u00a0 \u00a0 \u00a0 \u00a0 \u00a0 \u00a0 \u00a0 \u00a0 \u00a0 \u00a0 \u00a0 \u00a0 \u00a0 \u00a0 \u00a0 \u00a0 \u00a0 \u00a0<iframe loading=\"lazy\" src=\"\/\/giphy.com\/embed\/D4hiJ8Oo1xOwUDOzyJ\" width=\"480\" height=\"480\" frameborder=\"0\"><\/iframe><\/p>\n<p>&nbsp;<\/p>\n","protected":false},"excerpt":{"rendered":"<p>RECOMANACIONS D\u2019ESTIU CICLE MITJ\u00c0. Bones noies i nois teniu els quaderns per anar acabant al llarg de l\u2019estiu. I a [&hellip;]<\/p>\n","protected":false},"author":5,"featured_media":20743,"comment_status":"open","ping_status":"closed","sticky":false,"template":"","format":"standard","meta":{"_bbp_topic_count":0,"_bbp_reply_count":0,"_bbp_total_topic_count":0,"_bbp_total_reply_count":0,"_bbp_voice_count":0,"_bbp_anonymous_reply_count":0,"_bbp_topic_count_hidden":0,"_bbp_reply_count_hidden":0,"_bbp_forum_subforum_count":0,"site-sidebar-layout":"default","site-content-layout":"","ast-site-content-layout":"","site-content-style":"default","site-sidebar-style":"default","ast-global-header-display":"","ast-banner-title-visibility":"","ast-main-header-display":"","ast-hfb-above-header-display":"","ast-hfb-below-header-display":"","ast-hfb-mobile-header-display":"","site-post-title":"","ast-breadcrumbs-content":"","ast-featured-img":"","footer-sml-layout":"","theme-transparent-header-meta":"","adv-header-id-meta":"","stick-header-meta":"","header-above-stick-meta":"","header-main-stick-meta":"","header-below-stick-meta":"","astra-migrate-meta-layouts":"default","ast-page-background-enabled":"default","ast-page-background-meta":{"desktop":{"background-color":"var(--ast-global-color-4)","background-image":"","background-repeat":"repeat","background-position":"center center","background-size":"auto","background-attachment":"scroll","background-type":"","background-media":"","overlay-type":"","overlay-color":"","overlay-opacity":"","overlay-gradient":""},"tablet":{"background-color":"","background-image":"","background-repeat":"repeat","background-position":"center center","background-size":"auto","background-attachment":"scroll","background-type":"","background-media":"","overlay-type":"","overlay-color":"","overlay-opacity":"","overlay-gradient":""},"mobile":{"background-color":"","background-image":"","background-repeat":"repeat","background-position":"center center","background-size":"auto","background-attachment":"scroll","background-type":"","background-media":"","overlay-type":"","overlay-color":"","overlay-opacity":"","overlay-gradient":""}},"ast-content-background-meta":{"desktop":{"background-color":"var(--ast-global-color-5)","background-image":"","background-repeat":"repeat","background-position":"center center","background-size":"auto","background-attachment":"scroll","background-type":"","background-media":"","overlay-type":"","overlay-color":"","overlay-opacity":"","overlay-gradient":""},"tablet":{"background-color":"var(--ast-global-color-5)","background-image":"","background-repeat":"repeat","background-position":"center center","background-size":"auto","background-attachment":"scroll","background-type":"","background-media":"","overlay-type":"","overlay-color":"","overlay-opacity":"","overlay-gradient":""},"mobile":{"background-color":"var(--ast-global-color-5)","background-image":"","background-repeat":"repeat","background-position":"center center","background-size":"auto","background-attachment":"scroll","background-type":"","background-media":"","overlay-type":"","overlay-color":"","overlay-opacity":"","overlay-gradient":""}},"footnotes":""},"categories":[12,13],"tags":[265,266],"class_list":["post-20739","post","type-post","status-publish","format-standard","has-post-thumbnail","hentry","category-3r","category-4t","tag-cicle-mitja","tag-estiu"],"post_mailing_queue_ids":[],"_links":{"self":[{"href":"https:\/\/agora.xtec.cat\/escolaelfar\/wp-json\/wp\/v2\/posts\/20739","targetHints":{"allow":["GET"]}}],"collection":[{"href":"https:\/\/agora.xtec.cat\/escolaelfar\/wp-json\/wp\/v2\/posts"}],"about":[{"href":"https:\/\/agora.xtec.cat\/escolaelfar\/wp-json\/wp\/v2\/types\/post"}],"author":[{"embeddable":true,"href":"https:\/\/agora.xtec.cat\/escolaelfar\/wp-json\/wp\/v2\/users\/5"}],"replies":[{"embeddable":true,"href":"https:\/\/agora.xtec.cat\/escolaelfar\/wp-json\/wp\/v2\/comments?post=20739"}],"version-history":[{"count":2,"href":"https:\/\/agora.xtec.cat\/escolaelfar\/wp-json\/wp\/v2\/posts\/20739\/revisions"}],"predecessor-version":[{"id":20742,"href":"https:\/\/agora.xtec.cat\/escolaelfar\/wp-json\/wp\/v2\/posts\/20739\/revisions\/20742"}],"wp:featuredmedia":[{"embeddable":true,"href":"https:\/\/agora.xtec.cat\/escolaelfar\/wp-json\/wp\/v2\/media\/20743"}],"wp:attachment":[{"href":"https:\/\/agora.xtec.cat\/escolaelfar\/wp-json\/wp\/v2\/media?parent=20739"}],"wp:term":[{"taxonomy":"category","embeddable":true,"href":"https:\/\/agora.xtec.cat\/escolaelfar\/wp-json\/wp\/v2\/categories?post=20739"},{"taxonomy":"post_tag","embeddable":true,"href":"https:\/\/agora.xtec.cat\/escolaelfar\/wp-json\/wp\/v2\/tags?post=20739"}],"curies":[{"name":"wp","href":"https:\/\/api.w.org\/{rel}","templated":true}]}}