{"id":20669,"date":"2021-05-26T23:01:39","date_gmt":"2021-05-26T21:01:39","guid":{"rendered":"https:\/\/agora.xtec.cat\/escolaelfar\/?p=20669"},"modified":"2021-05-26T23:01:39","modified_gmt":"2021-05-26T21:01:39","slug":"sortida-al-parc-del-vaixell-pirata-2","status":"publish","type":"post","link":"https:\/\/agora.xtec.cat\/escolaelfar\/infantil\/p4\/sortida-al-parc-del-vaixell-pirata-2\/","title":{"rendered":"SORTIDA AL PARC DEL VAIXELL PIRATA"},"content":{"rendered":"<p>Avui, les nenes i els nens de P4 hem anat a passar el dia al parc del vaixell pirata de Poblenou.<\/p>\n<p>Al mat\u00ed hem sortit de l&#8217;escola i molt il\u00b7lusionats hem pujat al carrilet. Ens ha fet una volta per Calella.<\/p>\n<p>Despr\u00e9s hem esmorzat i tot caminant hem arribat al parc del vaixell Pirata.<\/p>\n<p>&nbsp;<\/p>\n<p><a href=\"https:\/\/agora.xtec.cat\/escolaelfar\/wp-content\/uploads\/usu1878\/2021\/05\/IMG_5342.jpg\"><img loading=\"lazy\" decoding=\"async\" class=\"alignnone size-large wp-image-20670\" src=\"https:\/\/agora.xtec.cat\/escolaelfar\/wp-content\/uploads\/usu1878\/2021\/05\/IMG_5342-1024x768.jpg\" alt=\"\" width=\"1024\" height=\"768\" srcset=\"https:\/\/agora.xtec.cat\/escolaelfar\/wp-content\/uploads\/usu1878\/2021\/05\/IMG_5342-1024x768.jpg 1024w, https:\/\/agora.xtec.cat\/escolaelfar\/wp-content\/uploads\/usu1878\/2021\/05\/IMG_5342-300x225.jpg 300w, https:\/\/agora.xtec.cat\/escolaelfar\/wp-content\/uploads\/usu1878\/2021\/05\/IMG_5342-768x576.jpg 768w, https:\/\/agora.xtec.cat\/escolaelfar\/wp-content\/uploads\/usu1878\/2021\/05\/IMG_5342-200x150.jpg 200w, https:\/\/agora.xtec.cat\/escolaelfar\/wp-content\/uploads\/usu1878\/2021\/05\/IMG_5342.jpg 1092w\" sizes=\"auto, (max-width: 1024px) 100vw, 1024px\" \/><\/a><\/p>\n<p>All\u00e0 hem fet diverses activitats que hem gaudit molt\u00a0 junts i ens ho hem passat d&#8217;all\u00f2 m\u00e9s b\u00e9. Hem jugat a la sorra amb pales i galledes, hem fet c<span style=\"font-family: inherit;font-size: 1em\">reacions art\u00edstiques amb elements natural i&#8230;.ens hem remullat els peus. Qu\u00e8 freda estava l&#8217;aigua!!!<\/span><\/p>\n<p><span style=\"font-family: inherit;font-size: 1em\">Hem pogut gaudir d\u2019un fant\u00e0stic dia assolellat i ens han encantat totes les activitats que hem fet. Us deixem un recull de fotos de cada classe:<\/span><\/p>\n<p><a href=\"https:\/\/photos.app.goo.gl\/7aonMSMnzHPARg5DA\">P4A<\/a><\/p>\n<p><a href=\"https:\/\/photos.app.goo.gl\/g47ZMbnPLYxEpeoL6\">P4B<\/a><\/p>\n","protected":false},"excerpt":{"rendered":"<p>Avui, les nenes i els nens de P4 hem anat a passar el dia al parc del vaixell pirata de [&hellip;]<\/p>\n","protected":false},"author":78,"featured_media":3087,"comment_status":"open","ping_status":"closed","sticky":false,"template":"","format":"standard","meta":{"_bbp_topic_count":0,"_bbp_reply_count":0,"_bbp_total_topic_count":0,"_bbp_total_reply_count":0,"_bbp_voice_count":0,"_bbp_anonymous_reply_count":0,"_bbp_topic_count_hidden":0,"_bbp_reply_count_hidden":0,"_bbp_forum_subforum_count":0,"site-sidebar-layout":"default","site-content-layout":"","ast-site-content-layout":"","site-content-style":"default","site-sidebar-style":"default","ast-global-header-display":"","ast-banner-title-visibility":"","ast-main-header-display":"","ast-hfb-above-header-display":"","ast-hfb-below-header-display":"","ast-hfb-mobile-header-display":"","site-post-title":"","ast-breadcrumbs-content":"","ast-featured-img":"","footer-sml-layout":"","theme-transparent-header-meta":"","adv-header-id-meta":"","stick-header-meta":"","header-above-stick-meta":"","header-main-stick-meta":"","header-below-stick-meta":"","astra-migrate-meta-layouts":"default","ast-page-background-enabled":"default","ast-page-background-meta":{"desktop":{"background-color":"var(--ast-global-color-4)","background-image":"","background-repeat":"repeat","background-position":"center center","background-size":"auto","background-attachment":"scroll","background-type":"","background-media":"","overlay-type":"","overlay-color":"","overlay-opacity":"","overlay-gradient":""},"tablet":{"background-color":"","background-image":"","background-repeat":"repeat","background-position":"center center","background-size":"auto","background-attachment":"scroll","background-type":"","background-media":"","overlay-type":"","overlay-color":"","overlay-opacity":"","overlay-gradient":""},"mobile":{"background-color":"","background-image":"","background-repeat":"repeat","background-position":"center center","background-size":"auto","background-attachment":"scroll","background-type":"","background-media":"","overlay-type":"","overlay-color":"","overlay-opacity":"","overlay-gradient":""}},"ast-content-background-meta":{"desktop":{"background-color":"var(--ast-global-color-5)","background-image":"","background-repeat":"repeat","background-position":"center center","background-size":"auto","background-attachment":"scroll","background-type":"","background-media":"","overlay-type":"","overlay-color":"","overlay-opacity":"","overlay-gradient":""},"tablet":{"background-color":"var(--ast-global-color-5)","background-image":"","background-repeat":"repeat","background-position":"center center","background-size":"auto","background-attachment":"scroll","background-type":"","background-media":"","overlay-type":"","overlay-color":"","overlay-opacity":"","overlay-gradient":""},"mobile":{"background-color":"var(--ast-global-color-5)","background-image":"","background-repeat":"repeat","background-position":"center center","background-size":"auto","background-attachment":"scroll","background-type":"","background-media":"","overlay-type":"","overlay-color":"","overlay-opacity":"","overlay-gradient":""}},"footnotes":""},"categories":[8],"tags":[],"class_list":["post-20669","post","type-post","status-publish","format-standard","has-post-thumbnail","hentry","category-p4"],"post_mailing_queue_ids":[],"_links":{"self":[{"href":"https:\/\/agora.xtec.cat\/escolaelfar\/wp-json\/wp\/v2\/posts\/20669","targetHints":{"allow":["GET"]}}],"collection":[{"href":"https:\/\/agora.xtec.cat\/escolaelfar\/wp-json\/wp\/v2\/posts"}],"about":[{"href":"https:\/\/agora.xtec.cat\/escolaelfar\/wp-json\/wp\/v2\/types\/post"}],"author":[{"embeddable":true,"href":"https:\/\/agora.xtec.cat\/escolaelfar\/wp-json\/wp\/v2\/users\/78"}],"replies":[{"embeddable":true,"href":"https:\/\/agora.xtec.cat\/escolaelfar\/wp-json\/wp\/v2\/comments?post=20669"}],"version-history":[{"count":1,"href":"https:\/\/agora.xtec.cat\/escolaelfar\/wp-json\/wp\/v2\/posts\/20669\/revisions"}],"predecessor-version":[{"id":20671,"href":"https:\/\/agora.xtec.cat\/escolaelfar\/wp-json\/wp\/v2\/posts\/20669\/revisions\/20671"}],"wp:featuredmedia":[{"embeddable":true,"href":"https:\/\/agora.xtec.cat\/escolaelfar\/wp-json\/wp\/v2\/media\/3087"}],"wp:attachment":[{"href":"https:\/\/agora.xtec.cat\/escolaelfar\/wp-json\/wp\/v2\/media?parent=20669"}],"wp:term":[{"taxonomy":"category","embeddable":true,"href":"https:\/\/agora.xtec.cat\/escolaelfar\/wp-json\/wp\/v2\/categories?post=20669"},{"taxonomy":"post_tag","embeddable":true,"href":"https:\/\/agora.xtec.cat\/escolaelfar\/wp-json\/wp\/v2\/tags?post=20669"}],"curies":[{"name":"wp","href":"https:\/\/api.w.org\/{rel}","templated":true}]}}