{"id":20225,"date":"2021-02-25T21:37:58","date_gmt":"2021-02-25T20:37:58","guid":{"rendered":"https:\/\/agora.xtec.cat\/escolaelfar\/?p=20225"},"modified":"2021-02-25T21:39:41","modified_gmt":"2021-02-25T20:39:41","slug":"un-carnaval-de-colors-2","status":"publish","type":"post","link":"https:\/\/agora.xtec.cat\/escolaelfar\/primaria\/4t\/un-carnaval-de-colors-2\/","title":{"rendered":"Un carnaval de colors"},"content":{"rendered":"<p>La setmana passada ens vam acomiadar de la Reina Carnestoltes amb l&#8217;arribada de la Vella Quaresma i el testament que va preparar l&#8217;alumnat de Cicle Superior.<\/p>\n<p>El carnaval d&#8217;aquest any ha estat diferent, no l&#8217;hem pogut celebrar conjuntament amb tota l&#8217;escola pel Covid, per\u00f2 malgrat aix\u00f2, en guardem molt bon record.<\/p>\n<p>Si encara no heu vist el v\u00eddeo dels balls, aqu\u00ed us deixem els enlla\u00e7os: <a href=\"https:\/\/www.youtube.com\/watch?v=7mkzQSS7NbY\">ball de 4t A<\/a> i <a href=\"https:\/\/www.youtube.com\/watch?v=HCUIgVhRFH8\">ball de 4t B<\/a>.<\/p>\n<p>Tamb\u00e9 us deixem algunes fotografies de les ordres del Carnestoltes.<\/p>\n<p>Lourdes i Anna<\/p>\n<div id='gallery-1' class='gallery galleryid-20225 gallery-columns-3 gallery-size-medium'><figure class='gallery-item'>\n\t\t\t<div class='gallery-icon landscape'>\n\t\t\t\t<a href='https:\/\/agora.xtec.cat\/escolaelfar\/primaria\/4t\/un-carnaval-de-colors-2\/attachment\/u\/'><img loading=\"lazy\" decoding=\"async\" width=\"300\" height=\"225\" src=\"https:\/\/agora.xtec.cat\/escolaelfar\/wp-content\/uploads\/usu1878\/2021\/02\/U-300x225.jpeg\" class=\"attachment-medium size-medium\" alt=\"\" srcset=\"https:\/\/agora.xtec.cat\/escolaelfar\/wp-content\/uploads\/usu1878\/2021\/02\/U-300x225.jpeg 300w, https:\/\/agora.xtec.cat\/escolaelfar\/wp-content\/uploads\/usu1878\/2021\/02\/U-768x576.jpeg 768w, https:\/\/agora.xtec.cat\/escolaelfar\/wp-content\/uploads\/usu1878\/2021\/02\/U-1024x768.jpeg 1024w, https:\/\/agora.xtec.cat\/escolaelfar\/wp-content\/uploads\/usu1878\/2021\/02\/U-200x150.jpeg 200w, https:\/\/agora.xtec.cat\/escolaelfar\/wp-content\/uploads\/usu1878\/2021\/02\/U.jpeg 1632w\" sizes=\"auto, (max-width: 300px) 100vw, 300px\" \/><\/a>\n\t\t\t<\/div><\/figure><figure class='gallery-item'>\n\t\t\t<div class='gallery-icon landscape'>\n\t\t\t\t<a href='https:\/\/agora.xtec.cat\/escolaelfar\/primaria\/4t\/un-carnaval-de-colors-2\/attachment\/3dc337e7-d086-4dd6-88a0-a1d7fa7689f2-2\/'><img loading=\"lazy\" decoding=\"async\" width=\"300\" height=\"225\" src=\"https:\/\/agora.xtec.cat\/escolaelfar\/wp-content\/uploads\/usu1878\/2021\/02\/3DC337E7-D086-4DD6-88A0-A1D7FA7689F2-1-300x225.jpeg\" class=\"attachment-medium size-medium\" alt=\"\" srcset=\"https:\/\/agora.xtec.cat\/escolaelfar\/wp-content\/uploads\/usu1878\/2021\/02\/3DC337E7-D086-4DD6-88A0-A1D7FA7689F2-1-300x225.jpeg 300w, https:\/\/agora.xtec.cat\/escolaelfar\/wp-content\/uploads\/usu1878\/2021\/02\/3DC337E7-D086-4DD6-88A0-A1D7FA7689F2-1-768x576.jpeg 768w, https:\/\/agora.xtec.cat\/escolaelfar\/wp-content\/uploads\/usu1878\/2021\/02\/3DC337E7-D086-4DD6-88A0-A1D7FA7689F2-1-1024x768.jpeg 1024w, https:\/\/agora.xtec.cat\/escolaelfar\/wp-content\/uploads\/usu1878\/2021\/02\/3DC337E7-D086-4DD6-88A0-A1D7FA7689F2-1-200x150.jpeg 200w, https:\/\/agora.xtec.cat\/escolaelfar\/wp-content\/uploads\/usu1878\/2021\/02\/3DC337E7-D086-4DD6-88A0-A1D7FA7689F2-1.jpeg 2048w\" sizes=\"auto, (max-width: 300px) 100vw, 300px\" \/><\/a>\n\t\t\t<\/div><\/figure><figure class='gallery-item'>\n\t\t\t<div class='gallery-icon landscape'>\n\t\t\t\t<a href='https:\/\/agora.xtec.cat\/escolaelfar\/primaria\/4t\/un-carnaval-de-colors-2\/attachment\/dos\/'><img loading=\"lazy\" decoding=\"async\" width=\"300\" height=\"225\" src=\"https:\/\/agora.xtec.cat\/escolaelfar\/wp-content\/uploads\/usu1878\/2021\/02\/DOS-300x225.jpeg\" class=\"attachment-medium size-medium\" alt=\"\" srcset=\"https:\/\/agora.xtec.cat\/escolaelfar\/wp-content\/uploads\/usu1878\/2021\/02\/DOS-300x225.jpeg 300w, https:\/\/agora.xtec.cat\/escolaelfar\/wp-content\/uploads\/usu1878\/2021\/02\/DOS-768x576.jpeg 768w, https:\/\/agora.xtec.cat\/escolaelfar\/wp-content\/uploads\/usu1878\/2021\/02\/DOS-1024x768.jpeg 1024w, https:\/\/agora.xtec.cat\/escolaelfar\/wp-content\/uploads\/usu1878\/2021\/02\/DOS-200x150.jpeg 200w, https:\/\/agora.xtec.cat\/escolaelfar\/wp-content\/uploads\/usu1878\/2021\/02\/DOS.jpeg 1632w\" sizes=\"auto, (max-width: 300px) 100vw, 300px\" \/><\/a>\n\t\t\t<\/div><\/figure><figure class='gallery-item'>\n\t\t\t<div class='gallery-icon landscape'>\n\t\t\t\t<a href='https:\/\/agora.xtec.cat\/escolaelfar\/primaria\/4t\/un-carnaval-de-colors-2\/attachment\/tres\/'><img loading=\"lazy\" decoding=\"async\" width=\"300\" height=\"225\" src=\"https:\/\/agora.xtec.cat\/escolaelfar\/wp-content\/uploads\/usu1878\/2021\/02\/TRES-300x225.jpeg\" class=\"attachment-medium size-medium\" alt=\"\" srcset=\"https:\/\/agora.xtec.cat\/escolaelfar\/wp-content\/uploads\/usu1878\/2021\/02\/TRES-300x225.jpeg 300w, https:\/\/agora.xtec.cat\/escolaelfar\/wp-content\/uploads\/usu1878\/2021\/02\/TRES-768x576.jpeg 768w, https:\/\/agora.xtec.cat\/escolaelfar\/wp-content\/uploads\/usu1878\/2021\/02\/TRES-1024x768.jpeg 1024w, https:\/\/agora.xtec.cat\/escolaelfar\/wp-content\/uploads\/usu1878\/2021\/02\/TRES-200x150.jpeg 200w, https:\/\/agora.xtec.cat\/escolaelfar\/wp-content\/uploads\/usu1878\/2021\/02\/TRES.jpeg 1632w\" sizes=\"auto, (max-width: 300px) 100vw, 300px\" \/><\/a>\n\t\t\t<\/div><\/figure><figure class='gallery-item'>\n\t\t\t<div class='gallery-icon landscape'>\n\t\t\t\t<a href='https:\/\/agora.xtec.cat\/escolaelfar\/primaria\/4t\/un-carnaval-de-colors-2\/attachment\/quatre\/'><img loading=\"lazy\" decoding=\"async\" width=\"300\" height=\"225\" src=\"https:\/\/agora.xtec.cat\/escolaelfar\/wp-content\/uploads\/usu1878\/2021\/02\/QUATRE-300x225.jpeg\" class=\"attachment-medium size-medium\" alt=\"\" srcset=\"https:\/\/agora.xtec.cat\/escolaelfar\/wp-content\/uploads\/usu1878\/2021\/02\/QUATRE-300x225.jpeg 300w, https:\/\/agora.xtec.cat\/escolaelfar\/wp-content\/uploads\/usu1878\/2021\/02\/QUATRE-768x576.jpeg 768w, https:\/\/agora.xtec.cat\/escolaelfar\/wp-content\/uploads\/usu1878\/2021\/02\/QUATRE-1024x768.jpeg 1024w, https:\/\/agora.xtec.cat\/escolaelfar\/wp-content\/uploads\/usu1878\/2021\/02\/QUATRE-200x150.jpeg 200w, https:\/\/agora.xtec.cat\/escolaelfar\/wp-content\/uploads\/usu1878\/2021\/02\/QUATRE.jpeg 1632w\" sizes=\"auto, (max-width: 300px) 100vw, 300px\" \/><\/a>\n\t\t\t<\/div><\/figure><figure class='gallery-item'>\n\t\t\t<div class='gallery-icon landscape'>\n\t\t\t\t<a href='https:\/\/agora.xtec.cat\/escolaelfar\/primaria\/4t\/un-carnaval-de-colors-2\/attachment\/af9fb557-8369-41ff-a4ef-ca77639043ac\/'><img loading=\"lazy\" decoding=\"async\" width=\"300\" height=\"225\" src=\"https:\/\/agora.xtec.cat\/escolaelfar\/wp-content\/uploads\/usu1878\/2021\/02\/AF9FB557-8369-41FF-A4EF-CA77639043AC-300x225.jpeg\" class=\"attachment-medium size-medium\" alt=\"\" srcset=\"https:\/\/agora.xtec.cat\/escolaelfar\/wp-content\/uploads\/usu1878\/2021\/02\/AF9FB557-8369-41FF-A4EF-CA77639043AC-300x225.jpeg 300w, https:\/\/agora.xtec.cat\/escolaelfar\/wp-content\/uploads\/usu1878\/2021\/02\/AF9FB557-8369-41FF-A4EF-CA77639043AC-768x576.jpeg 768w, https:\/\/agora.xtec.cat\/escolaelfar\/wp-content\/uploads\/usu1878\/2021\/02\/AF9FB557-8369-41FF-A4EF-CA77639043AC-1024x768.jpeg 1024w, https:\/\/agora.xtec.cat\/escolaelfar\/wp-content\/uploads\/usu1878\/2021\/02\/AF9FB557-8369-41FF-A4EF-CA77639043AC-200x150.jpeg 200w, https:\/\/agora.xtec.cat\/escolaelfar\/wp-content\/uploads\/usu1878\/2021\/02\/AF9FB557-8369-41FF-A4EF-CA77639043AC.jpeg 2048w\" sizes=\"auto, (max-width: 300px) 100vw, 300px\" \/><\/a>\n\t\t\t<\/div><\/figure><figure class='gallery-item'>\n\t\t\t<div class='gallery-icon landscape'>\n\t\t\t\t<a href='https:\/\/agora.xtec.cat\/escolaelfar\/primaria\/4t\/un-carnaval-de-colors-2\/attachment\/5c20677d-a848-4d98-ae7c-3fed9f6aba81\/'><img loading=\"lazy\" decoding=\"async\" width=\"300\" height=\"225\" src=\"https:\/\/agora.xtec.cat\/escolaelfar\/wp-content\/uploads\/usu1878\/2021\/02\/5C20677D-A848-4D98-AE7C-3FED9F6ABA81-300x225.jpeg\" class=\"attachment-medium size-medium\" alt=\"\" srcset=\"https:\/\/agora.xtec.cat\/escolaelfar\/wp-content\/uploads\/usu1878\/2021\/02\/5C20677D-A848-4D98-AE7C-3FED9F6ABA81-300x225.jpeg 300w, https:\/\/agora.xtec.cat\/escolaelfar\/wp-content\/uploads\/usu1878\/2021\/02\/5C20677D-A848-4D98-AE7C-3FED9F6ABA81-768x576.jpeg 768w, https:\/\/agora.xtec.cat\/escolaelfar\/wp-content\/uploads\/usu1878\/2021\/02\/5C20677D-A848-4D98-AE7C-3FED9F6ABA81-1024x768.jpeg 1024w, https:\/\/agora.xtec.cat\/escolaelfar\/wp-content\/uploads\/usu1878\/2021\/02\/5C20677D-A848-4D98-AE7C-3FED9F6ABA81-200x150.jpeg 200w, https:\/\/agora.xtec.cat\/escolaelfar\/wp-content\/uploads\/usu1878\/2021\/02\/5C20677D-A848-4D98-AE7C-3FED9F6ABA81.jpeg 1600w\" sizes=\"auto, (max-width: 300px) 100vw, 300px\" \/><\/a>\n\t\t\t<\/div><\/figure><figure class='gallery-item'>\n\t\t\t<div class='gallery-icon landscape'>\n\t\t\t\t<a href='https:\/\/agora.xtec.cat\/escolaelfar\/primaria\/4t\/un-carnaval-de-colors-2\/attachment\/fcf9cebd-939d-47db-a779-2a29a6d35f60\/'><img loading=\"lazy\" decoding=\"async\" width=\"300\" height=\"225\" src=\"https:\/\/agora.xtec.cat\/escolaelfar\/wp-content\/uploads\/usu1878\/2021\/02\/FCF9CEBD-939D-47DB-A779-2A29A6D35F60-300x225.jpeg\" class=\"attachment-medium size-medium\" alt=\"\" srcset=\"https:\/\/agora.xtec.cat\/escolaelfar\/wp-content\/uploads\/usu1878\/2021\/02\/FCF9CEBD-939D-47DB-A779-2A29A6D35F60-300x225.jpeg 300w, https:\/\/agora.xtec.cat\/escolaelfar\/wp-content\/uploads\/usu1878\/2021\/02\/FCF9CEBD-939D-47DB-A779-2A29A6D35F60-768x576.jpeg 768w, https:\/\/agora.xtec.cat\/escolaelfar\/wp-content\/uploads\/usu1878\/2021\/02\/FCF9CEBD-939D-47DB-A779-2A29A6D35F60-1024x768.jpeg 1024w, https:\/\/agora.xtec.cat\/escolaelfar\/wp-content\/uploads\/usu1878\/2021\/02\/FCF9CEBD-939D-47DB-A779-2A29A6D35F60-200x150.jpeg 200w, https:\/\/agora.xtec.cat\/escolaelfar\/wp-content\/uploads\/usu1878\/2021\/02\/FCF9CEBD-939D-47DB-A779-2A29A6D35F60.jpeg 2048w\" sizes=\"auto, (max-width: 300px) 100vw, 300px\" \/><\/a>\n\t\t\t<\/div><\/figure><figure class='gallery-item'>\n\t\t\t<div class='gallery-icon landscape'>\n\t\t\t\t<a href='https:\/\/agora.xtec.cat\/escolaelfar\/primaria\/4t\/un-carnaval-de-colors-2\/attachment\/6ac57755-192d-40ef-9519-8867185969d4\/'><img loading=\"lazy\" decoding=\"async\" width=\"300\" height=\"225\" src=\"https:\/\/agora.xtec.cat\/escolaelfar\/wp-content\/uploads\/usu1878\/2021\/02\/6AC57755-192D-40EF-9519-8867185969D4-300x225.jpeg\" class=\"attachment-medium size-medium\" alt=\"\" srcset=\"https:\/\/agora.xtec.cat\/escolaelfar\/wp-content\/uploads\/usu1878\/2021\/02\/6AC57755-192D-40EF-9519-8867185969D4-300x225.jpeg 300w, https:\/\/agora.xtec.cat\/escolaelfar\/wp-content\/uploads\/usu1878\/2021\/02\/6AC57755-192D-40EF-9519-8867185969D4-768x576.jpeg 768w, https:\/\/agora.xtec.cat\/escolaelfar\/wp-content\/uploads\/usu1878\/2021\/02\/6AC57755-192D-40EF-9519-8867185969D4-1024x768.jpeg 1024w, https:\/\/agora.xtec.cat\/escolaelfar\/wp-content\/uploads\/usu1878\/2021\/02\/6AC57755-192D-40EF-9519-8867185969D4-200x150.jpeg 200w, https:\/\/agora.xtec.cat\/escolaelfar\/wp-content\/uploads\/usu1878\/2021\/02\/6AC57755-192D-40EF-9519-8867185969D4.jpeg 2048w\" sizes=\"auto, (max-width: 300px) 100vw, 300px\" \/><\/a>\n\t\t\t<\/div><\/figure><figure class='gallery-item'>\n\t\t\t<div class='gallery-icon landscape'>\n\t\t\t\t<a href='https:\/\/agora.xtec.cat\/escolaelfar\/primaria\/4t\/un-carnaval-de-colors-2\/attachment\/effeaf2b-eb20-4981-89c1-77f430572e73\/'><img loading=\"lazy\" decoding=\"async\" width=\"300\" height=\"225\" src=\"https:\/\/agora.xtec.cat\/escolaelfar\/wp-content\/uploads\/usu1878\/2021\/02\/EFFEAF2B-EB20-4981-89C1-77F430572E73-300x225.jpeg\" class=\"attachment-medium size-medium\" alt=\"\" srcset=\"https:\/\/agora.xtec.cat\/escolaelfar\/wp-content\/uploads\/usu1878\/2021\/02\/EFFEAF2B-EB20-4981-89C1-77F430572E73-300x225.jpeg 300w, https:\/\/agora.xtec.cat\/escolaelfar\/wp-content\/uploads\/usu1878\/2021\/02\/EFFEAF2B-EB20-4981-89C1-77F430572E73-768x576.jpeg 768w, https:\/\/agora.xtec.cat\/escolaelfar\/wp-content\/uploads\/usu1878\/2021\/02\/EFFEAF2B-EB20-4981-89C1-77F430572E73-1024x768.jpeg 1024w, https:\/\/agora.xtec.cat\/escolaelfar\/wp-content\/uploads\/usu1878\/2021\/02\/EFFEAF2B-EB20-4981-89C1-77F430572E73-200x150.jpeg 200w, https:\/\/agora.xtec.cat\/escolaelfar\/wp-content\/uploads\/usu1878\/2021\/02\/EFFEAF2B-EB20-4981-89C1-77F430572E73.jpeg 2048w\" sizes=\"auto, (max-width: 300px) 100vw, 300px\" \/><\/a>\n\t\t\t<\/div><\/figure>\n\t\t<\/div>\n\n","protected":false},"excerpt":{"rendered":"<p>La setmana passada ens vam acomiadar de la Reina Carnestoltes amb l&#8217;arribada de la Vella Quaresma i el testament que [&hellip;]<\/p>\n","protected":false},"author":33,"featured_media":0,"comment_status":"open","ping_status":"closed","sticky":false,"template":"","format":"standard","meta":{"_bbp_topic_count":0,"_bbp_reply_count":0,"_bbp_total_topic_count":0,"_bbp_total_reply_count":0,"_bbp_voice_count":0,"_bbp_anonymous_reply_count":0,"_bbp_topic_count_hidden":0,"_bbp_reply_count_hidden":0,"_bbp_forum_subforum_count":0,"site-sidebar-layout":"default","site-content-layout":"","ast-site-content-layout":"","site-content-style":"default","site-sidebar-style":"default","ast-global-header-display":"","ast-banner-title-visibility":"","ast-main-header-display":"","ast-hfb-above-header-display":"","ast-hfb-below-header-display":"","ast-hfb-mobile-header-display":"","site-post-title":"","ast-breadcrumbs-content":"","ast-featured-img":"","footer-sml-layout":"","theme-transparent-header-meta":"","adv-header-id-meta":"","stick-header-meta":"","header-above-stick-meta":"","header-main-stick-meta":"","header-below-stick-meta":"","astra-migrate-meta-layouts":"default","ast-page-background-enabled":"default","ast-page-background-meta":{"desktop":{"background-color":"var(--ast-global-color-4)","background-image":"","background-repeat":"repeat","background-position":"center center","background-size":"auto","background-attachment":"scroll","background-type":"","background-media":"","overlay-type":"","overlay-color":"","overlay-opacity":"","overlay-gradient":""},"tablet":{"background-color":"","background-image":"","background-repeat":"repeat","background-position":"center center","background-size":"auto","background-attachment":"scroll","background-type":"","background-media":"","overlay-type":"","overlay-color":"","overlay-opacity":"","overlay-gradient":""},"mobile":{"background-color":"","background-image":"","background-repeat":"repeat","background-position":"center center","background-size":"auto","background-attachment":"scroll","background-type":"","background-media":"","overlay-type":"","overlay-color":"","overlay-opacity":"","overlay-gradient":""}},"ast-content-background-meta":{"desktop":{"background-color":"var(--ast-global-color-5)","background-image":"","background-repeat":"repeat","background-position":"center center","background-size":"auto","background-attachment":"scroll","background-type":"","background-media":"","overlay-type":"","overlay-color":"","overlay-opacity":"","overlay-gradient":""},"tablet":{"background-color":"var(--ast-global-color-5)","background-image":"","background-repeat":"repeat","background-position":"center center","background-size":"auto","background-attachment":"scroll","background-type":"","background-media":"","overlay-type":"","overlay-color":"","overlay-opacity":"","overlay-gradient":""},"mobile":{"background-color":"var(--ast-global-color-5)","background-image":"","background-repeat":"repeat","background-position":"center center","background-size":"auto","background-attachment":"scroll","background-type":"","background-media":"","overlay-type":"","overlay-color":"","overlay-opacity":"","overlay-gradient":""}},"footnotes":""},"categories":[13],"tags":[],"class_list":["post-20225","post","type-post","status-publish","format-standard","hentry","category-4t"],"post_mailing_queue_ids":[],"_links":{"self":[{"href":"https:\/\/agora.xtec.cat\/escolaelfar\/wp-json\/wp\/v2\/posts\/20225","targetHints":{"allow":["GET"]}}],"collection":[{"href":"https:\/\/agora.xtec.cat\/escolaelfar\/wp-json\/wp\/v2\/posts"}],"about":[{"href":"https:\/\/agora.xtec.cat\/escolaelfar\/wp-json\/wp\/v2\/types\/post"}],"author":[{"embeddable":true,"href":"https:\/\/agora.xtec.cat\/escolaelfar\/wp-json\/wp\/v2\/users\/33"}],"replies":[{"embeddable":true,"href":"https:\/\/agora.xtec.cat\/escolaelfar\/wp-json\/wp\/v2\/comments?post=20225"}],"version-history":[{"count":1,"href":"https:\/\/agora.xtec.cat\/escolaelfar\/wp-json\/wp\/v2\/posts\/20225\/revisions"}],"predecessor-version":[{"id":20237,"href":"https:\/\/agora.xtec.cat\/escolaelfar\/wp-json\/wp\/v2\/posts\/20225\/revisions\/20237"}],"wp:attachment":[{"href":"https:\/\/agora.xtec.cat\/escolaelfar\/wp-json\/wp\/v2\/media?parent=20225"}],"wp:term":[{"taxonomy":"category","embeddable":true,"href":"https:\/\/agora.xtec.cat\/escolaelfar\/wp-json\/wp\/v2\/categories?post=20225"},{"taxonomy":"post_tag","embeddable":true,"href":"https:\/\/agora.xtec.cat\/escolaelfar\/wp-json\/wp\/v2\/tags?post=20225"}],"curies":[{"name":"wp","href":"https:\/\/api.w.org\/{rel}","templated":true}]}}