{"id":20207,"date":"2021-02-25T00:51:23","date_gmt":"2021-02-24T23:51:23","guid":{"rendered":"https:\/\/agora.xtec.cat\/escolaelfar\/?p=20207"},"modified":"2021-03-01T13:26:49","modified_gmt":"2021-03-01T12:26:49","slug":"a-les-aules-de-p-3-hem-treballat-l-hivern","status":"publish","type":"post","link":"https:\/\/agora.xtec.cat\/escolaelfar\/infantil\/a-les-aules-de-p-3-hem-treballat-l-hivern\/","title":{"rendered":"A LES AULES DE P3 HEM TREBALLAT L\u2019 HIVERN"},"content":{"rendered":"<p><strong>\u00a0<\/strong><\/p>\n<p><strong>\u00a0 \u00a0 \u00a0 \u00a0 \u00a0 \u00a0 \u00a0 \u00a0 \u00a0 \u00a0 \u00a0 \u00a0 \u00a0 \u00a0 \u00a0 \u00a0 \u00a0 \u00a0 \u00a0 \u00a0 \u00a0 \u00a0 \u00a0 \u00a0 \u00a0 \u00a0 \u00a0 \u00a0 \u00a0 \u00a0 \u00a0 \u00a0\u00a0<a href=\"https:\/\/agora.xtec.cat\/escolaelfar\/wp-content\/uploads\/usu1878\/2021\/02\/hivern.png\"> <img loading=\"lazy\" decoding=\"async\" class=\"alignnone wp-image-20215\" src=\"https:\/\/agora.xtec.cat\/escolaelfar\/wp-content\/uploads\/usu1878\/2021\/02\/hivern.png\" alt=\"\" width=\"231\" height=\"174\" srcset=\"https:\/\/agora.xtec.cat\/escolaelfar\/wp-content\/uploads\/usu1878\/2021\/02\/hivern.png 304w, https:\/\/agora.xtec.cat\/escolaelfar\/wp-content\/uploads\/usu1878\/2021\/02\/hivern-300x226.png 300w, https:\/\/agora.xtec.cat\/escolaelfar\/wp-content\/uploads\/usu1878\/2021\/02\/hivern-200x150.png 200w\" sizes=\"auto, (max-width: 231px) 100vw, 231px\" \/><\/a><\/strong><\/p>\n<ul>\n<li><strong>Rac\u00f3 de l\u2019hivern.<\/strong><\/li>\n<\/ul>\n<p><strong><a href=\"https:\/\/agora.xtec.cat\/escolaelfar\/wp-content\/uploads\/usu1878\/2021\/02\/porta.png\">\u00a0 \u00a0 \u00a0 \u00a0 \u00a0 \u00a0 \u00a0 \u00a0 \u00a0 \u00a0 \u00a0 \u00a0 \u00a0 \u00a0 \u00a0 \u00a0 \u00a0 \u00a0 \u00a0\u00a0 <img loading=\"lazy\" decoding=\"async\" class=\"alignnone wp-image-20254\" src=\"https:\/\/agora.xtec.cat\/escolaelfar\/wp-content\/uploads\/usu1878\/2021\/02\/porta-480x1024.png\" alt=\"\" width=\"150\" height=\"320\" srcset=\"https:\/\/agora.xtec.cat\/escolaelfar\/wp-content\/uploads\/usu1878\/2021\/02\/porta-480x1024.png 480w, https:\/\/agora.xtec.cat\/escolaelfar\/wp-content\/uploads\/usu1878\/2021\/02\/porta-141x300.png 141w, https:\/\/agora.xtec.cat\/escolaelfar\/wp-content\/uploads\/usu1878\/2021\/02\/porta.png 592w\" sizes=\"auto, (max-width: 150px) 100vw, 150px\" \/><\/a>\u00a0<\/strong><\/p>\n<ul>\n<li><strong>Les nostres mestres ens expliquen el conte: Quan arriba el senyor hivern.<\/strong><\/li>\n<\/ul>\n<p><a href=\"https:\/\/get.google.com\/albumarchive\/110258442099006389783\/album\/AF1QipOeFtO86eK3Mcun9NnE2424A1iGHW7xMDAnp29g\/AF1QipPFJeyDgBjgwWAt5NPkQrdqSCG2jjkdkKo5o056#5807107220771927410\"><strong>https:\/\/get.google.com\/albumarchive\/110258442099006389783\/album\/AF1QipOeFtO86eK3Mcun9NnE2424A1iGHW7xMDAnp29g\/AF1QipPFJeyDgBjgwWAt5NPkQrdqSCG2jjkdkKo5o056#5807107220771927410<\/strong><\/a><\/p>\n<ul>\n<li><strong>Fem un collage molt gran de diferents textures de paper amb els colors de l\u2019hivern.<br \/>\n<\/strong><\/li>\n<\/ul>\n<p><strong> \u00a0\u00a0 \u00a0\u00a0 \u00a0\u00a0 \u00a0\u00a0 \u00a0\u00a0 \u00a0\u00a0 \u00a0\u00a0 \u00a0\u00a0 \u00a0 \u00a0 \u00a0 <a href=\"https:\/\/agora.xtec.cat\/escolaelfar\/wp-content\/uploads\/usu1878\/2021\/02\/mural.png\"><img loading=\"lazy\" decoding=\"async\" class=\"alignnone wp-image-20211\" src=\"https:\/\/agora.xtec.cat\/escolaelfar\/wp-content\/uploads\/usu1878\/2021\/02\/mural.png\" alt=\"\" width=\"172\" height=\"161\" srcset=\"https:\/\/agora.xtec.cat\/escolaelfar\/wp-content\/uploads\/usu1878\/2021\/02\/mural.png 666w, https:\/\/agora.xtec.cat\/escolaelfar\/wp-content\/uploads\/usu1878\/2021\/02\/mural-300x281.png 300w\" sizes=\"auto, (max-width: 172px) 100vw, 172px\" \/><\/a><\/strong><strong>\u00a0<\/strong><\/p>\n<p><a href=\"https:\/\/youtu.be\/5qQb7Ehdxm0\">V\u00eddeo<\/a> Collage hivern<\/p>\n<ul>\n<li><strong>Utilitzem diferents t\u00e8cniques amb\u00a0 pintura<\/strong><\/li>\n<\/ul>\n<p><a href=\"https:\/\/agora.xtec.cat\/escolaelfar\/wp-content\/uploads\/usu1878\/2021\/02\/dibuix-ma\u0300gic.png\">\u00a0 <img loading=\"lazy\" decoding=\"async\" class=\"alignnone wp-image-20208\" src=\"https:\/\/agora.xtec.cat\/escolaelfar\/wp-content\/uploads\/usu1878\/2021\/02\/dibuix-ma\u0300gic.png\" alt=\"\" width=\"136\" height=\"149\" srcset=\"https:\/\/agora.xtec.cat\/escolaelfar\/wp-content\/uploads\/usu1878\/2021\/02\/dibuix-ma\u0300gic.png 618w, https:\/\/agora.xtec.cat\/escolaelfar\/wp-content\/uploads\/usu1878\/2021\/02\/dibuix-ma\u0300gic-274x300.png 274w\" sizes=\"auto, (max-width: 136px) 100vw, 136px\" \/> \u00a0 \u00a0 \u00a0\u00a0\u00a0 <\/a><a href=\"https:\/\/agora.xtec.cat\/escolaelfar\/wp-content\/uploads\/usu1878\/2021\/02\/pintem-amb-gel.png\"><img loading=\"lazy\" decoding=\"async\" class=\"alignnone wp-image-20209\" src=\"https:\/\/agora.xtec.cat\/escolaelfar\/wp-content\/uploads\/usu1878\/2021\/02\/pintem-amb-gel.png\" alt=\"\" width=\"115\" height=\"135\" srcset=\"https:\/\/agora.xtec.cat\/escolaelfar\/wp-content\/uploads\/usu1878\/2021\/02\/pintem-amb-gel.png 526w, https:\/\/agora.xtec.cat\/escolaelfar\/wp-content\/uploads\/usu1878\/2021\/02\/pintem-amb-gel-255x300.png 255w\" sizes=\"auto, (max-width: 115px) 100vw, 115px\" \/>\u00a0\u00a0\u00a0\u00a0\u00a0\u00a0\u00a0\u00a0\u00a0\u00a0\u00a0\u00a0\u00a0 <\/a><a href=\"https:\/\/agora.xtec.cat\/escolaelfar\/wp-content\/uploads\/usu1878\/2021\/02\/pintura-floc-paqui.png\"><img loading=\"lazy\" decoding=\"async\" class=\"alignnone wp-image-20210\" src=\"https:\/\/agora.xtec.cat\/escolaelfar\/wp-content\/uploads\/usu1878\/2021\/02\/pintura-floc-paqui-777x1024.png\" alt=\"\" width=\"119\" height=\"157\" srcset=\"https:\/\/agora.xtec.cat\/escolaelfar\/wp-content\/uploads\/usu1878\/2021\/02\/pintura-floc-paqui-777x1024.png 777w, https:\/\/agora.xtec.cat\/escolaelfar\/wp-content\/uploads\/usu1878\/2021\/02\/pintura-floc-paqui-228x300.png 228w, https:\/\/agora.xtec.cat\/escolaelfar\/wp-content\/uploads\/usu1878\/2021\/02\/pintura-floc-paqui-768x1012.png 768w, https:\/\/agora.xtec.cat\/escolaelfar\/wp-content\/uploads\/usu1878\/2021\/02\/pintura-floc-paqui.png 1056w\" sizes=\"auto, (max-width: 119px) 100vw, 119px\" \/><\/a><\/p>\n<p><strong>\u00a0\u00a0 \u00a0 Dibuix m\u00e0gic\u00a0 \u00a0 \u00a0 \u00a0 \u00a0 \u00a0 \u00a0\u00a0 Pintem amb gel\u00a0 \u00a0 \u00a0 \u00a0 \u00a0 \u00a0 \u00a0 \u00a0 \u00a0 Punteig<\/strong><\/p>\n<p><a href=\"https:\/\/youtu.be\/5qQb7Ehdxm0\">V\u00eddeo <\/a>Pintem amb gel de colors.<\/p>\n<p><a href=\"https:\/\/youtu.be\/MvC768lI1jw\">V\u00eddeo<\/a> Dibuix m\u00e0gic.<\/p>\n<ul>\n<li><strong>Experimentem pintant tot escoltant l\u2019 Hivern de Vivaldi.<\/strong><\/li>\n<\/ul>\n<p><a href=\"https:\/\/youtu.be\/yE3EjlB8_aw\">V\u00eddeo<\/a><\/p>\n<p><a href=\"https:\/\/youtu.be\/_09fZ_fbVz0\"><strong>https:\/\/youtu.be\/_09fZ_fbVz0<\/strong><\/a><\/p>\n<ul>\n<li><strong>Juguem amb NEU!! Fabriquem neu amb bicarbonat i aigua.<\/strong><\/li>\n<\/ul>\n<p><strong>\u00a0 \u00a0 <a href=\"https:\/\/agora.xtec.cat\/escolaelfar\/wp-content\/uploads\/usu1878\/2021\/02\/escuma.png\"><img loading=\"lazy\" decoding=\"async\" class=\"alignnone wp-image-20213\" src=\"https:\/\/agora.xtec.cat\/escolaelfar\/wp-content\/uploads\/usu1878\/2021\/02\/escuma-1024x683.png\" alt=\"\" width=\"195\" height=\"130\" srcset=\"https:\/\/agora.xtec.cat\/escolaelfar\/wp-content\/uploads\/usu1878\/2021\/02\/escuma-1024x683.png 1024w, https:\/\/agora.xtec.cat\/escolaelfar\/wp-content\/uploads\/usu1878\/2021\/02\/escuma-300x200.png 300w, https:\/\/agora.xtec.cat\/escolaelfar\/wp-content\/uploads\/usu1878\/2021\/02\/escuma-768x512.png 768w, https:\/\/agora.xtec.cat\/escolaelfar\/wp-content\/uploads\/usu1878\/2021\/02\/escuma.png 1292w\" sizes=\"auto, (max-width: 195px) 100vw, 195px\" \/><\/a> \u00a0 \u00a0 \u00a0\u00a0\u00a0 \u00a0 <a href=\"https:\/\/agora.xtec.cat\/escolaelfar\/wp-content\/uploads\/usu1878\/2021\/02\/bicarbonat-i-aigua.png\"><img loading=\"lazy\" decoding=\"async\" class=\"alignnone wp-image-20212\" src=\"https:\/\/agora.xtec.cat\/escolaelfar\/wp-content\/uploads\/usu1878\/2021\/02\/bicarbonat-i-aigua-781x1024.png\" alt=\"\" width=\"110\" height=\"147\" \/><\/a> \u00a0 \u00a0 \u00a0 \u00a0 \u00a0\u00a0\u00a0 \u00a0\u00a0\u00a0\u00a0\u00a0\u00a0\u00a0\u00a0\u00a0\u00a0\u00a0 <\/strong><\/p>\n<p><a href=\"https:\/\/youtu.be\/1Mbpwu4xdak\">V\u00eddeo 1<\/a><\/p>\n<p><a href=\"https:\/\/youtu.be\/KCK40J28HvU\">V\u00eddeo 2\u00a0<\/a><\/p>\n<ul>\n<li><strong>Cantem la can\u00e7\u00f3 Flocs de neu i ens divertim tirant flocs de cot\u00f3 fluix.<\/strong><\/li>\n<\/ul>\n<p><a href=\"https:\/\/youtu.be\/Igb6nx8afxo\">V\u00eddeo 1<\/a><\/p>\n<p><a href=\"https:\/\/youtu.be\/qdZWdwSahKY\">V\u00eddeo 2<\/a><\/p>\n<ul>\n<li><strong>Juguem amb minimons<\/strong><\/li>\n<\/ul>\n<p><a href=\"https:\/\/agora.xtec.cat\/escolaelfar\/wp-content\/uploads\/usu1878\/2021\/02\/minimon.png\">\u00a0 \u00a0 \u00a0 \u00a0 \u00a0 \u00a0 \u00a0 \u00a0 \u00a0 \u00a0 \u00a0 \u00a0 \u00a0 \u00a0 \u00a0 \u00a0 \u00a0\u00a0 <img loading=\"lazy\" decoding=\"async\" class=\"alignnone wp-image-20253\" src=\"https:\/\/agora.xtec.cat\/escolaelfar\/wp-content\/uploads\/usu1878\/2021\/02\/minimon.png\" alt=\"\" width=\"177\" height=\"227\" srcset=\"https:\/\/agora.xtec.cat\/escolaelfar\/wp-content\/uploads\/usu1878\/2021\/02\/minimon.png 498w, https:\/\/agora.xtec.cat\/escolaelfar\/wp-content\/uploads\/usu1878\/2021\/02\/minimon-234x300.png 234w\" sizes=\"auto, (max-width: 177px) 100vw, 177px\" \/><\/a><\/p>\n<ul>\n<li><strong>Treball cooperatiu. Constru\u00efm un ninot de neu amb diferents materials<\/strong><\/li>\n<\/ul>\n<p><a href=\"https:\/\/agora.xtec.cat\/escolaelfar\/wp-content\/uploads\/usu1878\/2021\/02\/ninots-neu.png\">\u00a0 \u00a0 \u00a0 \u00a0 \u00a0 \u00a0 \u00a0 \u00a0 \u00a0 \u00a0 \u00a0 \u00a0 \u00a0\u00a0 \u00a0 <img loading=\"lazy\" decoding=\"async\" class=\"alignnone wp-image-20214\" src=\"https:\/\/agora.xtec.cat\/escolaelfar\/wp-content\/uploads\/usu1878\/2021\/02\/ninots-neu.png\" alt=\"\" width=\"187\" height=\"190\" srcset=\"https:\/\/agora.xtec.cat\/escolaelfar\/wp-content\/uploads\/usu1878\/2021\/02\/ninots-neu.png 744w, https:\/\/agora.xtec.cat\/escolaelfar\/wp-content\/uploads\/usu1878\/2021\/02\/ninots-neu-294x300.png 294w\" sizes=\"auto, (max-width: 187px) 100vw, 187px\" \/><\/a><\/p>\n<p><a href=\"https:\/\/youtu.be\/XiNGgv7t06c\">V\u00eddeo 1<\/a><\/p>\n<p><a href=\"https:\/\/youtu.be\/aCy_CZm1_zQ\">V\u00eddeo 2<\/a><\/p>\n<ul>\n<li><strong>Aprenem un poema de l&#8217; hivern<br \/>\n<\/strong><\/li>\n<\/ul>\n<p><a href=\"https:\/\/agora.xtec.cat\/escolaelfar\/wp-content\/uploads\/usu1878\/2021\/02\/poema.png\">\u00a0 \u00a0 \u00a0 \u00a0 \u00a0 \u00a0 \u00a0 \u00a0 \u00a0 \u00a0 \u00a0 \u00a0 \u00a0 \u00a0 \u00a0 \u00a0 \u00a0 \u00a0 \u00a0 \u00a0 \u00a0 \u00a0 \u00a0 \u00a0 \u00a0 \u00a0 \u00a0 \u00a0 \u00a0 \u00a0 \u00a0 \u00a0 \u00a0 <img loading=\"lazy\" decoding=\"async\" class=\"alignnone wp-image-20255\" src=\"https:\/\/agora.xtec.cat\/escolaelfar\/wp-content\/uploads\/usu1878\/2021\/02\/poema-1024x773.png\" alt=\"\" width=\"211\" height=\"159\" srcset=\"https:\/\/agora.xtec.cat\/escolaelfar\/wp-content\/uploads\/usu1878\/2021\/02\/poema-1024x773.png 1024w, https:\/\/agora.xtec.cat\/escolaelfar\/wp-content\/uploads\/usu1878\/2021\/02\/poema-300x227.png 300w, https:\/\/agora.xtec.cat\/escolaelfar\/wp-content\/uploads\/usu1878\/2021\/02\/poema-768x580.png 768w, https:\/\/agora.xtec.cat\/escolaelfar\/wp-content\/uploads\/usu1878\/2021\/02\/poema-200x150.png 200w, https:\/\/agora.xtec.cat\/escolaelfar\/wp-content\/uploads\/usu1878\/2021\/02\/poema.png 1258w\" sizes=\"auto, (max-width: 211px) 100vw, 211px\" \/><\/a><\/p>\n<p><strong>Durant totes aquestes activitats, hem anat posant nom\u00a0a tot all\u00f2 que f\u00e8iem i hem experimentat moltes sensacions que ens han acompanyat en tot aquest proc\u00e9s de joc i d\u2019aprenentatge. <\/strong><\/p>\n<p><strong>Hem vist les caracter\u00edstiques pr\u00f2pies de l\u2019hivern i els canvis que en aquesta estaci\u00f3 es produeixen, fent ress\u00f2 en aspectes com les condicions clim\u00e0tiques, la vestimenta, els arbres, els animals \u2026. Sempre amb un enfocament pedag\u00f2gic i partint d\u2019activitats pr\u00e0ctiques.<\/strong><\/p>\n<p><strong>Aix\u00ed hem descobert caracter\u00edstiques de tot all\u00f2 que hem tocat: sec\/humit, la temperatura, la forma, la textura, el color\u2026.<\/strong><\/p>\n<p><strong>I tamb\u00e9 hem treballat habilitats manuals que ens preparen per a destreses m\u00e9s complexes com l\u2019aprenentatge de l\u2019escriptura<\/strong><\/p>\n<p><strong>\u00a1\u00a1Que divertit!!<\/strong><\/p>\n<p>&nbsp;<\/p>\n<p>&nbsp;<\/p>\n","protected":false},"excerpt":{"rendered":"<p>\u00a0 \u00a0 \u00a0 \u00a0 \u00a0 \u00a0 \u00a0 \u00a0 \u00a0 \u00a0 \u00a0 \u00a0 \u00a0 \u00a0 \u00a0 \u00a0 \u00a0 \u00a0 \u00a0 \u00a0 [&hellip;]<\/p>\n","protected":false},"author":37,"featured_media":20215,"comment_status":"open","ping_status":"closed","sticky":false,"template":"","format":"standard","meta":{"_bbp_topic_count":0,"_bbp_reply_count":0,"_bbp_total_topic_count":0,"_bbp_total_reply_count":0,"_bbp_voice_count":0,"_bbp_anonymous_reply_count":0,"_bbp_topic_count_hidden":0,"_bbp_reply_count_hidden":0,"_bbp_forum_subforum_count":0,"site-sidebar-layout":"default","site-content-layout":"","ast-site-content-layout":"","site-content-style":"default","site-sidebar-style":"default","ast-global-header-display":"","ast-banner-title-visibility":"","ast-main-header-display":"","ast-hfb-above-header-display":"","ast-hfb-below-header-display":"","ast-hfb-mobile-header-display":"","site-post-title":"","ast-breadcrumbs-content":"","ast-featured-img":"","footer-sml-layout":"","theme-transparent-header-meta":"","adv-header-id-meta":"","stick-header-meta":"","header-above-stick-meta":"","header-main-stick-meta":"","header-below-stick-meta":"","astra-migrate-meta-layouts":"default","ast-page-background-enabled":"default","ast-page-background-meta":{"desktop":{"background-color":"var(--ast-global-color-4)","background-image":"","background-repeat":"repeat","background-position":"center center","background-size":"auto","background-attachment":"scroll","background-type":"","background-media":"","overlay-type":"","overlay-color":"","overlay-opacity":"","overlay-gradient":""},"tablet":{"background-color":"","background-image":"","background-repeat":"repeat","background-position":"center center","background-size":"auto","background-attachment":"scroll","background-type":"","background-media":"","overlay-type":"","overlay-color":"","overlay-opacity":"","overlay-gradient":""},"mobile":{"background-color":"","background-image":"","background-repeat":"repeat","background-position":"center center","background-size":"auto","background-attachment":"scroll","background-type":"","background-media":"","overlay-type":"","overlay-color":"","overlay-opacity":"","overlay-gradient":""}},"ast-content-background-meta":{"desktop":{"background-color":"var(--ast-global-color-5)","background-image":"","background-repeat":"repeat","background-position":"center center","background-size":"auto","background-attachment":"scroll","background-type":"","background-media":"","overlay-type":"","overlay-color":"","overlay-opacity":"","overlay-gradient":""},"tablet":{"background-color":"var(--ast-global-color-5)","background-image":"","background-repeat":"repeat","background-position":"center center","background-size":"auto","background-attachment":"scroll","background-type":"","background-media":"","overlay-type":"","overlay-color":"","overlay-opacity":"","overlay-gradient":""},"mobile":{"background-color":"var(--ast-global-color-5)","background-image":"","background-repeat":"repeat","background-position":"center center","background-size":"auto","background-attachment":"scroll","background-type":"","background-media":"","overlay-type":"","overlay-color":"","overlay-opacity":"","overlay-gradient":""}},"footnotes":""},"categories":[3,2],"tags":[],"class_list":["post-20207","post","type-post","status-publish","format-standard","has-post-thumbnail","hentry","category-p3","category-infantil"],"post_mailing_queue_ids":[],"_links":{"self":[{"href":"https:\/\/agora.xtec.cat\/escolaelfar\/wp-json\/wp\/v2\/posts\/20207","targetHints":{"allow":["GET"]}}],"collection":[{"href":"https:\/\/agora.xtec.cat\/escolaelfar\/wp-json\/wp\/v2\/posts"}],"about":[{"href":"https:\/\/agora.xtec.cat\/escolaelfar\/wp-json\/wp\/v2\/types\/post"}],"author":[{"embeddable":true,"href":"https:\/\/agora.xtec.cat\/escolaelfar\/wp-json\/wp\/v2\/users\/37"}],"replies":[{"embeddable":true,"href":"https:\/\/agora.xtec.cat\/escolaelfar\/wp-json\/wp\/v2\/comments?post=20207"}],"version-history":[{"count":4,"href":"https:\/\/agora.xtec.cat\/escolaelfar\/wp-json\/wp\/v2\/posts\/20207\/revisions"}],"predecessor-version":[{"id":20272,"href":"https:\/\/agora.xtec.cat\/escolaelfar\/wp-json\/wp\/v2\/posts\/20207\/revisions\/20272"}],"wp:featuredmedia":[{"embeddable":true,"href":"https:\/\/agora.xtec.cat\/escolaelfar\/wp-json\/wp\/v2\/media\/20215"}],"wp:attachment":[{"href":"https:\/\/agora.xtec.cat\/escolaelfar\/wp-json\/wp\/v2\/media?parent=20207"}],"wp:term":[{"taxonomy":"category","embeddable":true,"href":"https:\/\/agora.xtec.cat\/escolaelfar\/wp-json\/wp\/v2\/categories?post=20207"},{"taxonomy":"post_tag","embeddable":true,"href":"https:\/\/agora.xtec.cat\/escolaelfar\/wp-json\/wp\/v2\/tags?post=20207"}],"curies":[{"name":"wp","href":"https:\/\/api.w.org\/{rel}","templated":true}]}}