{"id":1941,"date":"2019-04-01T16:22:35","date_gmt":"2019-04-01T14:22:35","guid":{"rendered":"https:\/\/agora.xtec.cat\/escolaelfar\/?p=1941"},"modified":"2019-04-03T15:38:49","modified_gmt":"2019-04-03T13:38:49","slug":"treballem-les-matematiques","status":"publish","type":"post","link":"https:\/\/agora.xtec.cat\/escolaelfar\/infantil\/treballem-les-matematiques\/","title":{"rendered":"TREBALLEM LES MATEM\u00c0TIQUES"},"content":{"rendered":"<p>TREBALLEM LES MATEM\u00c0TIQUES<br \/>\nA Educaci\u00f3 infantil comencem a treballar les mates partint d\u2019 un enfocament globalitzat, per\u00f2 no ens limitem a treballar els continguts de manera a\u00efllada, sin\u00f3 que a trav\u00e9s d`unes experi\u00e8ncies ajudem als infants a gestionar el coneixement, les habilitats i les emocions per assolir uns objectius m\u00e9s propers a situacions de la vida<br \/>\nquotidiana.<\/p>\n<p>Aquest nou plantejament afavoreix l\u2019 autonomia mental dels nens i nenes, pot\u00e8ncia<br \/>\nl\u2019 elaboraci\u00f3 d\u2019 hip\u00f2tesis, les estrat\u00e8gies de resoluci\u00f3 de problemes, la discussi\u00f3, el<br \/>\ncontrast, la construcci\u00f3 conjunta de solucions i la recerca de formes per plantejar<br \/>\nels resultats .<br \/>\nPartim de la base que la manipulaci\u00f3 de materials \u00e9s una necessitat b\u00e0sica dels<br \/>\ninfants i a trav\u00e9s del joc i de les consignes de les mestres els nens i nenes van<br \/>\nconstruint progressivament els conceptes matem\u00e0tics m\u00e9s abstractes.<br \/>\nEls diferents materials manipulatius els organitzem per blocs (l\u00f2gica, numeraci\u00f3 i<br \/>\nc\u00e0lcul, geometria, mesura i estad\u00edstica i probabilitat) i tamb\u00e9 per accions (identificar, relacionar i operar).<\/p>\n<p>LABORATORI MATEM\u00c0TIC\u00a0 Els nens i nenes interaccionen amb els materials.<\/p>\n<p>&nbsp;<\/p>\n<p><a href=\"https:\/\/agora.xtec.cat\/escolaelfar\/wp-content\/uploads\/usu1878\/2019\/03\/IMG_6122.jpg\">\u00a0 <img loading=\"lazy\" decoding=\"async\" class=\"alignnone wp-image-1944\" src=\"https:\/\/agora.xtec.cat\/escolaelfar\/wp-content\/uploads\/usu1878\/2019\/03\/IMG_6122-1024x768.jpg\" alt=\"\" width=\"357\" height=\"268\" srcset=\"https:\/\/agora.xtec.cat\/escolaelfar\/wp-content\/uploads\/usu1878\/2019\/03\/IMG_6122-1024x768.jpg 1024w, https:\/\/agora.xtec.cat\/escolaelfar\/wp-content\/uploads\/usu1878\/2019\/03\/IMG_6122-300x225.jpg 300w, https:\/\/agora.xtec.cat\/escolaelfar\/wp-content\/uploads\/usu1878\/2019\/03\/IMG_6122-768x576.jpg 768w, https:\/\/agora.xtec.cat\/escolaelfar\/wp-content\/uploads\/usu1878\/2019\/03\/IMG_6122-200x150.jpg 200w\" sizes=\"auto, (max-width: 357px) 100vw, 357px\" \/>\u00a0\u00a0\u00a0\u00a0\u00a0\u00a0\u00a0\u00a0\u00a0\u00a0\u00a0\u00a0\u00a0\u00a0\u00a0\u00a0\u00a0 <\/a><a href=\"https:\/\/agora.xtec.cat\/escolaelfar\/wp-content\/uploads\/usu1878\/2019\/03\/IMG_6117-1.jpg\"><img loading=\"lazy\" decoding=\"async\" class=\"alignnone wp-image-1956\" src=\"https:\/\/agora.xtec.cat\/escolaelfar\/wp-content\/uploads\/usu1878\/2019\/03\/IMG_6117-1.jpg\" alt=\"\" width=\"355\" height=\"266\" srcset=\"https:\/\/agora.xtec.cat\/escolaelfar\/wp-content\/uploads\/usu1878\/2019\/03\/IMG_6117-1.jpg 640w, https:\/\/agora.xtec.cat\/escolaelfar\/wp-content\/uploads\/usu1878\/2019\/03\/IMG_6117-1-300x225.jpg 300w, https:\/\/agora.xtec.cat\/escolaelfar\/wp-content\/uploads\/usu1878\/2019\/03\/IMG_6117-1-200x150.jpg 200w\" sizes=\"auto, (max-width: 355px) 100vw, 355px\" \/><\/a><\/p>\n<p>RACONS MATEM\u00c0TICS\u00a0\u00a0 Planificaci\u00f3 del treball per racons.<\/p>\n<p><a href=\"https:\/\/agora.xtec.cat\/escolaelfar\/wp-content\/uploads\/usu1878\/2019\/03\/IMG_6117.jpg\">\u00a0 <\/a> <a href=\"https:\/\/agora.xtec.cat\/escolaelfar\/wp-content\/uploads\/usu1878\/2019\/03\/IMG_0510.jpg\"><img loading=\"lazy\" decoding=\"async\" class=\"alignnone wp-image-1946\" src=\"https:\/\/agora.xtec.cat\/escolaelfar\/wp-content\/uploads\/usu1878\/2019\/03\/IMG_0510.jpg\" alt=\"\" width=\"348\" height=\"261\" srcset=\"https:\/\/agora.xtec.cat\/escolaelfar\/wp-content\/uploads\/usu1878\/2019\/03\/IMG_0510.jpg 640w, https:\/\/agora.xtec.cat\/escolaelfar\/wp-content\/uploads\/usu1878\/2019\/03\/IMG_0510-300x225.jpg 300w, https:\/\/agora.xtec.cat\/escolaelfar\/wp-content\/uploads\/usu1878\/2019\/03\/IMG_0510-200x150.jpg 200w\" sizes=\"auto, (max-width: 348px) 100vw, 348px\" \/><\/a>\u00a0 \u00a0 \u00a0 \u00a0 \u00a0 \u00a0\u00a0\u00a0\u00a0\u00a0\u00a0 <a href=\"https:\/\/agora.xtec.cat\/escolaelfar\/wp-content\/uploads\/usu1878\/2019\/03\/IMG_05081.jpg\"><img loading=\"lazy\" decoding=\"async\" class=\"alignnone wp-image-1947\" src=\"https:\/\/agora.xtec.cat\/escolaelfar\/wp-content\/uploads\/usu1878\/2019\/03\/IMG_05081.jpg\" alt=\"\" width=\"352\" height=\"264\" srcset=\"https:\/\/agora.xtec.cat\/escolaelfar\/wp-content\/uploads\/usu1878\/2019\/03\/IMG_05081.jpg 640w, https:\/\/agora.xtec.cat\/escolaelfar\/wp-content\/uploads\/usu1878\/2019\/03\/IMG_05081-300x225.jpg 300w, https:\/\/agora.xtec.cat\/escolaelfar\/wp-content\/uploads\/usu1878\/2019\/03\/IMG_05081-200x150.jpg 200w\" sizes=\"auto, (max-width: 352px) 100vw, 352px\" \/>\u00a0\u00a0\u00a0\u00a0\u00a0\u00a0\u00a0\u00a0\u00a0\u00a0\u00a0\u00a0\u00a0\u00a0\u00a0\u00a0 \u00a0 \u00a0 \u00a0 \u00a0 \u00a0 \u00a0 \u00a0 \u00a0 \u00a0 \u00a0 \u00a0 \u00a0 \u00a0 \u00a0 \u00a0 \u00a0\u00a0 \u00a0\u00a0\u00a0\u00a0\u00a0\u00a0\u00a0<\/a> <a href=\"https:\/\/agora.xtec.cat\/escolaelfar\/wp-content\/uploads\/usu1878\/2019\/03\/IMG_0524.jpg\"><img loading=\"lazy\" decoding=\"async\" class=\"alignnone wp-image-1949\" src=\"https:\/\/agora.xtec.cat\/escolaelfar\/wp-content\/uploads\/usu1878\/2019\/03\/IMG_0524.jpg\" alt=\"\" width=\"288\" height=\"384\" \/><\/a><\/p>\n<p>-Treballem la l\u00f2gica amb materials que tenen caracter\u00edstiques sensorials, que es<br \/>\npuguin comptar, classificar, ordenar, aparellar, seriar\u2026.<\/p>\n<p><a href=\"https:\/\/agora.xtec.cat\/escolaelfar\/wp-content\/uploads\/usu1878\/2019\/03\/IMG_0528.jpg\"><img loading=\"lazy\" decoding=\"async\" class=\"alignnone wp-image-1950\" src=\"https:\/\/agora.xtec.cat\/escolaelfar\/wp-content\/uploads\/usu1878\/2019\/03\/IMG_0528.jpg\" alt=\"\" width=\"372\" height=\"279\" srcset=\"https:\/\/agora.xtec.cat\/escolaelfar\/wp-content\/uploads\/usu1878\/2019\/03\/IMG_0528.jpg 640w, https:\/\/agora.xtec.cat\/escolaelfar\/wp-content\/uploads\/usu1878\/2019\/03\/IMG_0528-300x225.jpg 300w, https:\/\/agora.xtec.cat\/escolaelfar\/wp-content\/uploads\/usu1878\/2019\/03\/IMG_0528-200x150.jpg 200w\" sizes=\"auto, (max-width: 372px) 100vw, 372px\" \/><\/a> \u00a0 \u00a0 \u00a0 \u00a0 \u00a0 \u00a0\u00a0 <a href=\"https:\/\/agora.xtec.cat\/escolaelfar\/wp-content\/uploads\/usu1878\/2019\/03\/IMG_0527.jpg\"><img loading=\"lazy\" decoding=\"async\" class=\"alignnone wp-image-1952\" src=\"https:\/\/agora.xtec.cat\/escolaelfar\/wp-content\/uploads\/usu1878\/2019\/03\/IMG_0527.jpg\" alt=\"\" width=\"371\" height=\"278\" srcset=\"https:\/\/agora.xtec.cat\/escolaelfar\/wp-content\/uploads\/usu1878\/2019\/03\/IMG_0527.jpg 640w, https:\/\/agora.xtec.cat\/escolaelfar\/wp-content\/uploads\/usu1878\/2019\/03\/IMG_0527-300x225.jpg 300w, https:\/\/agora.xtec.cat\/escolaelfar\/wp-content\/uploads\/usu1878\/2019\/03\/IMG_0527-200x150.jpg 200w\" sizes=\"auto, (max-width: 371px) 100vw, 371px\" \/><\/a><\/p>\n<p>-Per treballar quantitats utilitzem materials discrets que es puguin comptar d\u2019 un<br \/>\nen un i diferents per poder-los comparar.<\/p>\n<p><a href=\"https:\/\/agora.xtec.cat\/escolaelfar\/wp-content\/uploads\/usu1878\/2019\/03\/IMG_5928-1.jpg\"><img loading=\"lazy\" decoding=\"async\" class=\"alignnone wp-image-1953\" src=\"https:\/\/agora.xtec.cat\/escolaelfar\/wp-content\/uploads\/usu1878\/2019\/03\/IMG_5928-1-1024x768.jpg\" alt=\"\" width=\"384\" height=\"288\" srcset=\"https:\/\/agora.xtec.cat\/escolaelfar\/wp-content\/uploads\/usu1878\/2019\/03\/IMG_5928-1-1024x768.jpg 1024w, https:\/\/agora.xtec.cat\/escolaelfar\/wp-content\/uploads\/usu1878\/2019\/03\/IMG_5928-1-300x225.jpg 300w, https:\/\/agora.xtec.cat\/escolaelfar\/wp-content\/uploads\/usu1878\/2019\/03\/IMG_5928-1-768x576.jpg 768w, https:\/\/agora.xtec.cat\/escolaelfar\/wp-content\/uploads\/usu1878\/2019\/03\/IMG_5928-1-200x150.jpg 200w\" sizes=\"auto, (max-width: 384px) 100vw, 384px\" \/>\u00a0\u00a0 \u00a0\u00a0 \u00a0\u00a0\u00a0 <\/a><a href=\"https:\/\/agora.xtec.cat\/escolaelfar\/wp-content\/uploads\/usu1878\/2019\/03\/IMG_5928.jpg\"><img loading=\"lazy\" decoding=\"async\" class=\"alignnone wp-image-1943\" src=\"https:\/\/agora.xtec.cat\/escolaelfar\/wp-content\/uploads\/usu1878\/2019\/03\/IMG_5928-1024x768.jpg\" alt=\"\" width=\"380\" height=\"285\" srcset=\"https:\/\/agora.xtec.cat\/escolaelfar\/wp-content\/uploads\/usu1878\/2019\/03\/IMG_5928-1024x768.jpg 1024w, https:\/\/agora.xtec.cat\/escolaelfar\/wp-content\/uploads\/usu1878\/2019\/03\/IMG_5928-300x225.jpg 300w, https:\/\/agora.xtec.cat\/escolaelfar\/wp-content\/uploads\/usu1878\/2019\/03\/IMG_5928-768x576.jpg 768w, https:\/\/agora.xtec.cat\/escolaelfar\/wp-content\/uploads\/usu1878\/2019\/03\/IMG_5928-200x150.jpg 200w\" sizes=\"auto, (max-width: 380px) 100vw, 380px\" \/><\/a><\/p>\n<p><a href=\"https:\/\/agora.xtec.cat\/escolaelfar\/wp-content\/uploads\/usu1878\/2019\/03\/IMG_5926-e1552912567795.jpg\">\u00a0\u00a0\u00a0\u00a0 <img loading=\"lazy\" decoding=\"async\" class=\"alignnone wp-image-1942 \" src=\"https:\/\/agora.xtec.cat\/escolaelfar\/wp-content\/uploads\/usu1878\/2019\/03\/IMG_5926-e1552912567795-768x1024.jpg\" alt=\"\" width=\"293\" height=\"391\" srcset=\"https:\/\/agora.xtec.cat\/escolaelfar\/wp-content\/uploads\/usu1878\/2019\/03\/IMG_5926-e1552912567795-768x1024.jpg 768w, https:\/\/agora.xtec.cat\/escolaelfar\/wp-content\/uploads\/usu1878\/2019\/03\/IMG_5926-e1552912567795-225x300.jpg 225w\" sizes=\"auto, (max-width: 293px) 100vw, 293px\" \/>\u00a0 \u00a0 \u00a0 \u00a0 \u00a0 \u00a0 \u00a0 \u00a0 \u00a0 <\/a><a href=\"https:\/\/agora.xtec.cat\/escolaelfar\/wp-content\/uploads\/usu1878\/2019\/03\/IMG_6435.jpg\"><img loading=\"lazy\" decoding=\"async\" class=\"alignnone wp-image-1945\" src=\"https:\/\/agora.xtec.cat\/escolaelfar\/wp-content\/uploads\/usu1878\/2019\/03\/IMG_6435-1024x768.jpg\" alt=\"\" width=\"402\" height=\"301\" srcset=\"https:\/\/agora.xtec.cat\/escolaelfar\/wp-content\/uploads\/usu1878\/2019\/03\/IMG_6435-1024x768.jpg 1024w, https:\/\/agora.xtec.cat\/escolaelfar\/wp-content\/uploads\/usu1878\/2019\/03\/IMG_6435-300x225.jpg 300w, https:\/\/agora.xtec.cat\/escolaelfar\/wp-content\/uploads\/usu1878\/2019\/03\/IMG_6435-768x576.jpg 768w, https:\/\/agora.xtec.cat\/escolaelfar\/wp-content\/uploads\/usu1878\/2019\/03\/IMG_6435-200x150.jpg 200w\" sizes=\"auto, (max-width: 402px) 100vw, 402px\" \/><\/a><\/p>\n<p>Els materials que utilitzem canvien segons els conceptes que volem treballar :<br \/>\n-Per treballar la geometria es important manipular objectes de 2 i 3 dimensions.<\/p>\n<p>-Els materials per treballar les magnituds (longitud, massa, capacitat, volum \u2026)<br \/>\nseran elements quotidians. Aix\u00ed com per iniciar-nos en l\u2019 estad\u00edstica i probabilitat<br \/>\nfarem servir situacions de l\u2019 entorn.<\/p>\n<p><a href=\"https:\/\/agora.xtec.cat\/escolaelfar\/wp-content\/uploads\/usu1878\/2019\/04\/IMG_1893.jpg\"><img loading=\"lazy\" decoding=\"async\" class=\"alignnone wp-image-2072\" src=\"https:\/\/agora.xtec.cat\/escolaelfar\/wp-content\/uploads\/usu1878\/2019\/04\/IMG_1893.jpg\" alt=\"\" width=\"264\" height=\"180\" srcset=\"https:\/\/agora.xtec.cat\/escolaelfar\/wp-content\/uploads\/usu1878\/2019\/04\/IMG_1893.jpg 750w, https:\/\/agora.xtec.cat\/escolaelfar\/wp-content\/uploads\/usu1878\/2019\/04\/IMG_1893-300x205.jpg 300w\" sizes=\"auto, (max-width: 264px) 100vw, 264px\" \/>\u00a0\u00a0<\/a><a href=\"https:\/\/agora.xtec.cat\/escolaelfar\/wp-content\/uploads\/usu1878\/2019\/04\/IMG_1826.jpg\"><img loading=\"lazy\" decoding=\"async\" class=\"alignnone wp-image-2073\" src=\"https:\/\/agora.xtec.cat\/escolaelfar\/wp-content\/uploads\/usu1878\/2019\/04\/IMG_1826.jpg\" alt=\"\" width=\"245\" height=\"184\" srcset=\"https:\/\/agora.xtec.cat\/escolaelfar\/wp-content\/uploads\/usu1878\/2019\/04\/IMG_1826.jpg 320w, https:\/\/agora.xtec.cat\/escolaelfar\/wp-content\/uploads\/usu1878\/2019\/04\/IMG_1826-300x225.jpg 300w, https:\/\/agora.xtec.cat\/escolaelfar\/wp-content\/uploads\/usu1878\/2019\/04\/IMG_1826-200x150.jpg 200w\" sizes=\"auto, (max-width: 245px) 100vw, 245px\" \/>\u00a0\u00a0<\/a><a href=\"https:\/\/agora.xtec.cat\/escolaelfar\/wp-content\/uploads\/usu1878\/2019\/04\/IMG_1892.jpg\"><img loading=\"lazy\" decoding=\"async\" class=\"alignnone wp-image-2074\" src=\"https:\/\/agora.xtec.cat\/escolaelfar\/wp-content\/uploads\/usu1878\/2019\/04\/IMG_1892.jpg\" alt=\"\" width=\"263\" height=\"181\" srcset=\"https:\/\/agora.xtec.cat\/escolaelfar\/wp-content\/uploads\/usu1878\/2019\/04\/IMG_1892.jpg 750w, https:\/\/agora.xtec.cat\/escolaelfar\/wp-content\/uploads\/usu1878\/2019\/04\/IMG_1892-300x206.jpg 300w\" sizes=\"auto, (max-width: 263px) 100vw, 263px\" \/><\/a><\/p>\n","protected":false},"excerpt":{"rendered":"<p>TREBALLEM LES MATEM\u00c0TIQUES A Educaci\u00f3 infantil comencem a treballar les mates partint d\u2019 un enfocament globalitzat, per\u00f2 no ens limitem [&hellip;]<\/p>\n","protected":false},"author":11,"featured_media":0,"comment_status":"open","ping_status":"closed","sticky":false,"template":"","format":"standard","meta":{"_bbp_topic_count":0,"_bbp_reply_count":0,"_bbp_total_topic_count":0,"_bbp_total_reply_count":0,"_bbp_voice_count":0,"_bbp_anonymous_reply_count":0,"_bbp_topic_count_hidden":0,"_bbp_reply_count_hidden":0,"_bbp_forum_subforum_count":0,"site-sidebar-layout":"default","site-content-layout":"","ast-site-content-layout":"","site-content-style":"default","site-sidebar-style":"default","ast-global-header-display":"","ast-banner-title-visibility":"","ast-main-header-display":"","ast-hfb-above-header-display":"","ast-hfb-below-header-display":"","ast-hfb-mobile-header-display":"","site-post-title":"","ast-breadcrumbs-content":"","ast-featured-img":"","footer-sml-layout":"","theme-transparent-header-meta":"","adv-header-id-meta":"","stick-header-meta":"","header-above-stick-meta":"","header-main-stick-meta":"","header-below-stick-meta":"","astra-migrate-meta-layouts":"default","ast-page-background-enabled":"default","ast-page-background-meta":{"desktop":{"background-color":"var(--ast-global-color-4)","background-image":"","background-repeat":"repeat","background-position":"center center","background-size":"auto","background-attachment":"scroll","background-type":"","background-media":"","overlay-type":"","overlay-color":"","overlay-opacity":"","overlay-gradient":""},"tablet":{"background-color":"","background-image":"","background-repeat":"repeat","background-position":"center center","background-size":"auto","background-attachment":"scroll","background-type":"","background-media":"","overlay-type":"","overlay-color":"","overlay-opacity":"","overlay-gradient":""},"mobile":{"background-color":"","background-image":"","background-repeat":"repeat","background-position":"center center","background-size":"auto","background-attachment":"scroll","background-type":"","background-media":"","overlay-type":"","overlay-color":"","overlay-opacity":"","overlay-gradient":""}},"ast-content-background-meta":{"desktop":{"background-color":"var(--ast-global-color-5)","background-image":"","background-repeat":"repeat","background-position":"center center","background-size":"auto","background-attachment":"scroll","background-type":"","background-media":"","overlay-type":"","overlay-color":"","overlay-opacity":"","overlay-gradient":""},"tablet":{"background-color":"var(--ast-global-color-5)","background-image":"","background-repeat":"repeat","background-position":"center center","background-size":"auto","background-attachment":"scroll","background-type":"","background-media":"","overlay-type":"","overlay-color":"","overlay-opacity":"","overlay-gradient":""},"mobile":{"background-color":"var(--ast-global-color-5)","background-image":"","background-repeat":"repeat","background-position":"center center","background-size":"auto","background-attachment":"scroll","background-type":"","background-media":"","overlay-type":"","overlay-color":"","overlay-opacity":"","overlay-gradient":""}},"footnotes":""},"categories":[2],"tags":[156],"class_list":["post-1941","post","type-post","status-publish","format-standard","hentry","category-infantil","tag-mates-a-infantil"],"post_mailing_queue_ids":[],"_links":{"self":[{"href":"https:\/\/agora.xtec.cat\/escolaelfar\/wp-json\/wp\/v2\/posts\/1941","targetHints":{"allow":["GET"]}}],"collection":[{"href":"https:\/\/agora.xtec.cat\/escolaelfar\/wp-json\/wp\/v2\/posts"}],"about":[{"href":"https:\/\/agora.xtec.cat\/escolaelfar\/wp-json\/wp\/v2\/types\/post"}],"author":[{"embeddable":true,"href":"https:\/\/agora.xtec.cat\/escolaelfar\/wp-json\/wp\/v2\/users\/11"}],"replies":[{"embeddable":true,"href":"https:\/\/agora.xtec.cat\/escolaelfar\/wp-json\/wp\/v2\/comments?post=1941"}],"version-history":[{"count":3,"href":"https:\/\/agora.xtec.cat\/escolaelfar\/wp-json\/wp\/v2\/posts\/1941\/revisions"}],"predecessor-version":[{"id":2075,"href":"https:\/\/agora.xtec.cat\/escolaelfar\/wp-json\/wp\/v2\/posts\/1941\/revisions\/2075"}],"wp:attachment":[{"href":"https:\/\/agora.xtec.cat\/escolaelfar\/wp-json\/wp\/v2\/media?parent=1941"}],"wp:term":[{"taxonomy":"category","embeddable":true,"href":"https:\/\/agora.xtec.cat\/escolaelfar\/wp-json\/wp\/v2\/categories?post=1941"},{"taxonomy":"post_tag","embeddable":true,"href":"https:\/\/agora.xtec.cat\/escolaelfar\/wp-json\/wp\/v2\/tags?post=1941"}],"curies":[{"name":"wp","href":"https:\/\/api.w.org\/{rel}","templated":true}]}}