{"id":19396,"date":"2020-10-26T17:49:46","date_gmt":"2020-10-26T16:49:46","guid":{"rendered":"https:\/\/agora.xtec.cat\/escolaelfar\/?p=19396"},"modified":"2020-11-02T11:27:52","modified_gmt":"2020-11-02T10:27:52","slug":"les-fulles-cobren-vida","status":"publish","type":"post","link":"https:\/\/agora.xtec.cat\/escolaelfar\/general\/les-fulles-cobren-vida\/","title":{"rendered":"LES FULLES COBREN VIDA"},"content":{"rendered":"<p style=\"text-align: justify\">Les fulles que cauen dels arbres a la tardor sempre serveixen d&#8217;inspiraci\u00f3 als m\u00e9s creatius a l&#8217;hora de fer obres art\u00edstiques. Per als alumnes de 1r., tamb\u00e9 ha estat una meravellosa oportunitat per a desenvolupar la vena art\u00edstica que porten dins. Aprofitant que estem treballant el cos hum\u00e0, hem fet unes boniques creacions amb fulles.<\/p>\n<p><a href=\"https:\/\/agora.xtec.cat\/escolaelfar\/wp-content\/uploads\/usu1878\/2020\/10\/foto-definitiva.jpg\"><img loading=\"lazy\" decoding=\"async\" class=\"alignnone size-full wp-image-19473\" src=\"https:\/\/agora.xtec.cat\/escolaelfar\/wp-content\/uploads\/usu1878\/2020\/10\/foto-definitiva.jpg\" alt=\"\" width=\"768\" height=\"432\" srcset=\"https:\/\/agora.xtec.cat\/escolaelfar\/wp-content\/uploads\/usu1878\/2020\/10\/foto-definitiva.jpg 768w, https:\/\/agora.xtec.cat\/escolaelfar\/wp-content\/uploads\/usu1878\/2020\/10\/foto-definitiva-300x169.jpg 300w\" sizes=\"auto, (max-width: 768px) 100vw, 768px\" \/><\/a><\/p>\n<p><a href=\"https:\/\/agora.xtec.cat\/escolaelfar\/wp-content\/uploads\/usu1878\/2020\/10\/El-cos-amb-fulles-1rB.jpg\"><img loading=\"lazy\" decoding=\"async\" class=\"wp-image-19401 aligncenter\" src=\"https:\/\/agora.xtec.cat\/escolaelfar\/wp-content\/uploads\/usu1878\/2020\/10\/El-cos-amb-fulles-1rB-1024x464.jpg\" alt=\"\" width=\"759\" height=\"344\" srcset=\"https:\/\/agora.xtec.cat\/escolaelfar\/wp-content\/uploads\/usu1878\/2020\/10\/El-cos-amb-fulles-1rB-1024x464.jpg 1024w, https:\/\/agora.xtec.cat\/escolaelfar\/wp-content\/uploads\/usu1878\/2020\/10\/El-cos-amb-fulles-1rB-300x136.jpg 300w, https:\/\/agora.xtec.cat\/escolaelfar\/wp-content\/uploads\/usu1878\/2020\/10\/El-cos-amb-fulles-1rB-768x348.jpg 768w\" sizes=\"auto, (max-width: 759px) 100vw, 759px\" \/><\/a><\/p>\n<p>&nbsp;<\/p>\n<p>&nbsp;<\/p>\n","protected":false},"excerpt":{"rendered":"<p>Les fulles que cauen dels arbres a la tardor sempre serveixen d&#8217;inspiraci\u00f3 als m\u00e9s creatius a l&#8217;hora de fer obres [&hellip;]<\/p>\n","protected":false},"author":39,"featured_media":0,"comment_status":"open","ping_status":"closed","sticky":false,"template":"","format":"standard","meta":{"_bbp_topic_count":0,"_bbp_reply_count":0,"_bbp_total_topic_count":0,"_bbp_total_reply_count":0,"_bbp_voice_count":0,"_bbp_anonymous_reply_count":0,"_bbp_topic_count_hidden":0,"_bbp_reply_count_hidden":0,"_bbp_forum_subforum_count":0,"site-sidebar-layout":"default","site-content-layout":"","ast-site-content-layout":"","site-content-style":"default","site-sidebar-style":"default","ast-global-header-display":"","ast-banner-title-visibility":"","ast-main-header-display":"","ast-hfb-above-header-display":"","ast-hfb-below-header-display":"","ast-hfb-mobile-header-display":"","site-post-title":"","ast-breadcrumbs-content":"","ast-featured-img":"","footer-sml-layout":"","theme-transparent-header-meta":"","adv-header-id-meta":"","stick-header-meta":"","header-above-stick-meta":"","header-main-stick-meta":"","header-below-stick-meta":"","astra-migrate-meta-layouts":"default","ast-page-background-enabled":"default","ast-page-background-meta":{"desktop":{"background-color":"var(--ast-global-color-4)","background-image":"","background-repeat":"repeat","background-position":"center center","background-size":"auto","background-attachment":"scroll","background-type":"","background-media":"","overlay-type":"","overlay-color":"","overlay-opacity":"","overlay-gradient":""},"tablet":{"background-color":"","background-image":"","background-repeat":"repeat","background-position":"center center","background-size":"auto","background-attachment":"scroll","background-type":"","background-media":"","overlay-type":"","overlay-color":"","overlay-opacity":"","overlay-gradient":""},"mobile":{"background-color":"","background-image":"","background-repeat":"repeat","background-position":"center center","background-size":"auto","background-attachment":"scroll","background-type":"","background-media":"","overlay-type":"","overlay-color":"","overlay-opacity":"","overlay-gradient":""}},"ast-content-background-meta":{"desktop":{"background-color":"var(--ast-global-color-5)","background-image":"","background-repeat":"repeat","background-position":"center center","background-size":"auto","background-attachment":"scroll","background-type":"","background-media":"","overlay-type":"","overlay-color":"","overlay-opacity":"","overlay-gradient":""},"tablet":{"background-color":"var(--ast-global-color-5)","background-image":"","background-repeat":"repeat","background-position":"center center","background-size":"auto","background-attachment":"scroll","background-type":"","background-media":"","overlay-type":"","overlay-color":"","overlay-opacity":"","overlay-gradient":""},"mobile":{"background-color":"var(--ast-global-color-5)","background-image":"","background-repeat":"repeat","background-position":"center center","background-size":"auto","background-attachment":"scroll","background-type":"","background-media":"","overlay-type":"","overlay-color":"","overlay-opacity":"","overlay-gradient":""}},"footnotes":""},"categories":[10,1],"tags":[],"class_list":["post-19396","post","type-post","status-publish","format-standard","hentry","category-1r","category-general"],"post_mailing_queue_ids":[],"_links":{"self":[{"href":"https:\/\/agora.xtec.cat\/escolaelfar\/wp-json\/wp\/v2\/posts\/19396","targetHints":{"allow":["GET"]}}],"collection":[{"href":"https:\/\/agora.xtec.cat\/escolaelfar\/wp-json\/wp\/v2\/posts"}],"about":[{"href":"https:\/\/agora.xtec.cat\/escolaelfar\/wp-json\/wp\/v2\/types\/post"}],"author":[{"embeddable":true,"href":"https:\/\/agora.xtec.cat\/escolaelfar\/wp-json\/wp\/v2\/users\/39"}],"replies":[{"embeddable":true,"href":"https:\/\/agora.xtec.cat\/escolaelfar\/wp-json\/wp\/v2\/comments?post=19396"}],"version-history":[{"count":3,"href":"https:\/\/agora.xtec.cat\/escolaelfar\/wp-json\/wp\/v2\/posts\/19396\/revisions"}],"predecessor-version":[{"id":19474,"href":"https:\/\/agora.xtec.cat\/escolaelfar\/wp-json\/wp\/v2\/posts\/19396\/revisions\/19474"}],"wp:attachment":[{"href":"https:\/\/agora.xtec.cat\/escolaelfar\/wp-json\/wp\/v2\/media?parent=19396"}],"wp:term":[{"taxonomy":"category","embeddable":true,"href":"https:\/\/agora.xtec.cat\/escolaelfar\/wp-json\/wp\/v2\/categories?post=19396"},{"taxonomy":"post_tag","embeddable":true,"href":"https:\/\/agora.xtec.cat\/escolaelfar\/wp-json\/wp\/v2\/tags?post=19396"}],"curies":[{"name":"wp","href":"https:\/\/api.w.org\/{rel}","templated":true}]}}