{"id":19257,"date":"2020-09-30T00:27:44","date_gmt":"2020-09-29T22:27:44","guid":{"rendered":"https:\/\/agora.xtec.cat\/escolaelfar\/?p=19257"},"modified":"2020-10-08T23:20:08","modified_gmt":"2020-10-08T21:20:08","slug":"treballem-lautoestima","status":"publish","type":"post","link":"https:\/\/agora.xtec.cat\/escolaelfar\/primaria\/2n\/treballem-lautoestima\/","title":{"rendered":"Treballem l&#8217;AUTOESTIMA"},"content":{"rendered":"<p>Avui, a l&#8217;hora de valors, hem fet una din\u00e0mica per treballar l&#8217;AUTOESTIMA. Qu\u00e8 important \u00e9s valorar-nos a nosaltres mateixos\/es i a la vegada valorar als altres! Aquests primers dies d&#8217;escola estem treballant les emocions i cuidant-nos uns als altres. Hem gaudit molt\u00edssim de l&#8217;activitat a l&#8217;aire lliure, compartint adjectius positius pels nostres companys i companyes de l&#8217;aula! Quina sorpresa quan hem llegit cada un de nosaltres el que ens han escrit els altres! Ens hem emocionat!<\/p>\n<p>Aqu\u00ed teniu un recull de fotos fent l&#8217;activitat. En breus penjarem un altre recull amb el resultat.<\/p>\n<p>Una abra\u00e7ada a tots i totes!<\/p>\n<p>Anna V.<\/p>\n<p style=\"text-align: center\"><a href=\"https:\/\/agora.xtec.cat\/escolaelfar\/wp-content\/uploads\/usu1878\/2020\/09\/valors-autoestima.png\"><img loading=\"lazy\" decoding=\"async\" class=\"wp-image-19258 aligncenter\" src=\"https:\/\/agora.xtec.cat\/escolaelfar\/wp-content\/uploads\/usu1878\/2020\/09\/valors-autoestima.png\" alt=\"\" width=\"865\" height=\"612\" srcset=\"https:\/\/agora.xtec.cat\/escolaelfar\/wp-content\/uploads\/usu1878\/2020\/09\/valors-autoestima.png 826w, https:\/\/agora.xtec.cat\/escolaelfar\/wp-content\/uploads\/usu1878\/2020\/09\/valors-autoestima-300x212.png 300w, https:\/\/agora.xtec.cat\/escolaelfar\/wp-content\/uploads\/usu1878\/2020\/09\/valors-autoestima-768x543.png 768w\" sizes=\"auto, (max-width: 865px) 100vw, 865px\" \/><\/a><a href=\"https:\/\/agora.xtec.cat\/escolaelfar\/wp-content\/uploads\/usu1878\/2020\/09\/resultat-valors-autoestima.png\"><img loading=\"lazy\" decoding=\"async\" class=\"alignnone size-full wp-image-19284\" src=\"https:\/\/agora.xtec.cat\/escolaelfar\/wp-content\/uploads\/usu1878\/2020\/09\/resultat-valors-autoestima.png\" alt=\"\" width=\"873\" height=\"637\" srcset=\"https:\/\/agora.xtec.cat\/escolaelfar\/wp-content\/uploads\/usu1878\/2020\/09\/resultat-valors-autoestima.png 873w, https:\/\/agora.xtec.cat\/escolaelfar\/wp-content\/uploads\/usu1878\/2020\/09\/resultat-valors-autoestima-300x219.png 300w, https:\/\/agora.xtec.cat\/escolaelfar\/wp-content\/uploads\/usu1878\/2020\/09\/resultat-valors-autoestima-768x560.png 768w\" sizes=\"auto, (max-width: 873px) 100vw, 873px\" \/><\/a><\/p>\n","protected":false},"excerpt":{"rendered":"<p>Avui, a l&#8217;hora de valors, hem fet una din\u00e0mica per treballar l&#8217;AUTOESTIMA. Qu\u00e8 important \u00e9s valorar-nos a nosaltres mateixos\/es i [&hellip;]<\/p>\n","protected":false},"author":39,"featured_media":0,"comment_status":"open","ping_status":"closed","sticky":false,"template":"","format":"standard","meta":{"_bbp_topic_count":0,"_bbp_reply_count":0,"_bbp_total_topic_count":0,"_bbp_total_reply_count":0,"_bbp_voice_count":0,"_bbp_anonymous_reply_count":0,"_bbp_topic_count_hidden":0,"_bbp_reply_count_hidden":0,"_bbp_forum_subforum_count":0,"site-sidebar-layout":"default","site-content-layout":"","ast-site-content-layout":"","site-content-style":"default","site-sidebar-style":"default","ast-global-header-display":"","ast-banner-title-visibility":"","ast-main-header-display":"","ast-hfb-above-header-display":"","ast-hfb-below-header-display":"","ast-hfb-mobile-header-display":"","site-post-title":"","ast-breadcrumbs-content":"","ast-featured-img":"","footer-sml-layout":"","theme-transparent-header-meta":"","adv-header-id-meta":"","stick-header-meta":"","header-above-stick-meta":"","header-main-stick-meta":"","header-below-stick-meta":"","astra-migrate-meta-layouts":"default","ast-page-background-enabled":"default","ast-page-background-meta":{"desktop":{"background-color":"var(--ast-global-color-4)","background-image":"","background-repeat":"repeat","background-position":"center center","background-size":"auto","background-attachment":"scroll","background-type":"","background-media":"","overlay-type":"","overlay-color":"","overlay-opacity":"","overlay-gradient":""},"tablet":{"background-color":"","background-image":"","background-repeat":"repeat","background-position":"center center","background-size":"auto","background-attachment":"scroll","background-type":"","background-media":"","overlay-type":"","overlay-color":"","overlay-opacity":"","overlay-gradient":""},"mobile":{"background-color":"","background-image":"","background-repeat":"repeat","background-position":"center center","background-size":"auto","background-attachment":"scroll","background-type":"","background-media":"","overlay-type":"","overlay-color":"","overlay-opacity":"","overlay-gradient":""}},"ast-content-background-meta":{"desktop":{"background-color":"var(--ast-global-color-5)","background-image":"","background-repeat":"repeat","background-position":"center center","background-size":"auto","background-attachment":"scroll","background-type":"","background-media":"","overlay-type":"","overlay-color":"","overlay-opacity":"","overlay-gradient":""},"tablet":{"background-color":"var(--ast-global-color-5)","background-image":"","background-repeat":"repeat","background-position":"center center","background-size":"auto","background-attachment":"scroll","background-type":"","background-media":"","overlay-type":"","overlay-color":"","overlay-opacity":"","overlay-gradient":""},"mobile":{"background-color":"var(--ast-global-color-5)","background-image":"","background-repeat":"repeat","background-position":"center center","background-size":"auto","background-attachment":"scroll","background-type":"","background-media":"","overlay-type":"","overlay-color":"","overlay-opacity":"","overlay-gradient":""}},"footnotes":""},"categories":[11],"tags":[],"class_list":["post-19257","post","type-post","status-publish","format-standard","hentry","category-2n"],"post_mailing_queue_ids":[],"_links":{"self":[{"href":"https:\/\/agora.xtec.cat\/escolaelfar\/wp-json\/wp\/v2\/posts\/19257","targetHints":{"allow":["GET"]}}],"collection":[{"href":"https:\/\/agora.xtec.cat\/escolaelfar\/wp-json\/wp\/v2\/posts"}],"about":[{"href":"https:\/\/agora.xtec.cat\/escolaelfar\/wp-json\/wp\/v2\/types\/post"}],"author":[{"embeddable":true,"href":"https:\/\/agora.xtec.cat\/escolaelfar\/wp-json\/wp\/v2\/users\/39"}],"replies":[{"embeddable":true,"href":"https:\/\/agora.xtec.cat\/escolaelfar\/wp-json\/wp\/v2\/comments?post=19257"}],"version-history":[{"count":2,"href":"https:\/\/agora.xtec.cat\/escolaelfar\/wp-json\/wp\/v2\/posts\/19257\/revisions"}],"predecessor-version":[{"id":19285,"href":"https:\/\/agora.xtec.cat\/escolaelfar\/wp-json\/wp\/v2\/posts\/19257\/revisions\/19285"}],"wp:attachment":[{"href":"https:\/\/agora.xtec.cat\/escolaelfar\/wp-json\/wp\/v2\/media?parent=19257"}],"wp:term":[{"taxonomy":"category","embeddable":true,"href":"https:\/\/agora.xtec.cat\/escolaelfar\/wp-json\/wp\/v2\/categories?post=19257"},{"taxonomy":"post_tag","embeddable":true,"href":"https:\/\/agora.xtec.cat\/escolaelfar\/wp-json\/wp\/v2\/tags?post=19257"}],"curies":[{"name":"wp","href":"https:\/\/api.w.org\/{rel}","templated":true}]}}