{"id":1850,"date":"2019-02-19T19:34:30","date_gmt":"2019-02-19T18:34:30","guid":{"rendered":"https:\/\/agora.xtec.cat\/escolaelfar\/?p=1850"},"modified":"2020-03-13T18:06:33","modified_gmt":"2020-03-13T17:06:33","slug":"carnaval-2019","status":"publish","type":"post","link":"https:\/\/agora.xtec.cat\/escolaelfar\/general\/carnaval-2019\/","title":{"rendered":"CARNAVAL 2019"},"content":{"rendered":"<p><strong>Benvolgudes fam\u00edlies,<\/strong><\/p>\n<p><strong>Com ja sabeu, s\u2019acosta el carnaval i demanem la vostra col\u00b7laboraci\u00f3 per tal d\u2019organitzar la festa.<\/strong><\/p>\n<p><strong>En breu rebrem la visita de Sa Majestat Carnestoltes \u201cel rei dels poca-soltes\u201d, i ens dictar\u00e0 unes ordres que haurem de complir al llarg de la setmana vinent (tan punt com tinguem la informaci\u00f3, us la farem arribar).<\/strong><\/p>\n<p><strong>El <\/strong><strong><u>divendres 1 de mar\u00e7<\/u><\/strong><strong><u> a la tarda<\/u><\/strong><strong> celebrem la Festa de Carnaval a l\u2019escola. Recordeu que <\/strong><strong>l\u2019horari <\/strong><strong>d\u2019aquest dia ser\u00e0 el seg\u00fcent:<\/strong><\/p>\n<ul>\n<li><strong><u>Mat\u00ed: <\/u><\/strong><strong>de 9 a 12h<\/strong><\/li>\n<li><strong><u>Tarda:<\/u><\/strong><strong> de 14:30 a 16:30h<\/strong><\/li>\n<\/ul>\n<p><strong>A <\/strong><strong>les<\/strong> <strong>14:15h<\/strong><strong> les portes de l\u2019escola s\u2019obriran perqu\u00e8 pugueu entrar a disfressar els nenes i nenes que s\u2019han quedat al menjador.<\/strong><\/p>\n<p><strong>\u00a0A les <\/strong><strong>14:30h<\/strong><strong> s\u2019obriran les portes del FARMUSEUM i tothom podr\u00e0 accedir a la sala central del museu on estaran exposats els quadres m\u00e9s importants.\u00a0 A les 14:45h tindr\u00e0 lloc l \u2019inici de l\u2019espectacle.<\/strong><\/p>\n<p><strong>Us demanem RESPONSABILITAT i CIVISME alhora d\u2019entrar al museu i buscar lloc per fer d\u2019espectador. <\/strong><\/p>\n<p><strong>Mentre duri l\u2019espectacle demanen no molestar als alumnes i un cop acabat, quan <u>el mestre\/a ho indiqui<\/u>, \u00a0cada familiar es podr\u00e0 fer c\u00e0rrec del seu fill\/a fins l\u2019hora de marxar. <\/strong><\/p>\n<p><strong>A continuaci\u00f3 l\u2019AMPA continuar\u00e0 la festa amb m\u00fasica, xocolatada, entrepans i servei de bar.<\/strong><\/p>\n<p>&nbsp;<\/p>\n<p>Una vegada passada la gran festa de l&#8217;escola, el carnaval, us deixem totes les actuacions. Esperem que gaudiu molt amb els vostres fills i filles, d&#8217;aquesta festa tan fant\u00e0stica, on tothom li posa molt esfor\u00e7 i il\u00b7lusi\u00f3.<\/p>\n<p>Nosaltres, l&#8217;equip de mestres, vam gaudir molt\u00edssim d&#8217;una festa fant\u00e0stica, esperem que vosaltres tamb\u00e9, us volem agrair tot l&#8217;esfor\u00e7, ajuda i participaci\u00f3 que heu tingut, acompanyant als vostres fills i filles, i ens tornem a veure aviat!!!.<\/p>\n<p style=\"text-align: right;\">Equip de mestres.<\/p>\n<p>&nbsp;<\/p>\n<h2 style=\"text-align: center;\"><span style=\"text-decoration: underline;\"><strong>BENVINGUTS AL FARMUSEUM<\/strong><\/span><\/h2>\n<p style=\"text-align: center;\">MAKING-OF poques hores abans de comen\u00e7ar l&#8217;espectacle.<\/p>\n<div class=\"ast-oembed-container \" style=\"height: 100%;\"><iframe loading=\"lazy\" title=\"MAKING OFF CARNAVAL&#039;19 ESCOLA EL FAR\" width=\"500\" height=\"281\" src=\"https:\/\/www.youtube.com\/embed\/2sn0evyIxXE?feature=oembed\" frameborder=\"0\" allow=\"accelerometer; autoplay; clipboard-write; encrypted-media; gyroscope; picture-in-picture; web-share\" referrerpolicy=\"strict-origin-when-cross-origin\" allowfullscreen><\/iframe><\/div>\n<p style=\"text-align: center;\">S&#8217;OBREN LES PORTES DEL FARMUSEUM, ENDAVANT!!!<\/p>\n<div class=\"ast-oembed-container \" style=\"height: 100%;\"><iframe loading=\"lazy\" title=\"CARNAVAL ESCOLA EL FAR&#039;19\" width=\"500\" height=\"281\" src=\"https:\/\/www.youtube.com\/embed\/r4vihV6tDI8?feature=oembed\" frameborder=\"0\" allow=\"accelerometer; autoplay; clipboard-write; encrypted-media; gyroscope; picture-in-picture; web-share\" referrerpolicy=\"strict-origin-when-cross-origin\" allowfullscreen><\/iframe><\/div>\n","protected":false},"excerpt":{"rendered":"<p>Benvolgudes fam\u00edlies, Com ja sabeu, s\u2019acosta el carnaval i demanem la vostra col\u00b7laboraci\u00f3 per tal d\u2019organitzar la festa. En breu [&hellip;]<\/p>\n","protected":false},"author":3,"featured_media":1855,"comment_status":"open","ping_status":"closed","sticky":false,"template":"","format":"standard","meta":{"_bbp_topic_count":0,"_bbp_reply_count":0,"_bbp_total_topic_count":0,"_bbp_total_reply_count":0,"_bbp_voice_count":0,"_bbp_anonymous_reply_count":0,"_bbp_topic_count_hidden":0,"_bbp_reply_count_hidden":0,"_bbp_forum_subforum_count":0,"site-sidebar-layout":"default","site-content-layout":"","ast-site-content-layout":"","site-content-style":"default","site-sidebar-style":"default","ast-global-header-display":"","ast-banner-title-visibility":"","ast-main-header-display":"","ast-hfb-above-header-display":"","ast-hfb-below-header-display":"","ast-hfb-mobile-header-display":"","site-post-title":"","ast-breadcrumbs-content":"","ast-featured-img":"","footer-sml-layout":"","theme-transparent-header-meta":"","adv-header-id-meta":"","stick-header-meta":"","header-above-stick-meta":"","header-main-stick-meta":"","header-below-stick-meta":"","astra-migrate-meta-layouts":"default","ast-page-background-enabled":"default","ast-page-background-meta":{"desktop":{"background-color":"var(--ast-global-color-4)","background-image":"","background-repeat":"repeat","background-position":"center center","background-size":"auto","background-attachment":"scroll","background-type":"","background-media":"","overlay-type":"","overlay-color":"","overlay-opacity":"","overlay-gradient":""},"tablet":{"background-color":"","background-image":"","background-repeat":"repeat","background-position":"center center","background-size":"auto","background-attachment":"scroll","background-type":"","background-media":"","overlay-type":"","overlay-color":"","overlay-opacity":"","overlay-gradient":""},"mobile":{"background-color":"","background-image":"","background-repeat":"repeat","background-position":"center center","background-size":"auto","background-attachment":"scroll","background-type":"","background-media":"","overlay-type":"","overlay-color":"","overlay-opacity":"","overlay-gradient":""}},"ast-content-background-meta":{"desktop":{"background-color":"var(--ast-global-color-5)","background-image":"","background-repeat":"repeat","background-position":"center center","background-size":"auto","background-attachment":"scroll","background-type":"","background-media":"","overlay-type":"","overlay-color":"","overlay-opacity":"","overlay-gradient":""},"tablet":{"background-color":"var(--ast-global-color-5)","background-image":"","background-repeat":"repeat","background-position":"center center","background-size":"auto","background-attachment":"scroll","background-type":"","background-media":"","overlay-type":"","overlay-color":"","overlay-opacity":"","overlay-gradient":""},"mobile":{"background-color":"var(--ast-global-color-5)","background-image":"","background-repeat":"repeat","background-position":"center center","background-size":"auto","background-attachment":"scroll","background-type":"","background-media":"","overlay-type":"","overlay-color":"","overlay-opacity":"","overlay-gradient":""}},"footnotes":""},"categories":[124,1],"tags":[],"class_list":["post-1850","post","type-post","status-publish","format-standard","has-post-thumbnail","hentry","category-festes","category-general"],"post_mailing_queue_ids":[],"_links":{"self":[{"href":"https:\/\/agora.xtec.cat\/escolaelfar\/wp-json\/wp\/v2\/posts\/1850","targetHints":{"allow":["GET"]}}],"collection":[{"href":"https:\/\/agora.xtec.cat\/escolaelfar\/wp-json\/wp\/v2\/posts"}],"about":[{"href":"https:\/\/agora.xtec.cat\/escolaelfar\/wp-json\/wp\/v2\/types\/post"}],"author":[{"embeddable":true,"href":"https:\/\/agora.xtec.cat\/escolaelfar\/wp-json\/wp\/v2\/users\/3"}],"replies":[{"embeddable":true,"href":"https:\/\/agora.xtec.cat\/escolaelfar\/wp-json\/wp\/v2\/comments?post=1850"}],"version-history":[{"count":4,"href":"https:\/\/agora.xtec.cat\/escolaelfar\/wp-json\/wp\/v2\/posts\/1850\/revisions"}],"predecessor-version":[{"id":1928,"href":"https:\/\/agora.xtec.cat\/escolaelfar\/wp-json\/wp\/v2\/posts\/1850\/revisions\/1928"}],"wp:featuredmedia":[{"embeddable":true,"href":"https:\/\/agora.xtec.cat\/escolaelfar\/wp-json\/wp\/v2\/media\/1855"}],"wp:attachment":[{"href":"https:\/\/agora.xtec.cat\/escolaelfar\/wp-json\/wp\/v2\/media?parent=1850"}],"wp:term":[{"taxonomy":"category","embeddable":true,"href":"https:\/\/agora.xtec.cat\/escolaelfar\/wp-json\/wp\/v2\/categories?post=1850"},{"taxonomy":"post_tag","embeddable":true,"href":"https:\/\/agora.xtec.cat\/escolaelfar\/wp-json\/wp\/v2\/tags?post=1850"}],"curies":[{"name":"wp","href":"https:\/\/api.w.org\/{rel}","templated":true}]}}