{"id":1773,"date":"2019-02-07T17:50:50","date_gmt":"2019-02-07T16:50:50","guid":{"rendered":"https:\/\/agora.xtec.cat\/escolaelfar\/?p=1773"},"modified":"2019-04-01T21:19:31","modified_gmt":"2019-04-01T19:19:31","slug":"experimentacio-a-infantil-p4","status":"publish","type":"post","link":"https:\/\/agora.xtec.cat\/escolaelfar\/infantil\/p4\/experimentacio-a-infantil-p4\/","title":{"rendered":"EXPERIMENTACI\u00d3 A INFANTIL P4"},"content":{"rendered":"<p>Els nens i les nenes en la seva vida di\u00e0ria estan experimentant cont\u00ednuament, s\u00f3n autors de la seva pr\u00f2pia hist\u00f2ria; \u00e9s una cosa innata, ja que necessiten explorar el seu m\u00f3n, manipular els objectes i investigar qu\u00e8 \u00e9s el que succeeix en el seu entorn m\u00e9s immediat amb la finalitat de saber el per qu\u00e8 de totes les coses.<\/p>\n<p>A les classes d\u2019 educaci\u00f3 infantil fomentem activitats al voltant de l&#8217;observaci\u00f3 de la naturalesa i de tot all\u00f2 que ens envolta a trav\u00e9s del joc i mitjan\u00e7ant tallers de manipulaci\u00f3 i percepci\u00f3, que estan emmarcats dins de les \u00e0rees curriculars.<\/p>\n<p><a href=\"https:\/\/agora.xtec.cat\/escolaelfar\/wp-content\/uploads\/usu1878\/2019\/02\/thumbnail_IMG_5943.jpg\"><img loading=\"lazy\" decoding=\"async\" class=\"alignnone wp-image-1774\" src=\"https:\/\/agora.xtec.cat\/escolaelfar\/wp-content\/uploads\/usu1878\/2019\/02\/thumbnail_IMG_5943-1024x768.jpg\" alt=\"\" width=\"313\" height=\"235\" srcset=\"https:\/\/agora.xtec.cat\/escolaelfar\/wp-content\/uploads\/usu1878\/2019\/02\/thumbnail_IMG_5943-1024x768.jpg 1024w, https:\/\/agora.xtec.cat\/escolaelfar\/wp-content\/uploads\/usu1878\/2019\/02\/thumbnail_IMG_5943-300x225.jpg 300w, https:\/\/agora.xtec.cat\/escolaelfar\/wp-content\/uploads\/usu1878\/2019\/02\/thumbnail_IMG_5943-768x576.jpg 768w, https:\/\/agora.xtec.cat\/escolaelfar\/wp-content\/uploads\/usu1878\/2019\/02\/thumbnail_IMG_5943-200x150.jpg 200w, https:\/\/agora.xtec.cat\/escolaelfar\/wp-content\/uploads\/usu1878\/2019\/02\/thumbnail_IMG_5943.jpg 1280w\" sizes=\"auto, (max-width: 313px) 100vw, 313px\" \/>\u00a0\u00a0\u00a0\u00a0\u00a0\u00a0\u00a0\u00a0\u00a0\u00a0\u00a0\u00a0\u00a0<\/a><a href=\"https:\/\/agora.xtec.cat\/escolaelfar\/wp-content\/uploads\/usu1878\/2019\/02\/thumbnail_IMG_5632-e1549556999995.jpg\"><img loading=\"lazy\" decoding=\"async\" class=\"alignnone wp-image-1783\" src=\"https:\/\/agora.xtec.cat\/escolaelfar\/wp-content\/uploads\/usu1878\/2019\/02\/thumbnail_IMG_5632-e1549556999995-1024x768.jpg\" alt=\"\" width=\"358\" height=\"269\" srcset=\"https:\/\/agora.xtec.cat\/escolaelfar\/wp-content\/uploads\/usu1878\/2019\/02\/thumbnail_IMG_5632-e1549556999995-1024x768.jpg 1024w, https:\/\/agora.xtec.cat\/escolaelfar\/wp-content\/uploads\/usu1878\/2019\/02\/thumbnail_IMG_5632-e1549556999995-300x225.jpg 300w, https:\/\/agora.xtec.cat\/escolaelfar\/wp-content\/uploads\/usu1878\/2019\/02\/thumbnail_IMG_5632-e1549556999995-768x576.jpg 768w, https:\/\/agora.xtec.cat\/escolaelfar\/wp-content\/uploads\/usu1878\/2019\/02\/thumbnail_IMG_5632-e1549556999995-200x150.jpg 200w, https:\/\/agora.xtec.cat\/escolaelfar\/wp-content\/uploads\/usu1878\/2019\/02\/thumbnail_IMG_5632-e1549556999995.jpg 1280w\" sizes=\"auto, (max-width: 358px) 100vw, 358px\" \/><\/a><a href=\"https:\/\/agora.xtec.cat\/escolaelfar\/wp-content\/uploads\/usu1878\/2019\/02\/thumbnail_IMG_5943.jpg\">\u00a0\u00a0\u00a0\u00a0\u00a0\u00a0\u00a0\u00a0 <\/a><\/p>\n<p>*<em>Manipulem elements de l&#8217; entorn<\/em><\/p>\n<p>Observem i explorarem \u00a0l&#8217;entorn immediat amb una actitud de curiositat i respecte, identifiquem caracter\u00edstiques i propietats significatives dels elements que el formen.<\/p>\n<p><a href=\"https:\/\/agora.xtec.cat\/escolaelfar\/wp-content\/uploads\/usu1878\/2019\/02\/4a.jpg\"><img loading=\"lazy\" decoding=\"async\" class=\"alignnone wp-image-1792\" src=\"https:\/\/agora.xtec.cat\/escolaelfar\/wp-content\/uploads\/usu1878\/2019\/02\/4a.jpg\" alt=\"\" width=\"319\" height=\"295\" srcset=\"https:\/\/agora.xtec.cat\/escolaelfar\/wp-content\/uploads\/usu1878\/2019\/02\/4a.jpg 640w, https:\/\/agora.xtec.cat\/escolaelfar\/wp-content\/uploads\/usu1878\/2019\/02\/4a-300x278.jpg 300w\" sizes=\"auto, (max-width: 319px) 100vw, 319px\" \/><\/a>\u00a0<a href=\"https:\/\/agora.xtec.cat\/escolaelfar\/wp-content\/uploads\/usu1878\/2019\/02\/5-e1549557709251.jpg\">\u00a0<\/a><a href=\"https:\/\/agora.xtec.cat\/escolaelfar\/wp-content\/uploads\/usu1878\/2019\/02\/5-e1549557709251.jpg\">\u00a0<\/a><a href=\"https:\/\/agora.xtec.cat\/escolaelfar\/wp-content\/uploads\/usu1878\/2019\/02\/5-e1549557709251.jpg\"> \u00a0 \u00a0 \u00a0 \u00a0\u00a0<\/a><a href=\"https:\/\/agora.xtec.cat\/escolaelfar\/wp-content\/uploads\/usu1878\/2019\/02\/5-e1549557709251.jpg\">\u00a0<\/a><a href=\"https:\/\/agora.xtec.cat\/escolaelfar\/wp-content\/uploads\/usu1878\/2019\/02\/5-e1549557709251.jpg\"><img loading=\"lazy\" decoding=\"async\" class=\"wp-image-1793 alignleft\" src=\"https:\/\/agora.xtec.cat\/escolaelfar\/wp-content\/uploads\/usu1878\/2019\/02\/5-e1549557709251.jpg\" alt=\"\" width=\"230\" height=\"306\" srcset=\"https:\/\/agora.xtec.cat\/escolaelfar\/wp-content\/uploads\/usu1878\/2019\/02\/5-e1549557709251.jpg 480w, https:\/\/agora.xtec.cat\/escolaelfar\/wp-content\/uploads\/usu1878\/2019\/02\/5-e1549557709251-225x300.jpg 225w\" sizes=\"auto, (max-width: 230px) 100vw, 230px\" \/><\/a><a href=\"https:\/\/agora.xtec.cat\/escolaelfar\/wp-content\/uploads\/usu1878\/2019\/02\/5-e1549557709251.jpg\">\u00a0 <\/a><a href=\"https:\/\/agora.xtec.cat\/escolaelfar\/wp-content\/uploads\/usu1878\/2019\/02\/5-e1549557709251.jpg\">\u00a0\u00a0\u00a0\u00a0\u00a0\u00a0\u00a0\u00a0 <\/a><\/p>\n<p>*<em>Fem bombolles<\/em><\/p>\n<p>Sempre es treballa des d\u2019un enfocament experimental i manipulatiu: es tracta que l\u2019infant treballi i manipuli els diferents materials i descobreixi el m\u00f3n a trav\u00e9s de la seva pr\u00f2pia activitat i aix\u00f2 fomentar\u00e0 que l\u2019aprenentatge sigui significatiu.<\/p>\n<p><a href=\"https:\/\/agora.xtec.cat\/escolaelfar\/wp-content\/uploads\/usu1878\/2019\/02\/2-e1549556593649.jpg\"><img loading=\"lazy\" decoding=\"async\" class=\"alignnone wp-image-1789\" src=\"https:\/\/agora.xtec.cat\/escolaelfar\/wp-content\/uploads\/usu1878\/2019\/02\/2-e1549556593649.jpg\" alt=\"\" width=\"206\" height=\"275\" srcset=\"https:\/\/agora.xtec.cat\/escolaelfar\/wp-content\/uploads\/usu1878\/2019\/02\/2-e1549556593649.jpg 480w, https:\/\/agora.xtec.cat\/escolaelfar\/wp-content\/uploads\/usu1878\/2019\/02\/2-e1549556593649-225x300.jpg 225w\" sizes=\"auto, (max-width: 206px) 100vw, 206px\" \/><\/a>\u00a0<a href=\"https:\/\/agora.xtec.cat\/escolaelfar\/wp-content\/uploads\/usu1878\/2019\/02\/2-e1549556593649.jpg\">\u00a0\u00a0\u00a0\u00a0\u00a0\u00a0\u00a0\u00a0\u00a0\u00a0\u00a0\u00a0\u00a0\u00a0\u00a0\u00a0\u00a0\u00a0\u00a0\u00a0\u00a0\u00a0\u00a0\u00a0\u00a0\u00a0\u00a0\u00a0 <\/a><a href=\"https:\/\/agora.xtec.cat\/escolaelfar\/wp-content\/uploads\/usu1878\/2019\/02\/taules-2.jpg\"><img loading=\"lazy\" decoding=\"async\" class=\"alignnone wp-image-1776\" src=\"https:\/\/agora.xtec.cat\/escolaelfar\/wp-content\/uploads\/usu1878\/2019\/02\/taules-2-768x1024.jpg\" alt=\"\" width=\"210\" height=\"280\" srcset=\"https:\/\/agora.xtec.cat\/escolaelfar\/wp-content\/uploads\/usu1878\/2019\/02\/taules-2-768x1024.jpg 768w, https:\/\/agora.xtec.cat\/escolaelfar\/wp-content\/uploads\/usu1878\/2019\/02\/taules-2-225x300.jpg 225w, https:\/\/agora.xtec.cat\/escolaelfar\/wp-content\/uploads\/usu1878\/2019\/02\/taules-2.jpg 960w\" sizes=\"auto, (max-width: 210px) 100vw, 210px\" \/><\/a><\/p>\n<p>*<em>Taules d&#8217; experimentaci\u00f3<\/em><\/p>\n<p>Tot i que hi ha un plantejament inicial, s\u00f3n els infants els que marquen un ritme determinat i, tot i que els objectius de les sessions estan pr\u00e8viament pensats, els infants, amb les seves preguntes i actuacions, poden reconduir l\u2019activitat a camins insospitats.<\/p>\n<p>L\u2019 experimentaci\u00f3 va evolucionant i canviant al llarg del curs, segons les necessitats dels nens i nenes i segons els canvis estacionals que te la natura amb materials quotidiana. Per exemple a la tardor manipulen diferents fruits, a l\u2019hivern gel\u2026<\/p>\n<p><strong>Experimentem amb l\u2019 aigua <\/strong><\/p>\n<p>Treballem \u00a0l\u2019aigua , les seves qualitats i capacitats, transformaci\u00f3 \u00a0de s\u00f2lid a l\u00edquid , transformaci\u00f3 del color, objectes que suren i que s\u2019enfonsen, bombolles d\u2019 aigua i sab\u00f3\u2026. tot a trav\u00e9s de l\u2019experimentaci\u00f3.<\/p>\n<p>&nbsp;<\/p>\n<p><a href=\"https:\/\/agora.xtec.cat\/escolaelfar\/wp-content\/uploads\/usu1878\/2019\/02\/1-e1549556608617.jpg\"><img loading=\"lazy\" decoding=\"async\" class=\"alignnone wp-image-1788\" src=\"https:\/\/agora.xtec.cat\/escolaelfar\/wp-content\/uploads\/usu1878\/2019\/02\/1-e1549556608617.jpg\" alt=\"\" width=\"243\" height=\"324\" srcset=\"https:\/\/agora.xtec.cat\/escolaelfar\/wp-content\/uploads\/usu1878\/2019\/02\/1-e1549556608617.jpg 480w, https:\/\/agora.xtec.cat\/escolaelfar\/wp-content\/uploads\/usu1878\/2019\/02\/1-e1549556608617-225x300.jpg 225w\" sizes=\"auto, (max-width: 243px) 100vw, 243px\" \/>\u00a0\u00a0\u00a0\u00a0\u00a0 <\/a><a href=\"https:\/\/agora.xtec.cat\/escolaelfar\/wp-content\/uploads\/usu1878\/2019\/02\/IMG_0361-e1549558056109.jpg\"><img loading=\"lazy\" decoding=\"async\" class=\"alignnone wp-image-1777\" src=\"https:\/\/agora.xtec.cat\/escolaelfar\/wp-content\/uploads\/usu1878\/2019\/02\/IMG_0361-e1549558056109-768x1024.jpg\" alt=\"\" width=\"236\" height=\"314\" srcset=\"https:\/\/agora.xtec.cat\/escolaelfar\/wp-content\/uploads\/usu1878\/2019\/02\/IMG_0361-e1549558056109-768x1024.jpg 768w, https:\/\/agora.xtec.cat\/escolaelfar\/wp-content\/uploads\/usu1878\/2019\/02\/IMG_0361-e1549558056109-225x300.jpg 225w\" sizes=\"auto, (max-width: 236px) 100vw, 236px\" \/>\u00a0\u00a0\u00a0\u00a0\u00a0\u00a0<\/a><a href=\"https:\/\/agora.xtec.cat\/escolaelfar\/wp-content\/uploads\/usu1878\/2019\/02\/IMG_0431.jpg\"><img loading=\"lazy\" decoding=\"async\" class=\"alignnone wp-image-1782\" src=\"https:\/\/agora.xtec.cat\/escolaelfar\/wp-content\/uploads\/usu1878\/2019\/02\/IMG_0431-1024x768.jpg\" alt=\"\" width=\"275\" height=\"207\" srcset=\"https:\/\/agora.xtec.cat\/escolaelfar\/wp-content\/uploads\/usu1878\/2019\/02\/IMG_0431-1024x768.jpg 1024w, https:\/\/agora.xtec.cat\/escolaelfar\/wp-content\/uploads\/usu1878\/2019\/02\/IMG_0431-300x225.jpg 300w, https:\/\/agora.xtec.cat\/escolaelfar\/wp-content\/uploads\/usu1878\/2019\/02\/IMG_0431-768x576.jpg 768w, https:\/\/agora.xtec.cat\/escolaelfar\/wp-content\/uploads\/usu1878\/2019\/02\/IMG_0431-200x150.jpg 200w\" sizes=\"auto, (max-width: 275px) 100vw, 275px\" \/><\/a><\/p>\n<p>*<em>Desfem gel<\/em><\/p>\n<p>ELS NENS I NENES DE P4 GAUDIM MOLT EXPERIMENTANT !!!<\/p>\n","protected":false},"excerpt":{"rendered":"<p>Els nens i les nenes en la seva vida di\u00e0ria estan experimentant cont\u00ednuament, s\u00f3n autors de la seva pr\u00f2pia hist\u00f2ria; [&hellip;]<\/p>\n","protected":false},"author":11,"featured_media":0,"comment_status":"open","ping_status":"closed","sticky":false,"template":"","format":"standard","meta":{"_bbp_topic_count":0,"_bbp_reply_count":0,"_bbp_total_topic_count":0,"_bbp_total_reply_count":0,"_bbp_voice_count":0,"_bbp_anonymous_reply_count":0,"_bbp_topic_count_hidden":0,"_bbp_reply_count_hidden":0,"_bbp_forum_subforum_count":0,"site-sidebar-layout":"default","site-content-layout":"","ast-site-content-layout":"","site-content-style":"default","site-sidebar-style":"default","ast-global-header-display":"","ast-banner-title-visibility":"","ast-main-header-display":"","ast-hfb-above-header-display":"","ast-hfb-below-header-display":"","ast-hfb-mobile-header-display":"","site-post-title":"","ast-breadcrumbs-content":"","ast-featured-img":"","footer-sml-layout":"","theme-transparent-header-meta":"","adv-header-id-meta":"","stick-header-meta":"","header-above-stick-meta":"","header-main-stick-meta":"","header-below-stick-meta":"","astra-migrate-meta-layouts":"default","ast-page-background-enabled":"default","ast-page-background-meta":{"desktop":{"background-color":"var(--ast-global-color-4)","background-image":"","background-repeat":"repeat","background-position":"center center","background-size":"auto","background-attachment":"scroll","background-type":"","background-media":"","overlay-type":"","overlay-color":"","overlay-opacity":"","overlay-gradient":""},"tablet":{"background-color":"","background-image":"","background-repeat":"repeat","background-position":"center center","background-size":"auto","background-attachment":"scroll","background-type":"","background-media":"","overlay-type":"","overlay-color":"","overlay-opacity":"","overlay-gradient":""},"mobile":{"background-color":"","background-image":"","background-repeat":"repeat","background-position":"center center","background-size":"auto","background-attachment":"scroll","background-type":"","background-media":"","overlay-type":"","overlay-color":"","overlay-opacity":"","overlay-gradient":""}},"ast-content-background-meta":{"desktop":{"background-color":"var(--ast-global-color-5)","background-image":"","background-repeat":"repeat","background-position":"center center","background-size":"auto","background-attachment":"scroll","background-type":"","background-media":"","overlay-type":"","overlay-color":"","overlay-opacity":"","overlay-gradient":""},"tablet":{"background-color":"var(--ast-global-color-5)","background-image":"","background-repeat":"repeat","background-position":"center center","background-size":"auto","background-attachment":"scroll","background-type":"","background-media":"","overlay-type":"","overlay-color":"","overlay-opacity":"","overlay-gradient":""},"mobile":{"background-color":"var(--ast-global-color-5)","background-image":"","background-repeat":"repeat","background-position":"center center","background-size":"auto","background-attachment":"scroll","background-type":"","background-media":"","overlay-type":"","overlay-color":"","overlay-opacity":"","overlay-gradient":""}},"footnotes":""},"categories":[8],"tags":[157],"class_list":["post-1773","post","type-post","status-publish","format-standard","hentry","category-p4","tag-experimentacio"],"post_mailing_queue_ids":[],"_links":{"self":[{"href":"https:\/\/agora.xtec.cat\/escolaelfar\/wp-json\/wp\/v2\/posts\/1773","targetHints":{"allow":["GET"]}}],"collection":[{"href":"https:\/\/agora.xtec.cat\/escolaelfar\/wp-json\/wp\/v2\/posts"}],"about":[{"href":"https:\/\/agora.xtec.cat\/escolaelfar\/wp-json\/wp\/v2\/types\/post"}],"author":[{"embeddable":true,"href":"https:\/\/agora.xtec.cat\/escolaelfar\/wp-json\/wp\/v2\/users\/11"}],"replies":[{"embeddable":true,"href":"https:\/\/agora.xtec.cat\/escolaelfar\/wp-json\/wp\/v2\/comments?post=1773"}],"version-history":[{"count":3,"href":"https:\/\/agora.xtec.cat\/escolaelfar\/wp-json\/wp\/v2\/posts\/1773\/revisions"}],"predecessor-version":[{"id":1795,"href":"https:\/\/agora.xtec.cat\/escolaelfar\/wp-json\/wp\/v2\/posts\/1773\/revisions\/1795"}],"wp:attachment":[{"href":"https:\/\/agora.xtec.cat\/escolaelfar\/wp-json\/wp\/v2\/media?parent=1773"}],"wp:term":[{"taxonomy":"category","embeddable":true,"href":"https:\/\/agora.xtec.cat\/escolaelfar\/wp-json\/wp\/v2\/categories?post=1773"},{"taxonomy":"post_tag","embeddable":true,"href":"https:\/\/agora.xtec.cat\/escolaelfar\/wp-json\/wp\/v2\/tags?post=1773"}],"curies":[{"name":"wp","href":"https:\/\/api.w.org\/{rel}","templated":true}]}}