{"id":5492,"date":"2026-06-24T22:06:45","date_gmt":"2026-06-24T20:06:45","guid":{"rendered":"https:\/\/agora.xtec.cat\/escolaelcolomer\/?p=5492"},"modified":"2026-06-24T22:06:45","modified_gmt":"2026-06-24T20:06:45","slug":"final-de-curs-a-educacio-infantil","status":"publish","type":"post","link":"https:\/\/agora.xtec.cat\/escolaelcolomer\/infantil\/final-de-curs-a-educacio-infantil\/","title":{"rendered":"Final de curs a Educaci\u00f3 Infantil"},"content":{"rendered":"<p>Fam\u00edlies,<\/p>\n<p>Tanquem un curs ple d&#8217;aprenentatges, descobertes, emocions i experi\u00e8ncies compartides. Ha estat un any molt especial en qu\u00e8 els infants han crescut, han fet noves amistats, han guanyat autonomia i han gaudit de moltes viv\u00e8ncies que formaran part dels seus records.<\/p>\n<p>Tot l&#8217;equip de mestres d&#8217;Educaci\u00f3 Infantil volem agrair-vos la confian\u00e7a, la col\u00b7laboraci\u00f3 i el suport que ens heu mostrat al llarg del curs. La vostra implicaci\u00f3 ha estat fonamental per acompanyar els infants en aquest cam\u00ed de creixement.<\/p>\n<p>Durant l\u2019\u00faltima setmana, hem viscut moments molt especials que volem destacar: l\u2019acomiadament dels infants d\u2019I5, que el curs vinent comen\u00e7aran 1r de Prim\u00e0ria; la gimcana d\u2019aigua organitzada pels alumnes de 5\u00e8, plena de diversi\u00f3 i rialles; i el comiat dels alumnes de 6\u00e8, que va ser molt emotiu per a tots i totes.<\/p>\n<p>Us desitgem un estiu ple de moments especials, de joc, de descans i de temps per gaudir en fam\u00edlia.<\/p>\n<p>I recordeu visitar la galeria de fotos, on trobareu una selecci\u00f3 d&#8217;alguns dels moments m\u00e9s significatius que hem compartit durant aquest curs.<\/p>\n<p>Molt bon estiu i fins al setembre!<\/p>\n<p>El mestre i les mestres d&#8217;Educaci\u00f3 Infantil<br \/>\nEscola El Colomer<\/p>\n","protected":false},"excerpt":{"rendered":"<p>Fam\u00edlies, Tanquem un curs ple d&#8217;aprenentatges, descobertes, emocions i experi\u00e8ncies compartides. Ha estat un any molt especial en qu\u00e8 els infants han crescut, han fet noves amistats, han guanyat autonomia i han gaudit de moltes viv\u00e8ncies que formaran part dels seus records. Tot l&#8217;equip de mestres d&#8217;Educaci\u00f3 Infantil volem agrair-vos la confian\u00e7a, la col\u00b7laboraci\u00f3 i [&hellip;]<\/p>\n","protected":false},"author":10,"featured_media":5494,"comment_status":"closed","ping_status":"closed","sticky":false,"template":"","format":"standard","meta":{"_bbp_topic_count":0,"_bbp_reply_count":0,"_bbp_total_topic_count":0,"_bbp_total_reply_count":0,"_bbp_voice_count":0,"_bbp_anonymous_reply_count":0,"_bbp_topic_count_hidden":0,"_bbp_reply_count_hidden":0,"_bbp_forum_subforum_count":0,"site-sidebar-layout":"default","site-content-layout":"","ast-site-content-layout":"","site-content-style":"default","site-sidebar-style":"default","ast-global-header-display":"","ast-banner-title-visibility":"","ast-main-header-display":"","ast-hfb-above-header-display":"","ast-hfb-below-header-display":"","ast-hfb-mobile-header-display":"","site-post-title":"","ast-breadcrumbs-content":"","ast-featured-img":"","footer-sml-layout":"","theme-transparent-header-meta":"","adv-header-id-meta":"","stick-header-meta":"","header-above-stick-meta":"","header-main-stick-meta":"","header-below-stick-meta":"","astra-migrate-meta-layouts":"default","ast-page-background-enabled":"default","ast-page-background-meta":{"desktop":{"background-color":"var(--ast-global-color-4)","background-image":"","background-repeat":"repeat","background-position":"center center","background-size":"auto","background-attachment":"scroll","background-type":"","background-media":"","overlay-type":"","overlay-color":"","overlay-opacity":"","overlay-gradient":""},"tablet":{"background-color":"","background-image":"","background-repeat":"repeat","background-position":"center center","background-size":"auto","background-attachment":"scroll","background-type":"","background-media":"","overlay-type":"","overlay-color":"","overlay-opacity":"","overlay-gradient":""},"mobile":{"background-color":"","background-image":"","background-repeat":"repeat","background-position":"center center","background-size":"auto","background-attachment":"scroll","background-type":"","background-media":"","overlay-type":"","overlay-color":"","overlay-opacity":"","overlay-gradient":""}},"ast-content-background-meta":{"desktop":{"background-color":"var(--ast-global-color-5)","background-image":"","background-repeat":"repeat","background-position":"center center","background-size":"auto","background-attachment":"scroll","background-type":"","background-media":"","overlay-type":"","overlay-color":"","overlay-opacity":"","overlay-gradient":""},"tablet":{"background-color":"var(--ast-global-color-5)","background-image":"","background-repeat":"repeat","background-position":"center center","background-size":"auto","background-attachment":"scroll","background-type":"","background-media":"","overlay-type":"","overlay-color":"","overlay-opacity":"","overlay-gradient":""},"mobile":{"background-color":"var(--ast-global-color-5)","background-image":"","background-repeat":"repeat","background-position":"center center","background-size":"auto","background-attachment":"scroll","background-type":"","background-media":"","overlay-type":"","overlay-color":"","overlay-opacity":"","overlay-gradient":""}},"footnotes":""},"categories":[2,3,8,9],"tags":[],"class_list":["post-5492","post","type-post","status-publish","format-standard","has-post-thumbnail","hentry","category-infantil","category-p3","category-p4","category-p5"],"post_mailing_queue_ids":[],"_links":{"self":[{"href":"https:\/\/agora.xtec.cat\/escolaelcolomer\/wp-json\/wp\/v2\/posts\/5492","targetHints":{"allow":["GET"]}}],"collection":[{"href":"https:\/\/agora.xtec.cat\/escolaelcolomer\/wp-json\/wp\/v2\/posts"}],"about":[{"href":"https:\/\/agora.xtec.cat\/escolaelcolomer\/wp-json\/wp\/v2\/types\/post"}],"author":[{"embeddable":true,"href":"https:\/\/agora.xtec.cat\/escolaelcolomer\/wp-json\/wp\/v2\/users\/10"}],"replies":[{"embeddable":true,"href":"https:\/\/agora.xtec.cat\/escolaelcolomer\/wp-json\/wp\/v2\/comments?post=5492"}],"version-history":[{"count":2,"href":"https:\/\/agora.xtec.cat\/escolaelcolomer\/wp-json\/wp\/v2\/posts\/5492\/revisions"}],"predecessor-version":[{"id":5496,"href":"https:\/\/agora.xtec.cat\/escolaelcolomer\/wp-json\/wp\/v2\/posts\/5492\/revisions\/5496"}],"wp:featuredmedia":[{"embeddable":true,"href":"https:\/\/agora.xtec.cat\/escolaelcolomer\/wp-json\/wp\/v2\/media\/5494"}],"wp:attachment":[{"href":"https:\/\/agora.xtec.cat\/escolaelcolomer\/wp-json\/wp\/v2\/media?parent=5492"}],"wp:term":[{"taxonomy":"category","embeddable":true,"href":"https:\/\/agora.xtec.cat\/escolaelcolomer\/wp-json\/wp\/v2\/categories?post=5492"},{"taxonomy":"post_tag","embeddable":true,"href":"https:\/\/agora.xtec.cat\/escolaelcolomer\/wp-json\/wp\/v2\/tags?post=5492"}],"curies":[{"name":"wp","href":"https:\/\/api.w.org\/{rel}","templated":true}]}}