{"id":2918,"date":"2021-11-25T22:28:43","date_gmt":"2021-11-25T21:28:43","guid":{"rendered":"https:\/\/agora.xtec.cat\/escolaelcolomer\/?p=2918"},"modified":"2021-11-25T23:36:48","modified_gmt":"2021-11-25T22:36:48","slug":"els-i-les-alumnes-de-tercer-visitem-lajuntament","status":"publish","type":"post","link":"https:\/\/agora.xtec.cat\/escolaelcolomer\/general\/els-i-les-alumnes-de-tercer-visitem-lajuntament\/","title":{"rendered":"Els i les alumnes de Tercer visitem l&#8217;Ajuntament"},"content":{"rendered":"<p>Els nens i les nenes de tercer de l&#8217;escola, El Colomer, hem treballat diferents aspectes relacionats amb l&#8217;ajuntament i el nostre municipi. A l&#8217;aula, ens hem endinsat\u00a0 de valent amb aquest projecte. Hem buscat informaci\u00f3, hem llegit i relacionat aspectes importants del nostre municipi, hem apr\u00e8s qu\u00e8 \u00e9s un ajuntament i quines persones hi treballen, entre d&#8217;altres coses.\u00a0 A la nostra classe ens organitzem amb diferents c\u00e0rrecs\u00a0 i aquest anys som regidors de diferents regidories que gestionem totes les &#8220;feines&#8221; que fem a l&#8217;aula. Hem creat\u00a0 partits pol\u00edtics amb l&#8217;objectiu d&#8217;aprendre a treballar en equip mentre aprofundim en aquest tema. Alhora, hem votat i ja tenim alcaldessa!<\/p>\n<p>Per concloure el projecte, el passat 4 de novembre vam anar a l&#8217;Ajuntament de BiR. Els regidors, les regidores i l&#8217;alcalde ens van rebre. Ens van explicar com gestionen l&#8217;ajuntament i vam poder simular ,nosaltres mateixos, un Ple municipal. Ha estat molt emocionant seure a les cadires i a la taula dels regidors i adoptar els seus rolls. Tot seguit vam esmorzar i agafar forces per anar fins la Casa Consistorial, la seu de l&#8217;ajuntament. L&#8217;Abel Camp, t\u00e8cnic de cultura, ens va explicar molts detalls hist\u00f2rics que ens van ajudar a tenir una visi\u00f3 m\u00e9s amplia . Un dia ple d&#8217;emocions!<\/p>\n<p>Us deixem un enlla\u00e7 amb les fotografies de la sortida. Esperem que us agradin!<\/p>\n<p><a href=\"https:\/\/photos.app.goo.gl\/KFT7Bz7ahWshquFn7\">Visitem l&#8217;ajuntament de BiR<\/a><\/p>\n<p>&nbsp;<\/p>\n","protected":false},"excerpt":{"rendered":"<p>Els nens i les nenes de tercer de l&#8217;escola, El Colomer, hem treballat diferents aspectes relacionats amb l&#8217;ajuntament i el nostre municipi. A l&#8217;aula, ens hem endinsat\u00a0 de valent amb aquest projecte. Hem buscat informaci\u00f3, hem llegit i relacionat aspectes importants del nostre municipi, hem apr\u00e8s qu\u00e8 \u00e9s un ajuntament i quines persones hi treballen, [&hellip;]<\/p>\n","protected":false},"author":10,"featured_media":2923,"comment_status":"open","ping_status":"closed","sticky":false,"template":"","format":"standard","meta":{"_bbp_topic_count":0,"_bbp_reply_count":0,"_bbp_total_topic_count":0,"_bbp_total_reply_count":0,"_bbp_voice_count":0,"_bbp_anonymous_reply_count":0,"_bbp_topic_count_hidden":0,"_bbp_reply_count_hidden":0,"_bbp_forum_subforum_count":0,"site-sidebar-layout":"default","site-content-layout":"","ast-site-content-layout":"","site-content-style":"default","site-sidebar-style":"default","ast-global-header-display":"","ast-banner-title-visibility":"","ast-main-header-display":"","ast-hfb-above-header-display":"","ast-hfb-below-header-display":"","ast-hfb-mobile-header-display":"","site-post-title":"","ast-breadcrumbs-content":"","ast-featured-img":"","footer-sml-layout":"","theme-transparent-header-meta":"","adv-header-id-meta":"","stick-header-meta":"","header-above-stick-meta":"","header-main-stick-meta":"","header-below-stick-meta":"","astra-migrate-meta-layouts":"default","ast-page-background-enabled":"default","ast-page-background-meta":{"desktop":{"background-color":"var(--ast-global-color-4)","background-image":"","background-repeat":"repeat","background-position":"center center","background-size":"auto","background-attachment":"scroll","background-type":"","background-media":"","overlay-type":"","overlay-color":"","overlay-opacity":"","overlay-gradient":""},"tablet":{"background-color":"","background-image":"","background-repeat":"repeat","background-position":"center center","background-size":"auto","background-attachment":"scroll","background-type":"","background-media":"","overlay-type":"","overlay-color":"","overlay-opacity":"","overlay-gradient":""},"mobile":{"background-color":"","background-image":"","background-repeat":"repeat","background-position":"center center","background-size":"auto","background-attachment":"scroll","background-type":"","background-media":"","overlay-type":"","overlay-color":"","overlay-opacity":"","overlay-gradient":""}},"ast-content-background-meta":{"desktop":{"background-color":"var(--ast-global-color-5)","background-image":"","background-repeat":"repeat","background-position":"center center","background-size":"auto","background-attachment":"scroll","background-type":"","background-media":"","overlay-type":"","overlay-color":"","overlay-opacity":"","overlay-gradient":""},"tablet":{"background-color":"var(--ast-global-color-5)","background-image":"","background-repeat":"repeat","background-position":"center center","background-size":"auto","background-attachment":"scroll","background-type":"","background-media":"","overlay-type":"","overlay-color":"","overlay-opacity":"","overlay-gradient":""},"mobile":{"background-color":"var(--ast-global-color-5)","background-image":"","background-repeat":"repeat","background-position":"center center","background-size":"auto","background-attachment":"scroll","background-type":"","background-media":"","overlay-type":"","overlay-color":"","overlay-opacity":"","overlay-gradient":""}},"footnotes":""},"categories":[12,1],"tags":[],"class_list":["post-2918","post","type-post","status-publish","format-standard","has-post-thumbnail","hentry","category-3r","category-general"],"post_mailing_queue_ids":[],"_links":{"self":[{"href":"https:\/\/agora.xtec.cat\/escolaelcolomer\/wp-json\/wp\/v2\/posts\/2918","targetHints":{"allow":["GET"]}}],"collection":[{"href":"https:\/\/agora.xtec.cat\/escolaelcolomer\/wp-json\/wp\/v2\/posts"}],"about":[{"href":"https:\/\/agora.xtec.cat\/escolaelcolomer\/wp-json\/wp\/v2\/types\/post"}],"author":[{"embeddable":true,"href":"https:\/\/agora.xtec.cat\/escolaelcolomer\/wp-json\/wp\/v2\/users\/10"}],"replies":[{"embeddable":true,"href":"https:\/\/agora.xtec.cat\/escolaelcolomer\/wp-json\/wp\/v2\/comments?post=2918"}],"version-history":[{"count":3,"href":"https:\/\/agora.xtec.cat\/escolaelcolomer\/wp-json\/wp\/v2\/posts\/2918\/revisions"}],"predecessor-version":[{"id":2922,"href":"https:\/\/agora.xtec.cat\/escolaelcolomer\/wp-json\/wp\/v2\/posts\/2918\/revisions\/2922"}],"wp:featuredmedia":[{"embeddable":true,"href":"https:\/\/agora.xtec.cat\/escolaelcolomer\/wp-json\/wp\/v2\/media\/2923"}],"wp:attachment":[{"href":"https:\/\/agora.xtec.cat\/escolaelcolomer\/wp-json\/wp\/v2\/media?parent=2918"}],"wp:term":[{"taxonomy":"category","embeddable":true,"href":"https:\/\/agora.xtec.cat\/escolaelcolomer\/wp-json\/wp\/v2\/categories?post=2918"},{"taxonomy":"post_tag","embeddable":true,"href":"https:\/\/agora.xtec.cat\/escolaelcolomer\/wp-json\/wp\/v2\/tags?post=2918"}],"curies":[{"name":"wp","href":"https:\/\/api.w.org\/{rel}","templated":true}]}}