{"id":950,"date":"2020-09-30T13:43:19","date_gmt":"2020-09-30T11:43:19","guid":{"rendered":"http:\/\/agora.xtec.cat\/escoladonesdaigua\/?p=950"},"modified":"2020-12-15T16:14:06","modified_gmt":"2020-12-15T15:14:06","slug":"ja-tenim-els-noms-daula","status":"publish","type":"post","link":"https:\/\/agora.xtec.cat\/escoladonesdaigua\/general\/ja-tenim-els-noms-daula\/","title":{"rendered":"Ja tenim els noms d&#8217;aula!!"},"content":{"rendered":"<p>&nbsp;<\/p>\n<p><strong style=\"font-family: inherit; font-size: 1em;\"><a href=\"https:\/\/agora.xtec.cat\/escoladonesdaigua\/wp-content\/uploads\/usu707\/2020\/09\/aules-virtuals.png\" target=\"_blank\" rel=\"https:\/\/educaciodigital.cat\/escoladonesdaigua\/moodle\/ noopener noreferrer\"><img loading=\"lazy\" decoding=\"async\" class=\"wp-image-951 alignnone\" src=\"https:\/\/agora.xtec.cat\/escoladonesdaigua\/wp-content\/uploads\/usu707\/2020\/09\/aules-virtuals-150x150.png\" alt=\"\" width=\"401\" height=\"401\" \/><\/a><\/strong><\/p>\n<p>&nbsp;<\/p>\n<p>&nbsp;<\/p>\n<p>Els noms de la classe estan relacionats amb l&#8217;eix tem\u00e0tic: <span style=\"text-decoration: underline;\"><strong>LA VOLTA AL M\u00d3N<\/strong><\/span>. Ja tenim les aules virtuals preparades per aquest curs.<\/p>\n<p>Si voleu fer una ullada nom\u00e9s cal clicar a l&#8217;enlla\u00e7 <strong>MOODLE<\/strong> d&#8217;aquesta mateixa p\u00e0gina.<\/p>\n<p style=\"text-align: left;\">InfantilA som <strong>Els trens<\/strong><\/p>\n<p style=\"text-align: left;\">InfantilB som <strong>Els\u00a0<\/strong><b>coets<\/b><\/p>\n<p style=\"text-align: left;\">1r som <strong>Els pirates del Mediterrani<\/strong><\/p>\n<p style=\"text-align: left;\">2n som <strong>La classe de la Xina<\/strong><\/p>\n<p style=\"text-align: left;\"><span style=\"font-family: inherit; font-size: 1em;\">3r som <\/span><strong style=\"font-family: inherit; font-size: 1em;\">Els tripulants de la Terra\u00a0 \u00a0 \u00a0 \u00a0 \u00a0 \u00a0 \u00a0 \u00a0 \u00a0 \u00a0 \u00a0 \u00a0 \u00a0 \u00a0 \u00a0 \u00a0 \u00a0 \u00a0 \u00a0 \u00a0 \u00a0 \u00a0 \u00a0 \u00a0 \u00a0 \u00a0 \u00a0 \u00a0 \u00a0 \u00a0 \u00a0 \u00a0 \u00a0 <\/strong><\/p>\n<p style=\"text-align: left;\"><span style=\"font-family: inherit; font-size: 1em;\">4t <\/span><span style=\"font-family: inherit; font-size: 1em;\">som <\/span><strong style=\"font-family: inherit; font-size: 1em;\">Els continents\u00a0 \u00a0 \u00a0 \u00a0 \u00a0 \u00a0 \u00a0 \u00a0 \u00a0 \u00a0 \u00a0 \u00a0 \u00a0 \u00a0 \u00a0 \u00a0 \u00a0 \u00a0 \u00a0 \u00a0 \u00a0 \u00a0 \u00a0 \u00a0 \u00a0 \u00a0 \u00a0 \u00a0 \u00a0 \u00a0 \u00a0 \u00a0 \u00a0 \u00a0 \u00a0 \u00a0 \u00a0 \u00a0 \u00a0 \u00a0 \u00a0 \u00a0 \u00a0 \u00a0 \u00a0 \u00a0 \u00a0 \u00a0 \u00a0 \u00a0 \u00a0 \u00a0 \u00a0 \u00a0 \u00a0 \u00a0 \u00a0 \u00a0 \u00a0 \u00a0\u00a0<\/strong><\/p>\n<p style=\"text-align: left;\">5\u00e8A som <strong>Els &#8220;voltamons&#8221;<\/strong><\/p>\n<p style=\"text-align: left;\">5\u00e8B som <strong>Els viatgers del m\u00f3n<\/strong><\/p>\n<p style=\"text-align: left;\">6\u00e8 som <strong>Els exploradors viatgers<\/strong><\/p>\n","protected":false},"excerpt":{"rendered":"<p>&nbsp;<br \/>\n<a href=\"https:\/\/agora.xtec.cat\/escoladonesdaigua\/wp-content\/uploads\/usu707\/2020\/09\/aules-virtuals.png\" target=\"_blank\" rel=\"https:\/\/educaciodigital.cat\/escoladonesdaigua\/moodle\/ noopener noreferrer\"><\/a><br \/>\n&nbsp;<br \/>\n&nbsp;<br \/>\nEls noms de la classe estan relacionats amb l&#8217;eix tem\u00e0tic: LA VOLTA AL M\u00d3N. Ja tenim les aules virtuals preparades per aquest curs.<br \/>\nSi voleu fer una ullada nom\u00e9s cal clicar a l&#8217;enlla\u00e7 MOODLE d&#8217;aquesta mateixa p\u00e0gina.<br \/>\nInfantilA som Els trens<br \/>\nInfantilB som&hellip;  <a href=\"https:\/\/agora.xtec.cat\/escoladonesdaigua\/general\/ja-tenim-els-noms-daula\/\" title=\"Read Ja tenim els noms d&#8217;aula!!\">Llegeix m\u00e9s\u00bb<\/a><\/p>\n","protected":false},"author":7,"featured_media":951,"comment_status":"open","ping_status":"closed","sticky":false,"template":"","format":"standard","meta":{"_bbp_topic_count":0,"_bbp_reply_count":0,"_bbp_total_topic_count":0,"_bbp_total_reply_count":0,"_bbp_voice_count":0,"_bbp_anonymous_reply_count":0,"_bbp_topic_count_hidden":0,"_bbp_reply_count_hidden":0,"_bbp_forum_subforum_count":0,"footnotes":""},"categories":[1,2,4,5],"tags":[],"class_list":["post-950","post","type-post","status-publish","format-standard","has-post-thumbnail","hentry","category-general","category-infantil","category-portada","category-primaria"],"post_mailing_queue_ids":[],"_links":{"self":[{"href":"https:\/\/agora.xtec.cat\/escoladonesdaigua\/wp-json\/wp\/v2\/posts\/950","targetHints":{"allow":["GET"]}}],"collection":[{"href":"https:\/\/agora.xtec.cat\/escoladonesdaigua\/wp-json\/wp\/v2\/posts"}],"about":[{"href":"https:\/\/agora.xtec.cat\/escoladonesdaigua\/wp-json\/wp\/v2\/types\/post"}],"author":[{"embeddable":true,"href":"https:\/\/agora.xtec.cat\/escoladonesdaigua\/wp-json\/wp\/v2\/users\/7"}],"replies":[{"embeddable":true,"href":"https:\/\/agora.xtec.cat\/escoladonesdaigua\/wp-json\/wp\/v2\/comments?post=950"}],"version-history":[{"count":3,"href":"https:\/\/agora.xtec.cat\/escoladonesdaigua\/wp-json\/wp\/v2\/posts\/950\/revisions"}],"predecessor-version":[{"id":991,"href":"https:\/\/agora.xtec.cat\/escoladonesdaigua\/wp-json\/wp\/v2\/posts\/950\/revisions\/991"}],"wp:featuredmedia":[{"embeddable":true,"href":"https:\/\/agora.xtec.cat\/escoladonesdaigua\/wp-json\/wp\/v2\/media\/951"}],"wp:attachment":[{"href":"https:\/\/agora.xtec.cat\/escoladonesdaigua\/wp-json\/wp\/v2\/media?parent=950"}],"wp:term":[{"taxonomy":"category","embeddable":true,"href":"https:\/\/agora.xtec.cat\/escoladonesdaigua\/wp-json\/wp\/v2\/categories?post=950"},{"taxonomy":"post_tag","embeddable":true,"href":"https:\/\/agora.xtec.cat\/escoladonesdaigua\/wp-json\/wp\/v2\/tags?post=950"}],"curies":[{"name":"wp","href":"https:\/\/api.w.org\/{rel}","templated":true}]}}