{"id":713,"date":"2020-03-18T11:26:47","date_gmt":"2020-03-18T10:26:47","guid":{"rendered":"http:\/\/agora.xtec.cat\/escoladonesdaigua\/?p=713"},"modified":"2020-03-24T09:42:22","modified_gmt":"2020-03-24T08:42:22","slug":"actualitzacio-preincripcions-2020-21","status":"publish","type":"post","link":"https:\/\/agora.xtec.cat\/escoladonesdaigua\/portada\/actualitzacio-preincripcions-2020-21\/","title":{"rendered":"Actualitzaci\u00f3 PREINCRIPCIONS 2020-21"},"content":{"rendered":"<div dir=\"ltr\">\n<div dir=\"ltr\">\n<div class=\"gmail_quote\">\n<div dir=\"auto\"><\/div>\n<div dir=\"auto\"><span style=\"color: #000000;\">El Departament d\u2019Educaci\u00f3 ha decidit ajornar la <span id=\"m_-8007617895943076359:3sl.1\">preinscripci\u00f3<\/span> escolar del segon cicle d\u2019educaci\u00f3 infantil, prim\u00e0ria i secund\u00e0ria <\/span><\/div>\n<div dir=\"auto\"><\/div>\n<div dir=\"auto\"><span style=\"color: #000000;\">fins que es pugui garantir la seva realitzaci\u00f3 en condicions de normalitat.\u00a0\u00a0<\/span><\/div>\n<div dir=\"auto\"><\/div>\n<div dir=\"auto\">Est\u00e0 previst que avui mateix, 18 de mar\u00e7 de 2020, el Departament\u00a0d&#8217;Educaci\u00f3 ampli\u00ef\u00a0aquesta informaci\u00f3.<\/div>\n<div dir=\"auto\"><\/div>\n<div dir=\"auto\"><a href=\"https:\/\/govern.cat\/salapremsa\/notes-premsa\/383466\/\" target=\"_blank\" rel=\"noopener noreferrer\" data-saferedirecturl=\"https:\/\/www.google.com\/url?q=https:\/\/govern.cat\/salapremsa\/notes-premsa\/383466\/&amp;source=gmail&amp;ust=1584613351233000&amp;usg=AFQjCNFgOYMAaHxyZAtx3d6VTQjI9sbswA\">https:\/\/govern.<wbr \/>cat\/<span id=\"m_-8007617895943076359:3sl.2\">salapremsa<\/span>\/notes-premsa\/<wbr \/>383466\/<\/a>.<\/div>\n<div dir=\"auto\"><\/div>\n<div dir=\"auto\"><\/div>\n<\/div>\n<\/div>\n<div dir=\"auto\"><\/div>\n<\/div>\n","protected":false},"excerpt":{"rendered":"<p>El Departament d\u2019Educaci\u00f3 ha decidit ajornar la preinscripci\u00f3 escolar del segon cicle d\u2019educaci\u00f3 infantil, prim\u00e0ria i secund\u00e0ria <\/p>\n<p>fins que es pugui garantir la seva realitzaci\u00f3 en condicions de normalitat.\u00a0\u00a0<\/p>\n<p>Est\u00e0 previst que avui mateix, 18 de mar\u00e7 de 2020, el Departament\u00a0d&#8217;Educaci\u00f3 ampli\u00ef\u00a0aquesta informaci\u00f3.<\/p>\n<p><a href=\"https:\/\/govern.cat\/salapremsa\/notes-premsa\/383466\/\" target=\"_blank\" rel=\"noopener&hellip;  <a href=\"https:\/\/agora.xtec.cat\/escoladonesdaigua\/portada\/actualitzacio-preincripcions-2020-21\/\" title=\"Read Actualitzaci\u00f3 PREINCRIPCIONS 2020-21\">Llegeix m\u00e9s\u00bb<\/a><\/p>\n","protected":false},"author":7,"featured_media":0,"comment_status":"open","ping_status":"closed","sticky":false,"template":"","format":"standard","meta":{"_bbp_topic_count":0,"_bbp_reply_count":0,"_bbp_total_topic_count":0,"_bbp_total_reply_count":0,"_bbp_voice_count":0,"_bbp_anonymous_reply_count":0,"_bbp_topic_count_hidden":0,"_bbp_reply_count_hidden":0,"_bbp_forum_subforum_count":0,"footnotes":""},"categories":[4],"tags":[],"class_list":["post-713","post","type-post","status-publish","format-standard","hentry","category-portada"],"post_mailing_queue_ids":[],"_links":{"self":[{"href":"https:\/\/agora.xtec.cat\/escoladonesdaigua\/wp-json\/wp\/v2\/posts\/713","targetHints":{"allow":["GET"]}}],"collection":[{"href":"https:\/\/agora.xtec.cat\/escoladonesdaigua\/wp-json\/wp\/v2\/posts"}],"about":[{"href":"https:\/\/agora.xtec.cat\/escoladonesdaigua\/wp-json\/wp\/v2\/types\/post"}],"author":[{"embeddable":true,"href":"https:\/\/agora.xtec.cat\/escoladonesdaigua\/wp-json\/wp\/v2\/users\/7"}],"replies":[{"embeddable":true,"href":"https:\/\/agora.xtec.cat\/escoladonesdaigua\/wp-json\/wp\/v2\/comments?post=713"}],"version-history":[{"count":3,"href":"https:\/\/agora.xtec.cat\/escoladonesdaigua\/wp-json\/wp\/v2\/posts\/713\/revisions"}],"predecessor-version":[{"id":747,"href":"https:\/\/agora.xtec.cat\/escoladonesdaigua\/wp-json\/wp\/v2\/posts\/713\/revisions\/747"}],"wp:attachment":[{"href":"https:\/\/agora.xtec.cat\/escoladonesdaigua\/wp-json\/wp\/v2\/media?parent=713"}],"wp:term":[{"taxonomy":"category","embeddable":true,"href":"https:\/\/agora.xtec.cat\/escoladonesdaigua\/wp-json\/wp\/v2\/categories?post=713"},{"taxonomy":"post_tag","embeddable":true,"href":"https:\/\/agora.xtec.cat\/escoladonesdaigua\/wp-json\/wp\/v2\/tags?post=713"}],"curies":[{"name":"wp","href":"https:\/\/api.w.org\/{rel}","templated":true}]}}