{"id":1835,"date":"2024-10-01T10:09:58","date_gmt":"2024-10-01T08:09:58","guid":{"rendered":"https:\/\/agora.xtec.cat\/escoladonesdaigua\/?p=1835"},"modified":"2024-10-01T10:09:58","modified_gmt":"2024-10-01T08:09:58","slug":"jo-no-membolico","status":"publish","type":"post","link":"https:\/\/agora.xtec.cat\/escoladonesdaigua\/general\/jo-no-membolico\/","title":{"rendered":"Jo no m&#8217;embolico!"},"content":{"rendered":"<p>El curs passat l&#8217;escola va participar en el projecte pilot JO NO M&#8217;EMBOLICO! de la Diputaci\u00f3 de Barcelona a trav\u00e9s de l&#8217;Ajuntament de Sant Iscle de Vallalta. Els objectius del projecte pretenien:<\/p>\n<p>\u2022\u00a0\u00a0 \u00a0<strong>Sensibilitzar<\/strong>:\u00a0Compartir idees inspiradores per avan\u00e7ar cap al residu zero i, en especial, pel que fa a la reducci\u00f3 de pl\u00e0stics i envasos d\u2019un sol \u00fas.<br \/>\n\u2022\u00a0\u00a0 \u00a0<strong>Divulgar<\/strong>:\u00a0Donar a con\u00e8ixer el que estan fent els ajuntaments en mat\u00e8ria de reducci\u00f3 de residus, en especial pl\u00e0stics.<br \/>\n\u2022\u00a0 \u00a0\u00a0<strong>Actuar\u00a0<\/strong>&#8211; Remoure<strong>\u00a0<\/strong>consci\u00e8ncies, canviar actituds i inspirar l\u2019acci\u00f3 i la participaci\u00f3 en mat\u00e8ria ambiental.<\/p>\n<p>D\u2019entre els municipis presentats, se\u2019n van seleccionar quatre:\u00a0<strong>Sant Mart\u00ed de Tous, Pallej\u00e0, Sant Iscle de Vallalta i Palau-solit\u00e0 i Plegamans <\/strong>i amb tots els enregistraments, i amb el suport de professionals del m\u00f3n audiovisual, es va muntar un documental per a cadascun dels municipis amb l\u2019objectiu de fer difusi\u00f3 aprofitant la celebraci\u00f3, el 5 de juny del 2024, del Dia Mundial del Medi Ambient. Aqu\u00ed us compartim el documental!<\/p>\n<p><iframe loading=\"lazy\" title=\"Sant Iscle de Vallalta NO S&#039;EMBOLICA!\" width=\"500\" height=\"281\" src=\"https:\/\/www.youtube.com\/embed\/sOp60ximRFA?feature=oembed\" frameborder=\"0\" allow=\"accelerometer; autoplay; clipboard-write; encrypted-media; gyroscope; picture-in-picture; web-share\" referrerpolicy=\"strict-origin-when-cross-origin\" allowfullscreen><\/iframe><\/p>\n","protected":false},"excerpt":{"rendered":"<p>El curs passat l&#8217;escola va participar en el projecte pilot JO NO M&#8217;EMBOLICO! de la Diputaci\u00f3 de Barcelona a trav\u00e9s de l&#8217;Ajuntament de Sant Iscle de Vallalta. Els objectius del projecte pretenien:<br \/>\n\u2022\u00a0\u00a0 \u00a0Sensibilitzar:\u00a0Compartir idees inspiradores per avan\u00e7ar cap al residu zero i, en especial, pel&hellip;  <a href=\"https:\/\/agora.xtec.cat\/escoladonesdaigua\/general\/jo-no-membolico\/\" title=\"Read Jo no m&#8217;embolico!\">Llegeix m\u00e9s\u00bb<\/a><\/p>\n","protected":false},"author":7,"featured_media":1836,"comment_status":"open","ping_status":"closed","sticky":false,"template":"","format":"standard","meta":{"_bbp_topic_count":0,"_bbp_reply_count":0,"_bbp_total_topic_count":0,"_bbp_total_reply_count":0,"_bbp_voice_count":0,"_bbp_anonymous_reply_count":0,"_bbp_topic_count_hidden":0,"_bbp_reply_count_hidden":0,"_bbp_forum_subforum_count":0,"footnotes":""},"categories":[1,2,4,5],"tags":[],"class_list":["post-1835","post","type-post","status-publish","format-standard","has-post-thumbnail","hentry","category-general","category-infantil","category-portada","category-primaria"],"post_mailing_queue_ids":[],"_links":{"self":[{"href":"https:\/\/agora.xtec.cat\/escoladonesdaigua\/wp-json\/wp\/v2\/posts\/1835","targetHints":{"allow":["GET"]}}],"collection":[{"href":"https:\/\/agora.xtec.cat\/escoladonesdaigua\/wp-json\/wp\/v2\/posts"}],"about":[{"href":"https:\/\/agora.xtec.cat\/escoladonesdaigua\/wp-json\/wp\/v2\/types\/post"}],"author":[{"embeddable":true,"href":"https:\/\/agora.xtec.cat\/escoladonesdaigua\/wp-json\/wp\/v2\/users\/7"}],"replies":[{"embeddable":true,"href":"https:\/\/agora.xtec.cat\/escoladonesdaigua\/wp-json\/wp\/v2\/comments?post=1835"}],"version-history":[{"count":1,"href":"https:\/\/agora.xtec.cat\/escoladonesdaigua\/wp-json\/wp\/v2\/posts\/1835\/revisions"}],"predecessor-version":[{"id":1837,"href":"https:\/\/agora.xtec.cat\/escoladonesdaigua\/wp-json\/wp\/v2\/posts\/1835\/revisions\/1837"}],"wp:featuredmedia":[{"embeddable":true,"href":"https:\/\/agora.xtec.cat\/escoladonesdaigua\/wp-json\/wp\/v2\/media\/1836"}],"wp:attachment":[{"href":"https:\/\/agora.xtec.cat\/escoladonesdaigua\/wp-json\/wp\/v2\/media?parent=1835"}],"wp:term":[{"taxonomy":"category","embeddable":true,"href":"https:\/\/agora.xtec.cat\/escoladonesdaigua\/wp-json\/wp\/v2\/categories?post=1835"},{"taxonomy":"post_tag","embeddable":true,"href":"https:\/\/agora.xtec.cat\/escoladonesdaigua\/wp-json\/wp\/v2\/tags?post=1835"}],"curies":[{"name":"wp","href":"https:\/\/api.w.org\/{rel}","templated":true}]}}