{"id":1699,"date":"2023-11-08T15:17:10","date_gmt":"2023-11-08T14:17:10","guid":{"rendered":"https:\/\/agora.xtec.cat\/escoladonesdaigua\/?p=1699"},"modified":"2024-02-26T16:53:49","modified_gmt":"2024-02-26T15:53:49","slug":"recerkids-2023","status":"publish","type":"post","link":"https:\/\/agora.xtec.cat\/escoladonesdaigua\/general\/recerkids-2023\/","title":{"rendered":"RECERKIDS 2023"},"content":{"rendered":"<p><iframe loading=\"lazy\" title=\"Recerkids 2023\" width=\"500\" height=\"281\" src=\"https:\/\/www.youtube.com\/embed\/lrBM-HaxUQA?feature=oembed\" frameborder=\"0\" allow=\"accelerometer; autoplay; clipboard-write; encrypted-media; gyroscope; picture-in-picture; web-share\" referrerpolicy=\"strict-origin-when-cross-origin\" allowfullscreen><\/iframe><\/p>\n<p>L&#8217;alumnat de 6\u00e8 del curs passat va ser seleccionat per a participar en el v\u00eddeo de difusi\u00f3 del programa RECERKIDS. L&#8217;escola hi participa cada any en el programa i hem estat seleccionats per presentar les nostres recerques CIENT\u00cdFIQUES als congressos que es celebren a la Universitat de Girona en diverses ocasions.<\/p>\n<p>Aquest \u00e9s el 2n any consecutiu que els nostres grups de 6\u00e8 formen part de la campanya de difusi\u00f3 del programa RECERKIDS i des de l&#8217;escola ens sentim molt orgullosos\/es del nostre alumnat.<\/p>\n","protected":false},"excerpt":{"rendered":"<p>L&#8217;alumnat de 6\u00e8 del curs passat va ser seleccionat per a participar en el v\u00eddeo de difusi\u00f3 del programa RECERKIDS. L&#8217;escola hi participa cada any en el programa i hem estat seleccionats per presentar les nostres recerques CIENT\u00cdFIQUES als congressos que es celebren a la&hellip;  <a href=\"https:\/\/agora.xtec.cat\/escoladonesdaigua\/general\/recerkids-2023\/\" title=\"Read RECERKIDS 2023\">Llegeix m\u00e9s\u00bb<\/a><\/p>\n","protected":false},"author":7,"featured_media":1171,"comment_status":"open","ping_status":"closed","sticky":false,"template":"","format":"standard","meta":{"_bbp_topic_count":0,"_bbp_reply_count":0,"_bbp_total_topic_count":0,"_bbp_total_reply_count":0,"_bbp_voice_count":0,"_bbp_anonymous_reply_count":0,"_bbp_topic_count_hidden":0,"_bbp_reply_count_hidden":0,"_bbp_forum_subforum_count":0,"footnotes":""},"categories":[1,2,4,5],"tags":[],"class_list":["post-1699","post","type-post","status-publish","format-standard","has-post-thumbnail","hentry","category-general","category-infantil","category-portada","category-primaria"],"post_mailing_queue_ids":[],"_links":{"self":[{"href":"https:\/\/agora.xtec.cat\/escoladonesdaigua\/wp-json\/wp\/v2\/posts\/1699","targetHints":{"allow":["GET"]}}],"collection":[{"href":"https:\/\/agora.xtec.cat\/escoladonesdaigua\/wp-json\/wp\/v2\/posts"}],"about":[{"href":"https:\/\/agora.xtec.cat\/escoladonesdaigua\/wp-json\/wp\/v2\/types\/post"}],"author":[{"embeddable":true,"href":"https:\/\/agora.xtec.cat\/escoladonesdaigua\/wp-json\/wp\/v2\/users\/7"}],"replies":[{"embeddable":true,"href":"https:\/\/agora.xtec.cat\/escoladonesdaigua\/wp-json\/wp\/v2\/comments?post=1699"}],"version-history":[{"count":2,"href":"https:\/\/agora.xtec.cat\/escoladonesdaigua\/wp-json\/wp\/v2\/posts\/1699\/revisions"}],"predecessor-version":[{"id":1743,"href":"https:\/\/agora.xtec.cat\/escoladonesdaigua\/wp-json\/wp\/v2\/posts\/1699\/revisions\/1743"}],"wp:featuredmedia":[{"embeddable":true,"href":"https:\/\/agora.xtec.cat\/escoladonesdaigua\/wp-json\/wp\/v2\/media\/1171"}],"wp:attachment":[{"href":"https:\/\/agora.xtec.cat\/escoladonesdaigua\/wp-json\/wp\/v2\/media?parent=1699"}],"wp:term":[{"taxonomy":"category","embeddable":true,"href":"https:\/\/agora.xtec.cat\/escoladonesdaigua\/wp-json\/wp\/v2\/categories?post=1699"},{"taxonomy":"post_tag","embeddable":true,"href":"https:\/\/agora.xtec.cat\/escoladonesdaigua\/wp-json\/wp\/v2\/tags?post=1699"}],"curies":[{"name":"wp","href":"https:\/\/api.w.org\/{rel}","templated":true}]}}