{"id":1636,"date":"2023-06-21T14:35:11","date_gmt":"2023-06-21T12:35:11","guid":{"rendered":"https:\/\/agora.xtec.cat\/escoladonesdaigua\/?p=1636"},"modified":"2023-06-21T14:35:11","modified_gmt":"2023-06-21T12:35:11","slug":"xecs-vals-ajut-per-la-compra-de-material-escolar-2023-24","status":"publish","type":"post","link":"https:\/\/agora.xtec.cat\/escoladonesdaigua\/general\/xecs-vals-ajut-per-la-compra-de-material-escolar-2023-24\/","title":{"rendered":"Xecs\/vals: ajut per la compra de material escolar 2023-24"},"content":{"rendered":"<p><strong><a href=\"https:\/\/agora.xtec.cat\/escoladonesdaigua\/wp-content\/uploads\/usu707\/2023\/06\/val-escolar.png\"><img loading=\"lazy\" decoding=\"async\" class=\"alignleft  wp-image-1640\" src=\"https:\/\/agora.xtec.cat\/escoladonesdaigua\/wp-content\/uploads\/usu707\/2023\/06\/val-escolar.png\" alt=\"\" width=\"735\" height=\"371\" srcset=\"https:\/\/agora.xtec.cat\/escoladonesdaigua\/wp-content\/uploads\/usu707\/2023\/06\/val-escolar.png 705w, https:\/\/agora.xtec.cat\/escoladonesdaigua\/wp-content\/uploads\/usu707\/2023\/06\/val-escolar-300x151.png 300w\" sizes=\"auto, (max-width: 735px) 100vw, 735px\" \/><\/a>Resoluci\u00f3 per la qual es regula el procediment de gesti\u00f3 de l\u2019ajut directe en concepte de material escolar en favor de l\u2019alumnat de prim\u00e0ria de centres sostinguts amb fons p\u00fablics<\/strong><\/p>\n<p><u>Finalitat<\/u><\/p>\n<p>L\u2019objecte d\u2019aquesta resoluci\u00f3 \u00e9s establir el procediment d\u2019ajut directe pel qual s\u2019impulsa la implementaci\u00f3 de l\u2019ajut de 100 euros en concepte de material escolar per a alumnes de prim\u00e0ria en centres educatius sostinguts amb fons p\u00fablics i es determinen les l\u00ednies b\u00e0siques per executar-lo.<\/p>\n<p><u>Persones benefici\u00e0ries<\/u><\/p>\n<p>Es consideren persones benefici\u00e0ries l\u2019alumnat que far\u00e0 qualsevol curs d\u2019educaci\u00f3 prim\u00e0ria durant l\u2019any escolar 2023-2024 en un centre del Servei d\u2019Educaci\u00f3 de Catalunya, inclosos els centres d\u2019educaci\u00f3 especial.<\/p>\n<p><u>Quantia<\/u><\/p>\n<p>La quantia de l\u2019ajut \u00e9s de 100 euros per persona benefici\u00e0ria, que s\u2019articular\u00e0 mitjan\u00e7ant un sistema de\u00a0<strong>vals per a la compra de material escolar, els quals s\u2019han de bescanviar en els establiments comercials adherits a la plataforma que gestioni els ajuts.<\/strong><\/p>\n<p><u>Regles generals<\/u><\/p>\n<p>El material escolar nom\u00e9s es podr\u00e0 adquirir en establiments comercials amb venda presencial situats a Catalunya. No es podr\u00e0 adquirir material escolar mitjan\u00e7ant comer\u00e7 electr\u00f2nic.<\/p>\n<p>Si l&#8217;adquisici\u00f3 del material escolar supera els 50 euros amb l&#8217;\u00fas d&#8217;un val o els 100 euros amb l&#8217;\u00fas de dos vals, la persona benefici\u00e0ria haur\u00e0 d&#8217;abonar la difer\u00e8ncia. Si l&#8217;adquisici\u00f3 del material escolar no supera els 50 euros amb l&#8217;\u00fas d&#8217;un val o els 100 euros amb l&#8217;\u00fas de dos vals,\u00a0<strong>l&#8217;establiment comercial no abonar\u00e0 la difer\u00e8ncia<\/strong>. Els sobrants no es podran utilitzar en un altre moment.<\/p>\n<p>En el cas de devoluci\u00f3 d&#8217;articles als establiments comercials, no es retornaran diners en efectiu a les persones benefici\u00e0ries. Nom\u00e9s s&#8217;admetran canvis per un altre material escolar que tingui un import igual o superior al de l&#8217;adquisici\u00f3 inicial. Si l&#8217;import \u00e9s superior, la persona benefici\u00e0ria n&#8217;haur\u00e0 d&#8217;abonar la difer\u00e8ncia.<\/p>\n<p><u>Enlla\u00e7os d\u2019inter\u00e8s<\/u><\/p>\n<p><a href=\"https:\/\/dogc.gencat.cat\/ca\/document-del-dogc\/?documentId=962461\">https:\/\/dogc.gencat.cat\/ca\/document-del-dogc\/?documentId=962461<\/a><\/p>\n<p><a href=\"https:\/\/www.valescolar.cat\/\">https:\/\/www.valescolar.cat\/<\/a><\/p>\n<p style=\"text-align: left;\"><a href=\"https:\/\/ccam.gencat.cat\/ca\/detalls\/noticia\/20230615_adhesio_campanya_val_escolar\">https:\/\/ccam.gencat.cat\/ca\/detalls\/noticia\/20230615_adhesio_campanya_val_escolar<\/a><\/p>\n","protected":false},"excerpt":{"rendered":"<p><a href=\"https:\/\/agora.xtec.cat\/escoladonesdaigua\/wp-content\/uploads\/usu707\/2023\/06\/val-escolar.png\"><\/a>Resoluci\u00f3 per la qual es regula el procediment de gesti\u00f3 de l\u2019ajut directe en concepte de material escolar en favor de l\u2019alumnat de prim\u00e0ria de centres sostinguts amb fons p\u00fablics<br \/>\nFinalitat<br \/>\nL\u2019objecte d\u2019aquesta resoluci\u00f3 \u00e9s establir el procediment d\u2019ajut directe pel qual s\u2019impulsa la implementaci\u00f3 de&hellip;  <a href=\"https:\/\/agora.xtec.cat\/escoladonesdaigua\/general\/xecs-vals-ajut-per-la-compra-de-material-escolar-2023-24\/\" title=\"Read Xecs\/vals: ajut per la compra de material escolar 2023-24\">Llegeix m\u00e9s\u00bb<\/a><\/p>\n","protected":false},"author":7,"featured_media":1640,"comment_status":"open","ping_status":"closed","sticky":false,"template":"","format":"standard","meta":{"_bbp_topic_count":0,"_bbp_reply_count":0,"_bbp_total_topic_count":0,"_bbp_total_reply_count":0,"_bbp_voice_count":0,"_bbp_anonymous_reply_count":0,"_bbp_topic_count_hidden":0,"_bbp_reply_count_hidden":0,"_bbp_forum_subforum_count":0,"footnotes":""},"categories":[1,2,4,5],"tags":[],"class_list":["post-1636","post","type-post","status-publish","format-standard","has-post-thumbnail","hentry","category-general","category-infantil","category-portada","category-primaria"],"post_mailing_queue_ids":[],"_links":{"self":[{"href":"https:\/\/agora.xtec.cat\/escoladonesdaigua\/wp-json\/wp\/v2\/posts\/1636","targetHints":{"allow":["GET"]}}],"collection":[{"href":"https:\/\/agora.xtec.cat\/escoladonesdaigua\/wp-json\/wp\/v2\/posts"}],"about":[{"href":"https:\/\/agora.xtec.cat\/escoladonesdaigua\/wp-json\/wp\/v2\/types\/post"}],"author":[{"embeddable":true,"href":"https:\/\/agora.xtec.cat\/escoladonesdaigua\/wp-json\/wp\/v2\/users\/7"}],"replies":[{"embeddable":true,"href":"https:\/\/agora.xtec.cat\/escoladonesdaigua\/wp-json\/wp\/v2\/comments?post=1636"}],"version-history":[{"count":1,"href":"https:\/\/agora.xtec.cat\/escoladonesdaigua\/wp-json\/wp\/v2\/posts\/1636\/revisions"}],"predecessor-version":[{"id":1641,"href":"https:\/\/agora.xtec.cat\/escoladonesdaigua\/wp-json\/wp\/v2\/posts\/1636\/revisions\/1641"}],"wp:featuredmedia":[{"embeddable":true,"href":"https:\/\/agora.xtec.cat\/escoladonesdaigua\/wp-json\/wp\/v2\/media\/1640"}],"wp:attachment":[{"href":"https:\/\/agora.xtec.cat\/escoladonesdaigua\/wp-json\/wp\/v2\/media?parent=1636"}],"wp:term":[{"taxonomy":"category","embeddable":true,"href":"https:\/\/agora.xtec.cat\/escoladonesdaigua\/wp-json\/wp\/v2\/categories?post=1636"},{"taxonomy":"post_tag","embeddable":true,"href":"https:\/\/agora.xtec.cat\/escoladonesdaigua\/wp-json\/wp\/v2\/tags?post=1636"}],"curies":[{"name":"wp","href":"https:\/\/api.w.org\/{rel}","templated":true}]}}