{"id":1557,"date":"2023-01-26T13:49:35","date_gmt":"2023-01-26T12:49:35","guid":{"rendered":"https:\/\/agora.xtec.cat\/escoladonesdaigua\/?p=1557"},"modified":"2023-02-08T09:47:48","modified_gmt":"2023-02-08T08:47:48","slug":"programacio-carnaval-2023","status":"publish","type":"post","link":"https:\/\/agora.xtec.cat\/escoladonesdaigua\/general\/programacio-carnaval-2023\/","title":{"rendered":"Programaci\u00f3 carnaval 2023"},"content":{"rendered":"<p>Ja tenim preparada la programaci\u00f3 de Carnaval! Ens trobem descomptant els dies per a que arribi el Rei CARNESTOLTES i amb molta feina i ganes de passar-ho b\u00e9.<\/p>\n<p style=\"text-align: center;\"><strong>El dia de la rua hi haur\u00e0 xocolatada a c\u00e0rrec de SANED i melindros (o similar) a c\u00e0rrec de l&#8217;AFA.\u00a0<\/strong><\/p>\n<p style=\"text-align: center;\">Moltes gr\u00e0cies per la vostra col\u00b7laboraci\u00f3!!<a href=\"https:\/\/agora.xtec.cat\/escoladonesdaigua\/wp-content\/uploads\/usu707\/2023\/01\/CARNAVAL-2023-families_page-0001-1.jpg\"><img loading=\"lazy\" decoding=\"async\" class=\"alignleft size-full wp-image-1567\" src=\"https:\/\/agora.xtec.cat\/escoladonesdaigua\/wp-content\/uploads\/usu707\/2023\/01\/CARNAVAL-2023-families_page-0001-1.jpg\" alt=\"\" width=\"1755\" height=\"1241\" srcset=\"https:\/\/agora.xtec.cat\/escoladonesdaigua\/wp-content\/uploads\/usu707\/2023\/01\/CARNAVAL-2023-families_page-0001-1.jpg 1755w, https:\/\/agora.xtec.cat\/escoladonesdaigua\/wp-content\/uploads\/usu707\/2023\/01\/CARNAVAL-2023-families_page-0001-1-300x212.jpg 300w, https:\/\/agora.xtec.cat\/escoladonesdaigua\/wp-content\/uploads\/usu707\/2023\/01\/CARNAVAL-2023-families_page-0001-1-1024x724.jpg 1024w, https:\/\/agora.xtec.cat\/escoladonesdaigua\/wp-content\/uploads\/usu707\/2023\/01\/CARNAVAL-2023-families_page-0001-1-768x543.jpg 768w, https:\/\/agora.xtec.cat\/escoladonesdaigua\/wp-content\/uploads\/usu707\/2023\/01\/CARNAVAL-2023-families_page-0001-1-1536x1086.jpg 1536w\" sizes=\"auto, (max-width: 1755px) 100vw, 1755px\" \/><\/a><\/p>\n","protected":false},"excerpt":{"rendered":"<p>Ja tenim preparada la programaci\u00f3 de Carnaval! Ens trobem descomptant els dies per a que arribi el Rei CARNESTOLTES i amb molta feina i ganes de passar-ho b\u00e9.<br \/>\nEl dia de la rua hi haur\u00e0 xocolatada a c\u00e0rrec de SANED i melindros (o similar) a c\u00e0rrec&hellip;  <a href=\"https:\/\/agora.xtec.cat\/escoladonesdaigua\/general\/programacio-carnaval-2023\/\" title=\"Read Programaci\u00f3 carnaval 2023\">Llegeix m\u00e9s\u00bb<\/a><\/p>\n","protected":false},"author":7,"featured_media":1558,"comment_status":"open","ping_status":"closed","sticky":false,"template":"","format":"standard","meta":{"_bbp_topic_count":0,"_bbp_reply_count":0,"_bbp_total_topic_count":0,"_bbp_total_reply_count":0,"_bbp_voice_count":0,"_bbp_anonymous_reply_count":0,"_bbp_topic_count_hidden":0,"_bbp_reply_count_hidden":0,"_bbp_forum_subforum_count":0,"footnotes":""},"categories":[1,2,4,5],"tags":[],"class_list":["post-1557","post","type-post","status-publish","format-standard","has-post-thumbnail","hentry","category-general","category-infantil","category-portada","category-primaria"],"post_mailing_queue_ids":[],"_links":{"self":[{"href":"https:\/\/agora.xtec.cat\/escoladonesdaigua\/wp-json\/wp\/v2\/posts\/1557","targetHints":{"allow":["GET"]}}],"collection":[{"href":"https:\/\/agora.xtec.cat\/escoladonesdaigua\/wp-json\/wp\/v2\/posts"}],"about":[{"href":"https:\/\/agora.xtec.cat\/escoladonesdaigua\/wp-json\/wp\/v2\/types\/post"}],"author":[{"embeddable":true,"href":"https:\/\/agora.xtec.cat\/escoladonesdaigua\/wp-json\/wp\/v2\/users\/7"}],"replies":[{"embeddable":true,"href":"https:\/\/agora.xtec.cat\/escoladonesdaigua\/wp-json\/wp\/v2\/comments?post=1557"}],"version-history":[{"count":2,"href":"https:\/\/agora.xtec.cat\/escoladonesdaigua\/wp-json\/wp\/v2\/posts\/1557\/revisions"}],"predecessor-version":[{"id":1568,"href":"https:\/\/agora.xtec.cat\/escoladonesdaigua\/wp-json\/wp\/v2\/posts\/1557\/revisions\/1568"}],"wp:featuredmedia":[{"embeddable":true,"href":"https:\/\/agora.xtec.cat\/escoladonesdaigua\/wp-json\/wp\/v2\/media\/1558"}],"wp:attachment":[{"href":"https:\/\/agora.xtec.cat\/escoladonesdaigua\/wp-json\/wp\/v2\/media?parent=1557"}],"wp:term":[{"taxonomy":"category","embeddable":true,"href":"https:\/\/agora.xtec.cat\/escoladonesdaigua\/wp-json\/wp\/v2\/categories?post=1557"},{"taxonomy":"post_tag","embeddable":true,"href":"https:\/\/agora.xtec.cat\/escoladonesdaigua\/wp-json\/wp\/v2\/tags?post=1557"}],"curies":[{"name":"wp","href":"https:\/\/api.w.org\/{rel}","templated":true}]}}