{"id":1548,"date":"2022-11-08T16:37:23","date_gmt":"2022-11-08T15:37:23","guid":{"rendered":"https:\/\/agora.xtec.cat\/escoladonesdaigua\/?p=1548"},"modified":"2022-11-08T16:37:23","modified_gmt":"2022-11-08T15:37:23","slug":"projecte-de-6e-fam-zero-ods12","status":"publish","type":"post","link":"https:\/\/agora.xtec.cat\/escoladonesdaigua\/general\/projecte-de-6e-fam-zero-ods12\/","title":{"rendered":"Projecte de 6\u00e8: FAM ZERO (ODS12)"},"content":{"rendered":"<p>L&#8217;alumnat de 6\u00e8 he engegat una campanya de recollida d&#8217;aliments que ser\u00e0 donada al banc d&#8217;aliments de la Creu Roja. Ho han organitzat tot i ens han sol\u00b7licitat fer difusi\u00f3 del seg\u00fcent cartell informatiu. Esperem que ens podeu fer un cop de m\u00e0!<\/p>\n<p><a href=\"https:\/\/agora.xtec.cat\/escoladonesdaigua\/wp-content\/uploads\/usu707\/2022\/11\/Recollida-solidaria-banc-daliments.png\"><img loading=\"lazy\" decoding=\"async\" class=\"wp-image-1549 aligncenter\" src=\"https:\/\/agora.xtec.cat\/escoladonesdaigua\/wp-content\/uploads\/usu707\/2022\/11\/Recollida-solidaria-banc-daliments.png\" alt=\"\" width=\"963\" height=\"1362\" srcset=\"https:\/\/agora.xtec.cat\/escoladonesdaigua\/wp-content\/uploads\/usu707\/2022\/11\/Recollida-solidaria-banc-daliments.png 1587w, https:\/\/agora.xtec.cat\/escoladonesdaigua\/wp-content\/uploads\/usu707\/2022\/11\/Recollida-solidaria-banc-daliments-212x300.png 212w, https:\/\/agora.xtec.cat\/escoladonesdaigua\/wp-content\/uploads\/usu707\/2022\/11\/Recollida-solidaria-banc-daliments-724x1024.png 724w, https:\/\/agora.xtec.cat\/escoladonesdaigua\/wp-content\/uploads\/usu707\/2022\/11\/Recollida-solidaria-banc-daliments-768x1086.png 768w, https:\/\/agora.xtec.cat\/escoladonesdaigua\/wp-content\/uploads\/usu707\/2022\/11\/Recollida-solidaria-banc-daliments-1086x1536.png 1086w, https:\/\/agora.xtec.cat\/escoladonesdaigua\/wp-content\/uploads\/usu707\/2022\/11\/Recollida-solidaria-banc-daliments-1448x2048.png 1448w\" sizes=\"auto, (max-width: 963px) 100vw, 963px\" \/><\/a><\/p>\n","protected":false},"excerpt":{"rendered":"<p>L&#8217;alumnat de 6\u00e8 he engegat una campanya de recollida d&#8217;aliments que ser\u00e0 donada al banc d&#8217;aliments de la Creu Roja. Ho han organitzat tot i ens han sol\u00b7licitat fer difusi\u00f3 del seg\u00fcent cartell informatiu. Esperem que ens podeu fer un cop de m\u00e0!<br \/>\n<a href=\"https:\/\/agora.xtec.cat\/escoladonesdaigua\/wp-content\/uploads\/usu707\/2022\/11\/Recollida-solidaria-banc-daliments.png\"><\/a><\/p>\n","protected":false},"author":7,"featured_media":1549,"comment_status":"open","ping_status":"closed","sticky":false,"template":"","format":"standard","meta":{"_bbp_topic_count":0,"_bbp_reply_count":0,"_bbp_total_topic_count":0,"_bbp_total_reply_count":0,"_bbp_voice_count":0,"_bbp_anonymous_reply_count":0,"_bbp_topic_count_hidden":0,"_bbp_reply_count_hidden":0,"_bbp_forum_subforum_count":0,"footnotes":""},"categories":[1,2,4,5],"tags":[],"class_list":["post-1548","post","type-post","status-publish","format-standard","has-post-thumbnail","hentry","category-general","category-infantil","category-portada","category-primaria"],"post_mailing_queue_ids":[],"_links":{"self":[{"href":"https:\/\/agora.xtec.cat\/escoladonesdaigua\/wp-json\/wp\/v2\/posts\/1548","targetHints":{"allow":["GET"]}}],"collection":[{"href":"https:\/\/agora.xtec.cat\/escoladonesdaigua\/wp-json\/wp\/v2\/posts"}],"about":[{"href":"https:\/\/agora.xtec.cat\/escoladonesdaigua\/wp-json\/wp\/v2\/types\/post"}],"author":[{"embeddable":true,"href":"https:\/\/agora.xtec.cat\/escoladonesdaigua\/wp-json\/wp\/v2\/users\/7"}],"replies":[{"embeddable":true,"href":"https:\/\/agora.xtec.cat\/escoladonesdaigua\/wp-json\/wp\/v2\/comments?post=1548"}],"version-history":[{"count":1,"href":"https:\/\/agora.xtec.cat\/escoladonesdaigua\/wp-json\/wp\/v2\/posts\/1548\/revisions"}],"predecessor-version":[{"id":1550,"href":"https:\/\/agora.xtec.cat\/escoladonesdaigua\/wp-json\/wp\/v2\/posts\/1548\/revisions\/1550"}],"wp:featuredmedia":[{"embeddable":true,"href":"https:\/\/agora.xtec.cat\/escoladonesdaigua\/wp-json\/wp\/v2\/media\/1549"}],"wp:attachment":[{"href":"https:\/\/agora.xtec.cat\/escoladonesdaigua\/wp-json\/wp\/v2\/media?parent=1548"}],"wp:term":[{"taxonomy":"category","embeddable":true,"href":"https:\/\/agora.xtec.cat\/escoladonesdaigua\/wp-json\/wp\/v2\/categories?post=1548"},{"taxonomy":"post_tag","embeddable":true,"href":"https:\/\/agora.xtec.cat\/escoladonesdaigua\/wp-json\/wp\/v2\/tags?post=1548"}],"curies":[{"name":"wp","href":"https:\/\/api.w.org\/{rel}","templated":true}]}}