{"id":1539,"date":"2022-10-19T16:38:17","date_gmt":"2022-10-19T14:38:17","guid":{"rendered":"https:\/\/agora.xtec.cat\/escoladonesdaigua\/?p=1539"},"modified":"2022-10-19T16:38:17","modified_gmt":"2022-10-19T14:38:17","slug":"pindola-informativa-saned-malbaratament-zero","status":"publish","type":"post","link":"https:\/\/agora.xtec.cat\/escoladonesdaigua\/infantil\/pindola-informativa-saned-malbaratament-zero\/","title":{"rendered":"P\u00edndola informativa SANED: Malbaratament zero"},"content":{"rendered":"<div>\n<p>El passat 27 de juny\u00a0s\u2019hi\u00a0va\u00a0celebrar\u00a0la\u00a0\u00a0sisena\u00a0edici\u00f3\u00a0de la jornada PREME\u00a0organitzada\u00a0per\u00a0l&#8217;Agencia de Salut P\u00fablica de Catalunya, amb el t\u00edtol <strong>&#8220;JORNADA DE MENJADORS ESCOLARS, CAP A UN MODEL M\u00c9S SOTENIBLE\u201d on hi participava la Fundaci\u00f3 Al\u00edcia<\/strong>: <a href=\"https:\/\/www.alicia.cat\/ca\/noticies\/jornada-de-menjadors-escolars-cap-a-un-model-mes-sostenible\/310\">https:\/\/www.alicia.cat\/ca\/noticies\/jornada-de-menjadors-escolars-cap-a-un-model-mes-sostenible\/310<\/a><\/p>\n<p>L\u2019equip de Nutrici\u00f3 de SANED hi va assistir i un\u00a0dels\u00a0aspectes\u00a0m\u00e9s\u00a0destacats en la trobada fou la d&#8217;establir un <strong>PROGRAMA D\u2019EDUCACI\u00d3 EN LA REDUCCI\u00d3 DEL MALBARATAMENT ALIMENTARI<\/strong>. \u00c9s per aquest motiu, i treballant en conson\u00e0ncia amb l\u2019assoliment dels ODS (objectius de desenvolupament sostenible), us presentem la primera de les <strong>P\u00cdNDOLES INFORMATIVES\u00a0<\/strong>del\u00a0curs.<\/p>\n<p><u>Des de SANED ens hem proposat reduir el malbaratament en les postres i en concret en la fruita<\/u>.<\/p>\n<p><a href=\"https:\/\/agora.xtec.cat\/escoladonesdaigua\/wp-content\/uploads\/usu707\/2022\/10\/1.jpg\"><img loading=\"lazy\" decoding=\"async\" class=\"alignleft size-full wp-image-1540\" src=\"https:\/\/agora.xtec.cat\/escoladonesdaigua\/wp-content\/uploads\/usu707\/2022\/10\/1.jpg\" alt=\"\" width=\"1240\" height=\"1755\" srcset=\"https:\/\/agora.xtec.cat\/escoladonesdaigua\/wp-content\/uploads\/usu707\/2022\/10\/1.jpg 1240w, https:\/\/agora.xtec.cat\/escoladonesdaigua\/wp-content\/uploads\/usu707\/2022\/10\/1-212x300.jpg 212w, https:\/\/agora.xtec.cat\/escoladonesdaigua\/wp-content\/uploads\/usu707\/2022\/10\/1-724x1024.jpg 724w, https:\/\/agora.xtec.cat\/escoladonesdaigua\/wp-content\/uploads\/usu707\/2022\/10\/1-768x1087.jpg 768w, https:\/\/agora.xtec.cat\/escoladonesdaigua\/wp-content\/uploads\/usu707\/2022\/10\/1-1085x1536.jpg 1085w\" sizes=\"auto, (max-width: 1240px) 100vw, 1240px\" \/><\/a> <a href=\"https:\/\/agora.xtec.cat\/escoladonesdaigua\/wp-content\/uploads\/usu707\/2022\/10\/2.jpg\"><img loading=\"lazy\" decoding=\"async\" class=\"alignleft size-full wp-image-1541\" src=\"https:\/\/agora.xtec.cat\/escoladonesdaigua\/wp-content\/uploads\/usu707\/2022\/10\/2.jpg\" alt=\"\" width=\"1240\" height=\"1755\" srcset=\"https:\/\/agora.xtec.cat\/escoladonesdaigua\/wp-content\/uploads\/usu707\/2022\/10\/2.jpg 1240w, https:\/\/agora.xtec.cat\/escoladonesdaigua\/wp-content\/uploads\/usu707\/2022\/10\/2-212x300.jpg 212w, https:\/\/agora.xtec.cat\/escoladonesdaigua\/wp-content\/uploads\/usu707\/2022\/10\/2-724x1024.jpg 724w, https:\/\/agora.xtec.cat\/escoladonesdaigua\/wp-content\/uploads\/usu707\/2022\/10\/2-768x1087.jpg 768w, https:\/\/agora.xtec.cat\/escoladonesdaigua\/wp-content\/uploads\/usu707\/2022\/10\/2-1085x1536.jpg 1085w\" sizes=\"auto, (max-width: 1240px) 100vw, 1240px\" \/><\/a><\/p>\n<div><\/div>\n<\/div>\n","protected":false},"excerpt":{"rendered":"<p>El passat 27 de juny\u00a0s\u2019hi\u00a0va\u00a0celebrar\u00a0la\u00a0\u00a0sisena\u00a0edici\u00f3\u00a0de la jornada PREME\u00a0organitzada\u00a0per\u00a0l&#8217;Agencia de Salut P\u00fablica de Catalunya, amb el t\u00edtol &#8220;JORNADA DE MENJADORS ESCOLARS, CAP A UN MODEL M\u00c9S SOTENIBLE\u201d on hi participava la Fundaci\u00f3 Al\u00edcia: <a href=\"https:\/\/www.alicia.cat\/ca\/noticies\/jornada-de-menjadors-escolars-cap-a-un-model-mes-sostenible\/310\">https:\/\/www.alicia.cat\/ca\/noticies\/jornada-de-menjadors-escolars-cap-a-un-model-mes-sostenible\/310<\/a><br \/>\nL\u2019equip de Nutrici\u00f3 de SANED hi va assistir i un\u00a0dels\u00a0aspectes\u00a0m\u00e9s\u00a0destacats en la&hellip;  <a href=\"https:\/\/agora.xtec.cat\/escoladonesdaigua\/infantil\/pindola-informativa-saned-malbaratament-zero\/\" title=\"Read P\u00edndola informativa SANED: Malbaratament zero\">Llegeix m\u00e9s\u00bb<\/a><\/p>\n","protected":false},"author":7,"featured_media":0,"comment_status":"open","ping_status":"closed","sticky":false,"template":"","format":"standard","meta":{"_bbp_topic_count":0,"_bbp_reply_count":0,"_bbp_total_topic_count":0,"_bbp_total_reply_count":0,"_bbp_voice_count":0,"_bbp_anonymous_reply_count":0,"_bbp_topic_count_hidden":0,"_bbp_reply_count_hidden":0,"_bbp_forum_subforum_count":0,"footnotes":""},"categories":[2,4,5],"tags":[],"class_list":["post-1539","post","type-post","status-publish","format-standard","hentry","category-infantil","category-portada","category-primaria"],"post_mailing_queue_ids":[],"_links":{"self":[{"href":"https:\/\/agora.xtec.cat\/escoladonesdaigua\/wp-json\/wp\/v2\/posts\/1539","targetHints":{"allow":["GET"]}}],"collection":[{"href":"https:\/\/agora.xtec.cat\/escoladonesdaigua\/wp-json\/wp\/v2\/posts"}],"about":[{"href":"https:\/\/agora.xtec.cat\/escoladonesdaigua\/wp-json\/wp\/v2\/types\/post"}],"author":[{"embeddable":true,"href":"https:\/\/agora.xtec.cat\/escoladonesdaigua\/wp-json\/wp\/v2\/users\/7"}],"replies":[{"embeddable":true,"href":"https:\/\/agora.xtec.cat\/escoladonesdaigua\/wp-json\/wp\/v2\/comments?post=1539"}],"version-history":[{"count":1,"href":"https:\/\/agora.xtec.cat\/escoladonesdaigua\/wp-json\/wp\/v2\/posts\/1539\/revisions"}],"predecessor-version":[{"id":1542,"href":"https:\/\/agora.xtec.cat\/escoladonesdaigua\/wp-json\/wp\/v2\/posts\/1539\/revisions\/1542"}],"wp:attachment":[{"href":"https:\/\/agora.xtec.cat\/escoladonesdaigua\/wp-json\/wp\/v2\/media?parent=1539"}],"wp:term":[{"taxonomy":"category","embeddable":true,"href":"https:\/\/agora.xtec.cat\/escoladonesdaigua\/wp-json\/wp\/v2\/categories?post=1539"},{"taxonomy":"post_tag","embeddable":true,"href":"https:\/\/agora.xtec.cat\/escoladonesdaigua\/wp-json\/wp\/v2\/tags?post=1539"}],"curies":[{"name":"wp","href":"https:\/\/api.w.org\/{rel}","templated":true}]}}