{"id":1521,"date":"2022-10-13T13:22:19","date_gmt":"2022-10-13T11:22:19","guid":{"rendered":"https:\/\/agora.xtec.cat\/escoladonesdaigua\/?p=1521"},"modified":"2022-10-13T13:25:37","modified_gmt":"2022-10-13T11:25:37","slug":"ja-tenim-les-aules-virtuals-a-punt-2","status":"publish","type":"post","link":"https:\/\/agora.xtec.cat\/escoladonesdaigua\/general\/ja-tenim-les-aules-virtuals-a-punt-2\/","title":{"rendered":"Ja tenim les aules virtuals a punt!!"},"content":{"rendered":"<p>Els noms de la classe estan relacionats amb l\u2019eix tem\u00e0tic 2022-2023: <strong>ELS ODS<\/strong>\u00a0(els\u00a0<strong>objectius de desenvolupament sostenible<\/strong>). Ja tenim les aules virtuals preparades per aquest curs.<\/p>\n<p>Si voleu fer una ullada nom\u00e9s cal clicar a l\u2019enlla\u00e7\u00a0<strong>MOODLE<\/strong>\u00a0d\u2019aquesta mateixa p\u00e0gina.<\/p>\n<p>EI3\/4 som <strong>ELS PEIXOS<\/strong> (ODS14: Vida submarina)<strong>\u00a0<\/strong><strong>\u00a0 \u00a0 \u00a0<\/strong><\/p>\n<p>EI5 som <strong>EL COR<\/strong>\u00a0(ODS3: Salut i benestar)<strong>\u00a0<\/strong><strong>\u00a0 \u00a0 <\/strong><\/p>\n<p>Cicle inicial som <strong>EL BOSC<\/strong> (ODS15: Vida d&#8217;ecosistemes terrestres)<strong>\u00a0<\/strong><strong>\u00a0 \u00a0 <\/strong><\/p>\n<p>3r \u00a0som <strong>ACTIVISTES<\/strong> (ODS5: Igualtat de g\u00e8nere)<strong>\u00a0<\/strong><strong>\u00a0 \u00a0 <\/strong><\/p>\n<p>4t\u00a0 som <strong>LA PAU MUNDIAL<\/strong> (ODS16: Pau, just\u00edcia i institucions s\u00f2lides)<strong>\u00a0<\/strong><strong>\u00a0 \u00a0 <\/strong><\/p>\n<p>5\u00e8 som <strong>INVESTIGADORS\/ES RESPONSABLES DEL CONSUM D&#8217;ALIMENTS SALUDABLES\u00a0<\/strong> (ODS12: Consum i producci\u00f3 responsable)<strong>\u00a0<\/strong><strong>\u00a0 \u00a0 <\/strong><\/p>\n<p>6\u00e8 som M\u00c9S ALIMENTS PER A LES FAM\u00cdLIES (ODS2: Fam zero)<strong>\u00a0<\/strong><strong>\u00a0 \u00a0<\/strong><\/p>\n<p><iframe loading=\"lazy\" title=\"La Generalitat aprova el Pla Nacional de l\u2019Agenda 2030\" width=\"500\" height=\"281\" src=\"https:\/\/www.youtube.com\/embed\/_2oLq9NaI9E?feature=oembed\" frameborder=\"0\" allow=\"accelerometer; autoplay; clipboard-write; encrypted-media; gyroscope; picture-in-picture; web-share\" referrerpolicy=\"strict-origin-when-cross-origin\" allowfullscreen><\/iframe><\/p>\n","protected":false},"excerpt":{"rendered":"<p>Els noms de la classe estan relacionats amb l\u2019eix tem\u00e0tic 2022-2023: ELS ODS\u00a0(els\u00a0objectius de desenvolupament sostenible). Ja tenim les aules virtuals preparades per aquest curs.<br \/>\nSi voleu fer una ullada nom\u00e9s cal clicar a l\u2019enlla\u00e7\u00a0MOODLE\u00a0d\u2019aquesta mateixa p\u00e0gina.<br \/>\nEI3\/4 som ELS PEIXOS (ODS14: Vida submarina)\u00a0\u00a0 \u00a0 \u00a0<br \/>\nEI5 som&hellip;  <a href=\"https:\/\/agora.xtec.cat\/escoladonesdaigua\/general\/ja-tenim-les-aules-virtuals-a-punt-2\/\" title=\"Read Ja tenim les aules virtuals a punt!!\">Llegeix m\u00e9s\u00bb<\/a><\/p>\n","protected":false},"author":7,"featured_media":0,"comment_status":"open","ping_status":"closed","sticky":false,"template":"","format":"standard","meta":{"_bbp_topic_count":0,"_bbp_reply_count":0,"_bbp_total_topic_count":0,"_bbp_total_reply_count":0,"_bbp_voice_count":0,"_bbp_anonymous_reply_count":0,"_bbp_topic_count_hidden":0,"_bbp_reply_count_hidden":0,"_bbp_forum_subforum_count":0,"footnotes":""},"categories":[1,2,4,5],"tags":[],"class_list":["post-1521","post","type-post","status-publish","format-standard","hentry","category-general","category-infantil","category-portada","category-primaria"],"post_mailing_queue_ids":[],"_links":{"self":[{"href":"https:\/\/agora.xtec.cat\/escoladonesdaigua\/wp-json\/wp\/v2\/posts\/1521","targetHints":{"allow":["GET"]}}],"collection":[{"href":"https:\/\/agora.xtec.cat\/escoladonesdaigua\/wp-json\/wp\/v2\/posts"}],"about":[{"href":"https:\/\/agora.xtec.cat\/escoladonesdaigua\/wp-json\/wp\/v2\/types\/post"}],"author":[{"embeddable":true,"href":"https:\/\/agora.xtec.cat\/escoladonesdaigua\/wp-json\/wp\/v2\/users\/7"}],"replies":[{"embeddable":true,"href":"https:\/\/agora.xtec.cat\/escoladonesdaigua\/wp-json\/wp\/v2\/comments?post=1521"}],"version-history":[{"count":2,"href":"https:\/\/agora.xtec.cat\/escoladonesdaigua\/wp-json\/wp\/v2\/posts\/1521\/revisions"}],"predecessor-version":[{"id":1530,"href":"https:\/\/agora.xtec.cat\/escoladonesdaigua\/wp-json\/wp\/v2\/posts\/1521\/revisions\/1530"}],"wp:attachment":[{"href":"https:\/\/agora.xtec.cat\/escoladonesdaigua\/wp-json\/wp\/v2\/media?parent=1521"}],"wp:term":[{"taxonomy":"category","embeddable":true,"href":"https:\/\/agora.xtec.cat\/escoladonesdaigua\/wp-json\/wp\/v2\/categories?post=1521"},{"taxonomy":"post_tag","embeddable":true,"href":"https:\/\/agora.xtec.cat\/escoladonesdaigua\/wp-json\/wp\/v2\/tags?post=1521"}],"curies":[{"name":"wp","href":"https:\/\/api.w.org\/{rel}","templated":true}]}}