{"id":1469,"date":"2022-07-07T15:29:24","date_gmt":"2022-07-07T13:29:24","guid":{"rendered":"https:\/\/agora.xtec.cat\/escoladonesdaigua\/?p=1469"},"modified":"2022-07-07T15:30:39","modified_gmt":"2022-07-07T13:30:39","slug":"activitats-de-lleure-a-les-tardes-de-setembre","status":"publish","type":"post","link":"https:\/\/agora.xtec.cat\/escoladonesdaigua\/general\/activitats-de-lleure-a-les-tardes-de-setembre\/","title":{"rendered":"Activitats de lleure a les tardes de setembre"},"content":{"rendered":"<p><a href=\"https:\/\/agora.xtec.cat\/escoladonesdaigua\/wp-content\/uploads\/usu707\/2022\/07\/logo-temps-delleure.png\"><img loading=\"lazy\" decoding=\"async\" class=\"size-full wp-image-1470 alignleft\" src=\"https:\/\/agora.xtec.cat\/escoladonesdaigua\/wp-content\/uploads\/usu707\/2022\/07\/logo-temps-delleure.png\" alt=\"\" width=\"436\" height=\"436\" srcset=\"https:\/\/agora.xtec.cat\/escoladonesdaigua\/wp-content\/uploads\/usu707\/2022\/07\/logo-temps-delleure.png 436w, https:\/\/agora.xtec.cat\/escoladonesdaigua\/wp-content\/uploads\/usu707\/2022\/07\/logo-temps-delleure-300x300.png 300w, https:\/\/agora.xtec.cat\/escoladonesdaigua\/wp-content\/uploads\/usu707\/2022\/07\/logo-temps-delleure-150x150.png 150w\" sizes=\"auto, (max-width: 436px) 100vw, 436px\" \/><\/a><\/p>\n<p>Tal com va anunciar el Departament d\u2019Educaci\u00f3,<strong> l\u2019inici del curs escolar 2022-2023 s\u2019ha avan\u00e7at al dilluns 5 de setembre<\/strong>.<\/p>\n<p>El proper curs escolar <strong>es far\u00e0 jornada compactada de mat\u00ed durant el mes de setembre de 9:00 a 13:00h<\/strong>. Tot i aix\u00f2, l&#8217;horari d&#8217;assist\u00e8ncia al centre no variar\u00e0 per part de l&#8217;alumnat amb el que fan la resta de l&#8217;any. La mesura es pren per reduir el temps de desconnexi\u00f3 dels infants de l\u2019escola, afavorir l\u2019equitat i facilitar la conciliaci\u00f3 familiar.<\/p>\n<p>Durant <strong>les tardes del 5 al 30 de setembre<\/strong>, el centre organitzar\u00e0 activitats de lleure educatiu fins a cobrir l&#8217;horari habitual. Aquestes activitats seran finan\u00e7ades per la Generalitat i per tant seran gratu\u00eftes per a tots els infants d\u2019escoles p\u00fabliques i concertades. Promouran el treball d\u2019habilitats cognitives, socials i emocionals, i facilitaran la conciliaci\u00f3 familiar.<\/p>\n<p><strong>L\u2019horari de les activitats de lleure educatiu ser\u00e0 de 15:30 a 16:30 hores, i en far\u00e0 la gesti\u00f3 l\u2019empresa que porta el temps de migdia al centre.\u00a0<\/strong><\/p>\n<p>&nbsp;<\/p>\n","protected":false},"excerpt":{"rendered":"<p><a href=\"https:\/\/agora.xtec.cat\/escoladonesdaigua\/wp-content\/uploads\/usu707\/2022\/07\/logo-temps-delleure.png\"><\/a><br \/>\nTal com va anunciar el Departament d\u2019Educaci\u00f3, l\u2019inici del curs escolar 2022-2023 s\u2019ha avan\u00e7at al dilluns 5 de setembre.<br \/>\nEl proper curs escolar es far\u00e0 jornada compactada de mat\u00ed durant el mes de setembre de 9:00 a 13:00h. Tot i aix\u00f2, l&#8217;horari d&#8217;assist\u00e8ncia al centre&hellip;  <a href=\"https:\/\/agora.xtec.cat\/escoladonesdaigua\/general\/activitats-de-lleure-a-les-tardes-de-setembre\/\" title=\"Read Activitats de lleure a les tardes de setembre\">Llegeix m\u00e9s\u00bb<\/a><\/p>\n","protected":false},"author":7,"featured_media":1470,"comment_status":"open","ping_status":"closed","sticky":false,"template":"","format":"standard","meta":{"_bbp_topic_count":0,"_bbp_reply_count":0,"_bbp_total_topic_count":0,"_bbp_total_reply_count":0,"_bbp_voice_count":0,"_bbp_anonymous_reply_count":0,"_bbp_topic_count_hidden":0,"_bbp_reply_count_hidden":0,"_bbp_forum_subforum_count":0,"footnotes":""},"categories":[1,2,4,5],"tags":[],"class_list":["post-1469","post","type-post","status-publish","format-standard","has-post-thumbnail","hentry","category-general","category-infantil","category-portada","category-primaria"],"post_mailing_queue_ids":[],"_links":{"self":[{"href":"https:\/\/agora.xtec.cat\/escoladonesdaigua\/wp-json\/wp\/v2\/posts\/1469","targetHints":{"allow":["GET"]}}],"collection":[{"href":"https:\/\/agora.xtec.cat\/escoladonesdaigua\/wp-json\/wp\/v2\/posts"}],"about":[{"href":"https:\/\/agora.xtec.cat\/escoladonesdaigua\/wp-json\/wp\/v2\/types\/post"}],"author":[{"embeddable":true,"href":"https:\/\/agora.xtec.cat\/escoladonesdaigua\/wp-json\/wp\/v2\/users\/7"}],"replies":[{"embeddable":true,"href":"https:\/\/agora.xtec.cat\/escoladonesdaigua\/wp-json\/wp\/v2\/comments?post=1469"}],"version-history":[{"count":2,"href":"https:\/\/agora.xtec.cat\/escoladonesdaigua\/wp-json\/wp\/v2\/posts\/1469\/revisions"}],"predecessor-version":[{"id":1472,"href":"https:\/\/agora.xtec.cat\/escoladonesdaigua\/wp-json\/wp\/v2\/posts\/1469\/revisions\/1472"}],"wp:featuredmedia":[{"embeddable":true,"href":"https:\/\/agora.xtec.cat\/escoladonesdaigua\/wp-json\/wp\/v2\/media\/1470"}],"wp:attachment":[{"href":"https:\/\/agora.xtec.cat\/escoladonesdaigua\/wp-json\/wp\/v2\/media?parent=1469"}],"wp:term":[{"taxonomy":"category","embeddable":true,"href":"https:\/\/agora.xtec.cat\/escoladonesdaigua\/wp-json\/wp\/v2\/categories?post=1469"},{"taxonomy":"post_tag","embeddable":true,"href":"https:\/\/agora.xtec.cat\/escoladonesdaigua\/wp-json\/wp\/v2\/tags?post=1469"}],"curies":[{"name":"wp","href":"https:\/\/api.w.org\/{rel}","templated":true}]}}