{"id":1435,"date":"2022-05-10T12:33:40","date_gmt":"2022-05-10T10:33:40","guid":{"rendered":"https:\/\/agora.xtec.cat\/escoladonesdaigua\/?p=1435"},"modified":"2022-05-10T12:35:56","modified_gmt":"2022-05-10T10:35:56","slug":"programa-formatiu-de-prevencio-de-la-violencia-masclista","status":"publish","type":"post","link":"https:\/\/agora.xtec.cat\/escoladonesdaigua\/general\/programa-formatiu-de-prevencio-de-la-violencia-masclista\/","title":{"rendered":"Programa formatiu de prevenci\u00f3 de la viol\u00e8ncia masclista"},"content":{"rendered":"<p>El proper dimecres <strong>18 de maig<\/strong> les fam\u00edlies de cicle superior esteu convidades al taller formatiu de prevenci\u00f3 de la viol\u00e8ncia masclista lligat als tallers formatius que realitzar\u00e0 l&#8217;alumnat de cicle superior. Rebreu l&#8217;enlla\u00e7 meet a trav\u00e9s dels vostres correus. Fam\u00edlies us hi esperem!!<\/p>\n<p><a href=\"https:\/\/agora.xtec.cat\/escoladonesdaigua\/wp-content\/uploads\/usu707\/2022\/05\/PVM-Info-Primaria-21-22_page-0001.jpg\"><img loading=\"lazy\" decoding=\"async\" class=\"alignleft wp-image-1437\" src=\"https:\/\/agora.xtec.cat\/escoladonesdaigua\/wp-content\/uploads\/usu707\/2022\/05\/PVM-Info-Primaria-21-22_page-0001.jpg\" alt=\"\" width=\"885\" height=\"1278\" srcset=\"https:\/\/agora.xtec.cat\/escoladonesdaigua\/wp-content\/uploads\/usu707\/2022\/05\/PVM-Info-Primaria-21-22_page-0001.jpg 1125w, https:\/\/agora.xtec.cat\/escoladonesdaigua\/wp-content\/uploads\/usu707\/2022\/05\/PVM-Info-Primaria-21-22_page-0001-208x300.jpg 208w, https:\/\/agora.xtec.cat\/escoladonesdaigua\/wp-content\/uploads\/usu707\/2022\/05\/PVM-Info-Primaria-21-22_page-0001-709x1024.jpg 709w, https:\/\/agora.xtec.cat\/escoladonesdaigua\/wp-content\/uploads\/usu707\/2022\/05\/PVM-Info-Primaria-21-22_page-0001-768x1109.jpg 768w, https:\/\/agora.xtec.cat\/escoladonesdaigua\/wp-content\/uploads\/usu707\/2022\/05\/PVM-Info-Primaria-21-22_page-0001-1063x1536.jpg 1063w\" sizes=\"auto, (max-width: 885px) 100vw, 885px\" \/><\/a><\/p>\n","protected":false},"excerpt":{"rendered":"<p>El proper dimecres 18 de maig les fam\u00edlies de cicle superior esteu convidades al taller formatiu de prevenci\u00f3 de la viol\u00e8ncia masclista lligat als tallers formatius que realitzar\u00e0 l&#8217;alumnat de cicle superior. Rebreu l&#8217;enlla\u00e7 meet a trav\u00e9s dels vostres correus. Fam\u00edlies us hi esperem!!<br \/>\n<a href=\"https:\/\/agora.xtec.cat\/escoladonesdaigua\/wp-content\/uploads\/usu707\/2022\/05\/PVM-Info-Primaria-21-22_page-0001.jpg\"><\/a><\/p>\n","protected":false},"author":7,"featured_media":1437,"comment_status":"open","ping_status":"closed","sticky":false,"template":"","format":"standard","meta":{"_bbp_topic_count":0,"_bbp_reply_count":0,"_bbp_total_topic_count":0,"_bbp_total_reply_count":0,"_bbp_voice_count":0,"_bbp_anonymous_reply_count":0,"_bbp_topic_count_hidden":0,"_bbp_reply_count_hidden":0,"_bbp_forum_subforum_count":0,"footnotes":""},"categories":[14,15,1,4],"tags":[],"class_list":["post-1435","post","type-post","status-publish","format-standard","has-post-thumbnail","hentry","category-5e","category-6e","category-general","category-portada"],"post_mailing_queue_ids":[],"_links":{"self":[{"href":"https:\/\/agora.xtec.cat\/escoladonesdaigua\/wp-json\/wp\/v2\/posts\/1435","targetHints":{"allow":["GET"]}}],"collection":[{"href":"https:\/\/agora.xtec.cat\/escoladonesdaigua\/wp-json\/wp\/v2\/posts"}],"about":[{"href":"https:\/\/agora.xtec.cat\/escoladonesdaigua\/wp-json\/wp\/v2\/types\/post"}],"author":[{"embeddable":true,"href":"https:\/\/agora.xtec.cat\/escoladonesdaigua\/wp-json\/wp\/v2\/users\/7"}],"replies":[{"embeddable":true,"href":"https:\/\/agora.xtec.cat\/escoladonesdaigua\/wp-json\/wp\/v2\/comments?post=1435"}],"version-history":[{"count":2,"href":"https:\/\/agora.xtec.cat\/escoladonesdaigua\/wp-json\/wp\/v2\/posts\/1435\/revisions"}],"predecessor-version":[{"id":1439,"href":"https:\/\/agora.xtec.cat\/escoladonesdaigua\/wp-json\/wp\/v2\/posts\/1435\/revisions\/1439"}],"wp:featuredmedia":[{"embeddable":true,"href":"https:\/\/agora.xtec.cat\/escoladonesdaigua\/wp-json\/wp\/v2\/media\/1437"}],"wp:attachment":[{"href":"https:\/\/agora.xtec.cat\/escoladonesdaigua\/wp-json\/wp\/v2\/media?parent=1435"}],"wp:term":[{"taxonomy":"category","embeddable":true,"href":"https:\/\/agora.xtec.cat\/escoladonesdaigua\/wp-json\/wp\/v2\/categories?post=1435"},{"taxonomy":"post_tag","embeddable":true,"href":"https:\/\/agora.xtec.cat\/escoladonesdaigua\/wp-json\/wp\/v2\/tags?post=1435"}],"curies":[{"name":"wp","href":"https:\/\/api.w.org\/{rel}","templated":true}]}}