{"id":1368,"date":"2022-03-08T10:45:44","date_gmt":"2022-03-08T09:45:44","guid":{"rendered":"https:\/\/agora.xtec.cat\/escoladonesdaigua\/?p=1368"},"modified":"2022-03-08T10:48:01","modified_gmt":"2022-03-08T09:48:01","slug":"preinscripcions-2022-23","status":"publish","type":"post","link":"https:\/\/agora.xtec.cat\/escoladonesdaigua\/infantil\/preinscripcions-2022-23\/","title":{"rendered":"Preinscripcions 2022-23"},"content":{"rendered":"<p>Presentaci\u00f3 de <strong>sol\u00b7licituds per preinscripcions telem\u00e0tiques:<\/strong><\/p>\n<ul>\n<li>Educaci\u00f3 infantil (3-6 anys) i educaci\u00f3 prim\u00e0ria: <strong>del 7 al 21 de mar\u00e7.<\/strong><\/li>\n<li>Cliqueu a l&#8217;enlla\u00e7 que correspongui per tal d&#8217;anar al lloc web de la sol\u00b7licitud:<\/li>\n<\/ul>\n<p>Si la <strong>sol\u00b7licitud \u00e9s per infantil<\/strong> l&#8217;enlla\u00e7 \u00e9s el seg\u00fcent:\u00a0<a href=\"https:\/\/preinscripcio.gencat.cat\/ca\/estudis\/infantil-3-6\/inici\/\" target=\"_blank\" rel=\"noopener\">sol\u00b7licitud infantil<\/a><\/p>\n<p>Si la <strong>sol\u00b7licitud \u00e9s per prim\u00e0ria<\/strong> l&#8217;enlla\u00e7 \u00e9s el seg\u00fcent:\u00a0<a href=\"https:\/\/preinscripcio.gencat.cat\/ca\/estudis\/primaria\/inici\/\" target=\"_blank\" rel=\"noopener\">sol\u00b7licitud prim\u00e0ria<\/a><\/p>\n<ul>\n<li>Us recomanem veure el v\u00eddeo-tutorial per tal d&#8217;aclarir dubtes.<\/li>\n<li>Si ens necessiteu, <strong>l&#8217;horari de secretaria s\u00f3n els dimarts i dijous de 8:30h a 13:30<\/strong>.<\/li>\n<\/ul>\n<p>A continuaci\u00f3 us deixem un v\u00eddeo-tutorial de com emplenar la sol\u00b7licitud de preinscripci\u00f3.<\/p>\n<p>https:\/\/youtu.be\/0kztL1IQD4c<\/p>\n","protected":false},"excerpt":{"rendered":"<p>Presentaci\u00f3 de sol\u00b7licituds per preinscripcions telem\u00e0tiques:<\/p>\n<ul>\n<li>Educaci\u00f3 infantil (3-6 anys) i educaci\u00f3 prim\u00e0ria: del 7 al 21 de mar\u00e7.<\/li>\n<li>Cliqueu a l&#8217;enlla\u00e7 que correspongui per tal d&#8217;anar al lloc web de la sol\u00b7licitud:<\/li>\n<\/ul>\n<p>Si la sol\u00b7licitud \u00e9s per infantil l&#8217;enlla\u00e7 \u00e9s el seg\u00fcent:\u00a0<a href=\"https:\/\/preinscripcio.gencat.cat\/ca\/estudis\/infantil-3-6\/inici\/\" target=\"_blank\" rel=\"noopener\">sol\u00b7licitud infantil<\/a><br \/>\nSi la&hellip;  <a href=\"https:\/\/agora.xtec.cat\/escoladonesdaigua\/infantil\/preinscripcions-2022-23\/\" title=\"Read Preinscripcions 2022-23\">Llegeix m\u00e9s\u00bb<\/a><\/p>\n","protected":false},"author":7,"featured_media":1369,"comment_status":"open","ping_status":"closed","sticky":false,"template":"","format":"standard","meta":{"_bbp_topic_count":0,"_bbp_reply_count":0,"_bbp_total_topic_count":0,"_bbp_total_reply_count":0,"_bbp_voice_count":0,"_bbp_anonymous_reply_count":0,"_bbp_topic_count_hidden":0,"_bbp_reply_count_hidden":0,"_bbp_forum_subforum_count":0,"footnotes":""},"categories":[2,4,5],"tags":[],"class_list":["post-1368","post","type-post","status-publish","format-standard","has-post-thumbnail","hentry","category-infantil","category-portada","category-primaria"],"post_mailing_queue_ids":[],"_links":{"self":[{"href":"https:\/\/agora.xtec.cat\/escoladonesdaigua\/wp-json\/wp\/v2\/posts\/1368","targetHints":{"allow":["GET"]}}],"collection":[{"href":"https:\/\/agora.xtec.cat\/escoladonesdaigua\/wp-json\/wp\/v2\/posts"}],"about":[{"href":"https:\/\/agora.xtec.cat\/escoladonesdaigua\/wp-json\/wp\/v2\/types\/post"}],"author":[{"embeddable":true,"href":"https:\/\/agora.xtec.cat\/escoladonesdaigua\/wp-json\/wp\/v2\/users\/7"}],"replies":[{"embeddable":true,"href":"https:\/\/agora.xtec.cat\/escoladonesdaigua\/wp-json\/wp\/v2\/comments?post=1368"}],"version-history":[{"count":2,"href":"https:\/\/agora.xtec.cat\/escoladonesdaigua\/wp-json\/wp\/v2\/posts\/1368\/revisions"}],"predecessor-version":[{"id":1371,"href":"https:\/\/agora.xtec.cat\/escoladonesdaigua\/wp-json\/wp\/v2\/posts\/1368\/revisions\/1371"}],"wp:featuredmedia":[{"embeddable":true,"href":"https:\/\/agora.xtec.cat\/escoladonesdaigua\/wp-json\/wp\/v2\/media\/1369"}],"wp:attachment":[{"href":"https:\/\/agora.xtec.cat\/escoladonesdaigua\/wp-json\/wp\/v2\/media?parent=1368"}],"wp:term":[{"taxonomy":"category","embeddable":true,"href":"https:\/\/agora.xtec.cat\/escoladonesdaigua\/wp-json\/wp\/v2\/categories?post=1368"},{"taxonomy":"post_tag","embeddable":true,"href":"https:\/\/agora.xtec.cat\/escoladonesdaigua\/wp-json\/wp\/v2\/tags?post=1368"}],"curies":[{"name":"wp","href":"https:\/\/api.w.org\/{rel}","templated":true}]}}