{"id":1282,"date":"2021-10-18T16:02:42","date_gmt":"2021-10-18T14:02:42","guid":{"rendered":"https:\/\/agora.xtec.cat\/escoladonesdaigua\/?p=1282"},"modified":"2021-10-18T16:05:33","modified_gmt":"2021-10-18T14:05:33","slug":"internet-segura","status":"publish","type":"post","link":"https:\/\/agora.xtec.cat\/escoladonesdaigua\/portada\/internet-segura\/","title":{"rendered":"Internet segura"},"content":{"rendered":"<p>Avui han vingut dos mossos d\u2019esquadra a l\u2019escola per parlar i informar al nostre alumnat de cinqu\u00e8 i sis\u00e8 de diferents aspectes que han tenir en compte quan facin servir les xarxes socials i internet.<a href=\"https:\/\/agora.xtec.cat\/escoladonesdaigua\/wp-content\/uploads\/usu707\/2021\/10\/Image-1.jpg\"><img loading=\"lazy\" decoding=\"async\" class=\"wp-image-1283 alignright\" src=\"https:\/\/agora.xtec.cat\/escoladonesdaigua\/wp-content\/uploads\/usu707\/2021\/10\/Image-1.jpg\" alt=\"\" width=\"618\" height=\"348\" srcset=\"https:\/\/agora.xtec.cat\/escoladonesdaigua\/wp-content\/uploads\/usu707\/2021\/10\/Image-1.jpg 1280w, https:\/\/agora.xtec.cat\/escoladonesdaigua\/wp-content\/uploads\/usu707\/2021\/10\/Image-1-300x169.jpg 300w, https:\/\/agora.xtec.cat\/escoladonesdaigua\/wp-content\/uploads\/usu707\/2021\/10\/Image-1-1024x576.jpg 1024w, https:\/\/agora.xtec.cat\/escoladonesdaigua\/wp-content\/uploads\/usu707\/2021\/10\/Image-1-768x432.jpg 768w\" sizes=\"auto, (max-width: 618px) 100vw, 618px\" \/><\/a><\/p>\n<p>Els joves d\u2019avui es troben i es relacionen a les xarxes socials de forma natural; s&#8217;envien missatges, xategen, tenen perfils a les xarxes socials, blocs, pengen fotos i les comenten, comparteixen arxius&#8230; I aprenen r\u00e0pidament a utilitzar qualsevol nova xarxa social o prestaci\u00f3 dels dispositius que tenen o que hi ha a casa.<\/p>\n<p>Les xarxes socials no s\u00f3n ni bones ni dolentes; tot dep\u00e8n de com s&#8217;utilitzin. Tant les fam\u00edlies com l&#8217;entorn escolar hem d\u2019educar-los tamb\u00e9 per fer un \u00fas responsable i segur de les xarxes socials.<\/p>\n<ul>\n<li>En el seg\u00fcent enlla\u00e7 trobareu lectures relacionades amb la internet segura segons edats: <a href=\"https:\/\/internetsegura.cat\/families\/relats-ciberseguretat\/\">https:\/\/internetsegura.cat\/families\/relats-ciberseguretat\/\u00a0<\/a><\/li>\n<li>Per a m\u00e9s informaci\u00f3 sobre aquest tema podeu consultar aquesta p\u00e0gina:\u00a0<a href=\"https:\/\/mossos.gencat.cat\/ca\/temes\/families-i-escoles\/Internet-aplicacions-ordinadors-i-dispositius\/Xarxes-socials_pares\/\">https:\/\/mossos.gencat.cat\/ca\/temes\/families-i-escoles\/Internet-aplicacions-ordinadors-i-dispositius\/Xarxes-socials_pares\/<\/a><\/li>\n<\/ul>\n<p>&nbsp;<\/p>\n","protected":false},"excerpt":{"rendered":"<p>Avui han vingut dos mossos d\u2019esquadra a l\u2019escola per parlar i informar al nostre alumnat de cinqu\u00e8 i sis\u00e8 de diferents aspectes que han tenir en compte quan facin servir les xarxes socials i internet.<a href=\"https:\/\/agora.xtec.cat\/escoladonesdaigua\/wp-content\/uploads\/usu707\/2021\/10\/Image-1.jpg\"><\/a><br \/>\nEls joves d\u2019avui es troben i es relacionen a les&hellip;  <a href=\"https:\/\/agora.xtec.cat\/escoladonesdaigua\/portada\/internet-segura\/\" title=\"Read Internet segura\">Llegeix m\u00e9s\u00bb<\/a><\/p>\n","protected":false},"author":7,"featured_media":1284,"comment_status":"open","ping_status":"closed","sticky":false,"template":"","format":"standard","meta":{"_bbp_topic_count":0,"_bbp_reply_count":0,"_bbp_total_topic_count":0,"_bbp_total_reply_count":0,"_bbp_voice_count":0,"_bbp_anonymous_reply_count":0,"_bbp_topic_count_hidden":0,"_bbp_reply_count_hidden":0,"_bbp_forum_subforum_count":0,"footnotes":""},"categories":[14,15,4,5],"tags":[],"class_list":["post-1282","post","type-post","status-publish","format-standard","has-post-thumbnail","hentry","category-5e","category-6e","category-portada","category-primaria"],"post_mailing_queue_ids":[],"_links":{"self":[{"href":"https:\/\/agora.xtec.cat\/escoladonesdaigua\/wp-json\/wp\/v2\/posts\/1282","targetHints":{"allow":["GET"]}}],"collection":[{"href":"https:\/\/agora.xtec.cat\/escoladonesdaigua\/wp-json\/wp\/v2\/posts"}],"about":[{"href":"https:\/\/agora.xtec.cat\/escoladonesdaigua\/wp-json\/wp\/v2\/types\/post"}],"author":[{"embeddable":true,"href":"https:\/\/agora.xtec.cat\/escoladonesdaigua\/wp-json\/wp\/v2\/users\/7"}],"replies":[{"embeddable":true,"href":"https:\/\/agora.xtec.cat\/escoladonesdaigua\/wp-json\/wp\/v2\/comments?post=1282"}],"version-history":[{"count":2,"href":"https:\/\/agora.xtec.cat\/escoladonesdaigua\/wp-json\/wp\/v2\/posts\/1282\/revisions"}],"predecessor-version":[{"id":1286,"href":"https:\/\/agora.xtec.cat\/escoladonesdaigua\/wp-json\/wp\/v2\/posts\/1282\/revisions\/1286"}],"wp:featuredmedia":[{"embeddable":true,"href":"https:\/\/agora.xtec.cat\/escoladonesdaigua\/wp-json\/wp\/v2\/media\/1284"}],"wp:attachment":[{"href":"https:\/\/agora.xtec.cat\/escoladonesdaigua\/wp-json\/wp\/v2\/media?parent=1282"}],"wp:term":[{"taxonomy":"category","embeddable":true,"href":"https:\/\/agora.xtec.cat\/escoladonesdaigua\/wp-json\/wp\/v2\/categories?post=1282"},{"taxonomy":"post_tag","embeddable":true,"href":"https:\/\/agora.xtec.cat\/escoladonesdaigua\/wp-json\/wp\/v2\/tags?post=1282"}],"curies":[{"name":"wp","href":"https:\/\/api.w.org\/{rel}","templated":true}]}}