{"id":1268,"date":"2021-10-14T15:46:31","date_gmt":"2021-10-14T13:46:31","guid":{"rendered":"https:\/\/agora.xtec.cat\/escoladonesdaigua\/?p=1268"},"modified":"2021-10-15T08:53:32","modified_gmt":"2021-10-15T06:53:32","slug":"ja-tenim-les-aules-virtuals-a-punt","status":"publish","type":"post","link":"https:\/\/agora.xtec.cat\/escoladonesdaigua\/general\/ja-tenim-les-aules-virtuals-a-punt\/","title":{"rendered":"Ja tenim les aules virtuals a punt!!"},"content":{"rendered":"<p>Els noms de la classe estan relacionats amb l\u2019eix tem\u00e0tic: <strong>LLEGENDES I \u00c9SSERS FANT\u00c0STICS<\/strong>. Ja tenim les aules virtuals preparades per aquest curs.<\/p>\n<p>Si voleu fer una ullada nom\u00e9s cal clicar a l\u2019enlla\u00e7\u00a0<strong>MOODLE<\/strong>\u00a0d\u2019aquesta mateixa p\u00e0gina.<\/p>\n<p><span style=\"font-family: inherit; font-size: 1em;\">Infantil A som <\/span><strong style=\"font-family: inherit; font-size: 1em;\">Unicorns de gel i dracs de foc\u00a0<\/strong><strong>\u00a0 \u00a0 \u00a0<\/strong><\/p>\n<p>Infantil B som <strong>Sirenes i tritons<\/strong><\/p>\n<p>1r som\u00a0<strong>Els trols<\/strong><\/p>\n<p>2n som <strong>Ogres i bruixes<\/strong><\/p>\n<p>3r som <strong>F\u00e8nix \u00a0 \u00a0 \u00a0 \u00a0 \u00a0 \u00a0 \u00a0 \u00a0 \u00a0 \u00a0 \u00a0 \u00a0 \u00a0 \u00a0 \u00a0 \u00a0 \u00a0 \u00a0 \u00a0 \u00a0 \u00a0 \u00a0 \u00a0 \u00a0 \u00a0 \u00a0 \u00a0 \u00a0 \u00a0 \u00a0 \u00a0\u00a0<\/strong><\/p>\n<p>4t som <strong>Quimera i Kraken\u00a0 \u00a0 \u00a0 \u00a0 \u00a0 \u00a0 \u00a0 \u00a0 \u00a0 \u00a0 \u00a0 \u00a0 \u00a0 \u00a0 \u00a0 \u00a0 \u00a0 \u00a0 \u00a0 \u00a0 \u00a0 \u00a0 \u00a0 \u00a0 \u00a0 \u00a0 \u00a0 \u00a0 \u00a0 \u00a0 \u00a0 \u00a0 \u00a0 \u00a0 \u00a0 \u00a0 \u00a0 \u00a0 \u00a0 \u00a0 \u00a0 \u00a0 \u00a0 \u00a0 \u00a0 \u00a0 \u00a0 \u00a0 \u00a0 \u00a0 \u00a0 \u00a0 \u00a0 \u00a0 \u00a0 \u00a0 \u00a0 \u00a0 \u00a0 \u00a0\u00a0<\/strong><\/p>\n<p>5\u00e8A som <strong>Medusa<\/strong><\/p>\n<p>6\u00e8 som\u00a0<strong>Els elfs\u00a0<\/strong><\/p>\n<p><strong><img loading=\"lazy\" decoding=\"async\" class=\"alignleft\" src=\"https:\/\/encrypted-tbn0.gstatic.com\/images?q=tbn:ANd9GcRNZGL-XmmQgi3v6Ng-oom-I56jgM_xRBPH3w&amp;usqp=CAU\" alt=\"Edici\u00f3 2014 - Premi Eva Toldr\u00e0 d'il\u00b7lustraci\u00f3\" width=\"342\" height=\"398\" \/><\/strong><\/p>\n","protected":false},"excerpt":{"rendered":"<p>Els noms de la classe estan relacionats amb l\u2019eix tem\u00e0tic: LLEGENDES I \u00c9SSERS FANT\u00c0STICS. Ja tenim les aules virtuals preparades per aquest curs.<br \/>\nSi voleu fer una ullada nom\u00e9s cal clicar a l\u2019enlla\u00e7\u00a0MOODLE\u00a0d\u2019aquesta mateixa p\u00e0gina.<br \/>\nInfantil A som Unicorns de gel i dracs de foc\u00a0\u00a0 \u00a0 \u00a0<br \/>\nInfantil&hellip;  <a href=\"https:\/\/agora.xtec.cat\/escoladonesdaigua\/general\/ja-tenim-les-aules-virtuals-a-punt\/\" title=\"Read Ja tenim les aules virtuals a punt!!\">Llegeix m\u00e9s\u00bb<\/a><\/p>\n","protected":false},"author":7,"featured_media":0,"comment_status":"open","ping_status":"closed","sticky":false,"template":"","format":"standard","meta":{"_bbp_topic_count":0,"_bbp_reply_count":0,"_bbp_total_topic_count":0,"_bbp_total_reply_count":0,"_bbp_voice_count":0,"_bbp_anonymous_reply_count":0,"_bbp_topic_count_hidden":0,"_bbp_reply_count_hidden":0,"_bbp_forum_subforum_count":0,"footnotes":""},"categories":[1,2,4,5],"tags":[],"class_list":["post-1268","post","type-post","status-publish","format-standard","hentry","category-general","category-infantil","category-portada","category-primaria"],"post_mailing_queue_ids":[],"_links":{"self":[{"href":"https:\/\/agora.xtec.cat\/escoladonesdaigua\/wp-json\/wp\/v2\/posts\/1268","targetHints":{"allow":["GET"]}}],"collection":[{"href":"https:\/\/agora.xtec.cat\/escoladonesdaigua\/wp-json\/wp\/v2\/posts"}],"about":[{"href":"https:\/\/agora.xtec.cat\/escoladonesdaigua\/wp-json\/wp\/v2\/types\/post"}],"author":[{"embeddable":true,"href":"https:\/\/agora.xtec.cat\/escoladonesdaigua\/wp-json\/wp\/v2\/users\/7"}],"replies":[{"embeddable":true,"href":"https:\/\/agora.xtec.cat\/escoladonesdaigua\/wp-json\/wp\/v2\/comments?post=1268"}],"version-history":[{"count":3,"href":"https:\/\/agora.xtec.cat\/escoladonesdaigua\/wp-json\/wp\/v2\/posts\/1268\/revisions"}],"predecessor-version":[{"id":1273,"href":"https:\/\/agora.xtec.cat\/escoladonesdaigua\/wp-json\/wp\/v2\/posts\/1268\/revisions\/1273"}],"wp:attachment":[{"href":"https:\/\/agora.xtec.cat\/escoladonesdaigua\/wp-json\/wp\/v2\/media?parent=1268"}],"wp:term":[{"taxonomy":"category","embeddable":true,"href":"https:\/\/agora.xtec.cat\/escoladonesdaigua\/wp-json\/wp\/v2\/categories?post=1268"},{"taxonomy":"post_tag","embeddable":true,"href":"https:\/\/agora.xtec.cat\/escoladonesdaigua\/wp-json\/wp\/v2\/tags?post=1268"}],"curies":[{"name":"wp","href":"https:\/\/api.w.org\/{rel}","templated":true}]}}