{"id":1168,"date":"2021-05-12T12:08:52","date_gmt":"2021-05-12T10:08:52","guid":{"rendered":"http:\/\/agora.xtec.cat\/escoladonesdaigua\/?p=1168"},"modified":"2021-05-12T12:08:52","modified_gmt":"2021-05-12T10:08:52","slug":"v-congres-recerkids","status":"publish","type":"post","link":"https:\/\/agora.xtec.cat\/escoladonesdaigua\/general\/v-congres-recerkids\/","title":{"rendered":"V Congr\u00e9s Recerkids!"},"content":{"rendered":"<p><strong>Recerkids<\/strong>\u00a0\u00e9s un programa educatiu organitzat per la\u00a0<strong>Direcci\u00f3 General de Recerca de la Generalitat de Catalunya<\/strong>\u00a0i\u00a0<strong>Eduxarxa<\/strong> amb l\u2019objectiu d\u2019apropar la recerca cient\u00edfica a l\u2019alumnat de 5\u00e8 i 6\u00e8 d\u2019Educaci\u00f3 Prim\u00e0ria. L\u2019escola ha participat en les 3 \u00faltimes edicions amb els grups de 6\u00e8.<\/p>\n<p>Enguany tamb\u00e9 s\u2019han presentat els grups de 5\u00e8A i 5\u00e8B amb el projecte <strong>&#8220;EFECTES DE L&#8217;ACUMULACI\u00d3 DE CO2 ALS POLS I ALS \u00c9SSERS VIUS&#8221;<\/strong> i el grup de 6\u00e8 ha fet la recerca amb el projecte<strong> &#8220;ALIMENTS I EMISSIONS DE CO2&#8221;<\/strong>. Avui han participat virtualment i en directe, juntament amb altres centres seleccionats, al <strong>V Congr\u00e9s RECERKIDS<\/strong> on han pogut exposar les seves recerques i realitzar una activitat d&#8217;experimentaci\u00f3 proposada. L&#8217;experi\u00e8ncia ha estat fant\u00e0stica!!<\/p>\n<p>Si cliqueu a sobre de l&#8217;enlla\u00e7 podreu veure els p\u00f2sters presentats per l&#8217;alumnat del centre.<\/p>\n<p>https:\/\/www.recerkids.cat\/edicio-2021\/<\/p>\n","protected":false},"excerpt":{"rendered":"<p>Recerkids\u00a0\u00e9s un programa educatiu organitzat per la\u00a0Direcci\u00f3 General de Recerca de la Generalitat de Catalunya\u00a0i\u00a0Eduxarxa amb l\u2019objectiu d\u2019apropar la recerca cient\u00edfica a l\u2019alumnat de 5\u00e8 i 6\u00e8 d\u2019Educaci\u00f3 Prim\u00e0ria. L\u2019escola ha participat en les 3 \u00faltimes edicions amb els grups de 6\u00e8.<br \/>\nEnguany tamb\u00e9 s\u2019han presentat&hellip;  <a href=\"https:\/\/agora.xtec.cat\/escoladonesdaigua\/general\/v-congres-recerkids\/\" title=\"Read V Congr\u00e9s Recerkids!\">Llegeix m\u00e9s\u00bb<\/a><\/p>\n","protected":false},"author":7,"featured_media":1171,"comment_status":"open","ping_status":"closed","sticky":false,"template":"","format":"standard","meta":{"_bbp_topic_count":0,"_bbp_reply_count":0,"_bbp_total_topic_count":0,"_bbp_total_reply_count":0,"_bbp_voice_count":0,"_bbp_anonymous_reply_count":0,"_bbp_topic_count_hidden":0,"_bbp_reply_count_hidden":0,"_bbp_forum_subforum_count":0,"footnotes":""},"categories":[14,15,1,4,5],"tags":[],"class_list":["post-1168","post","type-post","status-publish","format-standard","has-post-thumbnail","hentry","category-5e","category-6e","category-general","category-portada","category-primaria"],"post_mailing_queue_ids":[],"_links":{"self":[{"href":"https:\/\/agora.xtec.cat\/escoladonesdaigua\/wp-json\/wp\/v2\/posts\/1168","targetHints":{"allow":["GET"]}}],"collection":[{"href":"https:\/\/agora.xtec.cat\/escoladonesdaigua\/wp-json\/wp\/v2\/posts"}],"about":[{"href":"https:\/\/agora.xtec.cat\/escoladonesdaigua\/wp-json\/wp\/v2\/types\/post"}],"author":[{"embeddable":true,"href":"https:\/\/agora.xtec.cat\/escoladonesdaigua\/wp-json\/wp\/v2\/users\/7"}],"replies":[{"embeddable":true,"href":"https:\/\/agora.xtec.cat\/escoladonesdaigua\/wp-json\/wp\/v2\/comments?post=1168"}],"version-history":[{"count":2,"href":"https:\/\/agora.xtec.cat\/escoladonesdaigua\/wp-json\/wp\/v2\/posts\/1168\/revisions"}],"predecessor-version":[{"id":1172,"href":"https:\/\/agora.xtec.cat\/escoladonesdaigua\/wp-json\/wp\/v2\/posts\/1168\/revisions\/1172"}],"wp:featuredmedia":[{"embeddable":true,"href":"https:\/\/agora.xtec.cat\/escoladonesdaigua\/wp-json\/wp\/v2\/media\/1171"}],"wp:attachment":[{"href":"https:\/\/agora.xtec.cat\/escoladonesdaigua\/wp-json\/wp\/v2\/media?parent=1168"}],"wp:term":[{"taxonomy":"category","embeddable":true,"href":"https:\/\/agora.xtec.cat\/escoladonesdaigua\/wp-json\/wp\/v2\/categories?post=1168"},{"taxonomy":"post_tag","embeddable":true,"href":"https:\/\/agora.xtec.cat\/escoladonesdaigua\/wp-json\/wp\/v2\/tags?post=1168"}],"curies":[{"name":"wp","href":"https:\/\/api.w.org\/{rel}","templated":true}]}}