{"id":997,"date":"2018-10-31T15:18:18","date_gmt":"2018-10-31T14:18:18","guid":{"rendered":"http:\/\/agora.xtec.cat\/escoladetermens\/?p=997"},"modified":"2018-10-31T15:18:18","modified_gmt":"2018-10-31T14:18:18","slug":"fem-panellets","status":"publish","type":"post","link":"https:\/\/agora.xtec.cat\/escoladetermens\/infantil\/fem-panellets\/","title":{"rendered":"FEM PANELLETS"},"content":{"rendered":"<p>Aquests dies tots els alumnes de l&#8217;escola han estat enfeinad\u00edssims. Cada classe ha elaborat un tipus de panellet diferent: de coco, de pastanaga, d&#8217;ametlla&#8230;<\/p>\n<p>I aquest mat\u00ed han fet el donatiu als alumnes que fan el caf\u00e8 de l&#8217;artista, els alumnes de cinqu\u00e8 i sis\u00e8. Aquests, com a agra\u00efment els han fet un detallet mon\u00edssim.<\/p>\n<p><a href=\"https:\/\/photos.app.goo.gl\/U45wn4FcRzj9G63W6\"><img loading=\"lazy\" decoding=\"async\" class=\"alignnone size-full wp-image-998\" src=\"https:\/\/agora.xtec.cat\/escoladetermens\/wp-content\/uploads\/usu1845\/2018\/10\/MOVIMENT-1.jpg\" alt=\"\" width=\"559\" height=\"397\" srcset=\"https:\/\/agora.xtec.cat\/escoladetermens\/wp-content\/uploads\/usu1845\/2018\/10\/MOVIMENT-1.jpg 559w, https:\/\/agora.xtec.cat\/escoladetermens\/wp-content\/uploads\/usu1845\/2018\/10\/MOVIMENT-1-300x213.jpg 300w\" sizes=\"auto, (max-width: 559px) 100vw, 559px\" \/><\/a><\/p>\n","protected":false},"excerpt":{"rendered":"<p>Aquests dies tots els alumnes de l&#8217;escola han estat enfeinad\u00edssims. Cada classe ha elaborat un tipus de panellet diferent: de coco, de pastanaga, d&#8217;ametlla&#8230;<br \/>\nI aquest mat\u00ed han fet el donatiu als alumnes que fan el caf\u00e8 de l&#8217;artista, els alumnes de cinqu\u00e8 i sis\u00e8. Aquests,&hellip;  <a href=\"https:\/\/agora.xtec.cat\/escoladetermens\/infantil\/fem-panellets\/\" title=\"Read FEM PANELLETS\">Llegeix m\u00e9s\u00bb<\/a><\/p>\n","protected":false},"author":1,"featured_media":0,"comment_status":"open","ping_status":"closed","sticky":false,"template":"","format":"standard","meta":{"_bbp_topic_count":0,"_bbp_reply_count":0,"_bbp_total_topic_count":0,"_bbp_total_reply_count":0,"_bbp_voice_count":0,"_bbp_anonymous_reply_count":0,"_bbp_topic_count_hidden":0,"_bbp_reply_count_hidden":0,"_bbp_forum_subforum_count":0,"footnotes":""},"categories":[10,11,12,14,15,3,9,2,4,5],"tags":[158,159],"class_list":["post-997","post","type-post","status-publish","format-standard","hentry","category-2n","category-3r","category-4t","category-5e","category-6e","category-i3-i4","category-i5","category-infantil","category-portada","category-primaria","tag-panellets","tag-taller-de-cuina"],"post_mailing_queue_ids":[],"_links":{"self":[{"href":"https:\/\/agora.xtec.cat\/escoladetermens\/wp-json\/wp\/v2\/posts\/997","targetHints":{"allow":["GET"]}}],"collection":[{"href":"https:\/\/agora.xtec.cat\/escoladetermens\/wp-json\/wp\/v2\/posts"}],"about":[{"href":"https:\/\/agora.xtec.cat\/escoladetermens\/wp-json\/wp\/v2\/types\/post"}],"author":[{"embeddable":true,"href":"https:\/\/agora.xtec.cat\/escoladetermens\/wp-json\/wp\/v2\/users\/1"}],"replies":[{"embeddable":true,"href":"https:\/\/agora.xtec.cat\/escoladetermens\/wp-json\/wp\/v2\/comments?post=997"}],"version-history":[{"count":1,"href":"https:\/\/agora.xtec.cat\/escoladetermens\/wp-json\/wp\/v2\/posts\/997\/revisions"}],"predecessor-version":[{"id":999,"href":"https:\/\/agora.xtec.cat\/escoladetermens\/wp-json\/wp\/v2\/posts\/997\/revisions\/999"}],"wp:attachment":[{"href":"https:\/\/agora.xtec.cat\/escoladetermens\/wp-json\/wp\/v2\/media?parent=997"}],"wp:term":[{"taxonomy":"category","embeddable":true,"href":"https:\/\/agora.xtec.cat\/escoladetermens\/wp-json\/wp\/v2\/categories?post=997"},{"taxonomy":"post_tag","embeddable":true,"href":"https:\/\/agora.xtec.cat\/escoladetermens\/wp-json\/wp\/v2\/tags?post=997"}],"curies":[{"name":"wp","href":"https:\/\/api.w.org\/{rel}","templated":true}]}}