{"id":9195,"date":"2026-05-04T19:39:12","date_gmt":"2026-05-04T17:39:12","guid":{"rendered":"https:\/\/agora.xtec.cat\/escoladetermens\/?p=9195"},"modified":"2026-05-04T19:39:12","modified_gmt":"2026-05-04T17:39:12","slug":"teatre-4t-llegenda-de-sant-jordi","status":"publish","type":"post","link":"https:\/\/agora.xtec.cat\/escoladetermens\/portada\/teatre-4t-llegenda-de-sant-jordi\/","title":{"rendered":"Teatre 4t: Llegenda de Sant Jordi!"},"content":{"rendered":"<p data-start=\"0\" data-end=\"309\"><em><strong>L\u2019alumnat de 4t curs<\/strong><\/em> ha emocionat tota la comunitat educativa amb la representaci\u00f3 teatral de <em><strong>l<\/strong><strong>a Llegenda de Sant Jordi.<\/strong><\/em> Amb molta il\u00b7lusi\u00f3, esfor\u00e7 i creativitat, els nens i nenes han donat vida a aquesta hist\u00f2ria tan estimada, demostrant les seves habilitats art\u00edstiques i el gran treball en equip realitzat.<\/p>\n<p data-start=\"311\" data-end=\"510\" data-is-last-node=\"\" data-is-only-node=\"\">Ha estat una actuaci\u00f3 plena de m\u00e0gia i entusiasme que ens ha fet gaudir d\u2019una tradici\u00f3 ben arrelada a la nostra cultura.<\/p>\n<p style=\"text-align: center;\" data-start=\"311\" data-end=\"510\" data-is-last-node=\"\" data-is-only-node=\"\"><em><strong> Enhorabona a tots els participants per aquesta fant\u00e0stica posada en escena!<\/strong><\/em><\/p>\n<p style=\"text-align: center;\" data-start=\"311\" data-end=\"510\" data-is-last-node=\"\" data-is-only-node=\"\"><em>Cliqueu damunt enlla\u00e7 per gaudir de FOTOS i V\u00cdDEO!<\/em><\/p>\n<div style=\"position: relative; width: 100%; height: 0; padding-top: 100.0000%; padding-bottom: 0; box-shadow: 0 2px 8px 0 rgba(63,69,81,0.16); margin-top: 1.6em; margin-bottom: 0.9em; overflow: hidden; border-radius: 8px; will-change: transform;\"><iframe style=\"position: absolute; width: 100%; height: 100%; top: 0; left: 0; border: none; padding: 0; margin: 0;\" src=\"https:\/\/www.canva.com\/design\/DAHIcEvAyNk\/LLVqeX2ObeiK39hUXUcK_A\/view?embed\" allowfullscreen=\"allowfullscreen\"><br \/>\n<\/iframe><\/div>\n<p><a href=\"https:\/\/www.canva.com\/design\/DAHIcEvAyNk\/LLVqeX2ObeiK39hUXUcK_A\/view?utm_content=DAHIcEvAyNk&amp;utm_campaign=designshare&amp;utm_medium=embeds&amp;utm_source=link\" target=\"_blank\" rel=\"noopener\">C\u00f2pia de Moltes gr\u00e0cies!<\/a> de Escola Alfred Potrony<\/p>\n","protected":false},"excerpt":{"rendered":"<p>L\u2019alumnat de 4t curs ha emocionat tota la comunitat educativa amb la representaci\u00f3 teatral de la Llegenda de Sant Jordi. Amb molta il\u00b7lusi\u00f3, esfor\u00e7 i creativitat, els nens i nenes han donat vida a aquesta hist\u00f2ria tan estimada, demostrant les seves habilitats art\u00edstiques i el&hellip;  <a href=\"https:\/\/agora.xtec.cat\/escoladetermens\/portada\/teatre-4t-llegenda-de-sant-jordi\/\" title=\"Read Teatre 4t: Llegenda de Sant Jordi!\">Llegeix m\u00e9s\u00bb<\/a><\/p>\n","protected":false},"author":1,"featured_media":0,"comment_status":"open","ping_status":"open","sticky":false,"template":"","format":"standard","meta":{"_bbp_topic_count":0,"_bbp_reply_count":0,"_bbp_total_topic_count":0,"_bbp_total_reply_count":0,"_bbp_voice_count":0,"_bbp_anonymous_reply_count":0,"_bbp_topic_count_hidden":0,"_bbp_reply_count_hidden":0,"_bbp_forum_subforum_count":0,"footnotes":""},"categories":[12,4],"tags":[],"class_list":["post-9195","post","type-post","status-publish","format-standard","hentry","category-4t","category-portada"],"post_mailing_queue_ids":[],"_links":{"self":[{"href":"https:\/\/agora.xtec.cat\/escoladetermens\/wp-json\/wp\/v2\/posts\/9195","targetHints":{"allow":["GET"]}}],"collection":[{"href":"https:\/\/agora.xtec.cat\/escoladetermens\/wp-json\/wp\/v2\/posts"}],"about":[{"href":"https:\/\/agora.xtec.cat\/escoladetermens\/wp-json\/wp\/v2\/types\/post"}],"author":[{"embeddable":true,"href":"https:\/\/agora.xtec.cat\/escoladetermens\/wp-json\/wp\/v2\/users\/1"}],"replies":[{"embeddable":true,"href":"https:\/\/agora.xtec.cat\/escoladetermens\/wp-json\/wp\/v2\/comments?post=9195"}],"version-history":[{"count":3,"href":"https:\/\/agora.xtec.cat\/escoladetermens\/wp-json\/wp\/v2\/posts\/9195\/revisions"}],"predecessor-version":[{"id":9198,"href":"https:\/\/agora.xtec.cat\/escoladetermens\/wp-json\/wp\/v2\/posts\/9195\/revisions\/9198"}],"wp:attachment":[{"href":"https:\/\/agora.xtec.cat\/escoladetermens\/wp-json\/wp\/v2\/media?parent=9195"}],"wp:term":[{"taxonomy":"category","embeddable":true,"href":"https:\/\/agora.xtec.cat\/escoladetermens\/wp-json\/wp\/v2\/categories?post=9195"},{"taxonomy":"post_tag","embeddable":true,"href":"https:\/\/agora.xtec.cat\/escoladetermens\/wp-json\/wp\/v2\/tags?post=9195"}],"curies":[{"name":"wp","href":"https:\/\/api.w.org\/{rel}","templated":true}]}}