{"id":9186,"date":"2026-04-30T13:37:29","date_gmt":"2026-04-30T11:37:29","guid":{"rendered":"https:\/\/agora.xtec.cat\/escoladetermens\/?p=9186"},"modified":"2026-04-30T13:41:05","modified_gmt":"2026-04-30T11:41:05","slug":"concurs-literari-de-la-bibliotreca","status":"publish","type":"post","link":"https:\/\/agora.xtec.cat\/escoladetermens\/infantil\/i3-i4\/concurs-literari-de-la-bibliotreca\/","title":{"rendered":"Concurs Literari de la Bibliotreca"},"content":{"rendered":"<p data-start=\"0\" data-end=\"349\"><strong>La biblioteca de l\u2019escola<\/strong> ha organitzat un nou concurs literari de <strong>PRIMAVERA<\/strong> adre\u00e7at a tot l\u2019alumnat, <strong>des d\u2019I3 fins a 6\u00e8<\/strong>. Cada nivell ha participat amb una proposta adaptada a la seva edat, des de dibuixos amb petites frases fins a la creaci\u00f3 de contes i textos originals. El jurat ha valorat la creativitat, l\u2019esfor\u00e7 i la presentaci\u00f3 dels treballs.<\/p>\n<blockquote>\n<p data-start=\"351\" data-end=\"579\" data-is-last-node=\"\" data-is-only-node=\"\">Els guanyadors d\u2019aquesta edici\u00f3 han estat: Halimatou (I3), Berta (I4), Paula (I5), \u00cdndia (2n), Sebasti\u00e0 (3r), N\u00faria (4t), Bruna (5\u00e8) i Maria (6\u00e8).<\/p>\n<\/blockquote>\n<p style=\"text-align: center;\" data-start=\"351\" data-end=\"579\" data-is-last-node=\"\" data-is-only-node=\"\"><strong><em> Enhorabona a tots i totes per fer volar la imaginaci\u00f3 i omplir el paper de m\u00e0gia!<\/em><\/strong><\/p>\n<p style=\"text-align: center;\" data-start=\"351\" data-end=\"579\" data-is-last-node=\"\" data-is-only-node=\"\"><em>Clicar damunt del CARTELL!!<\/em><\/p>\n<p data-start=\"351\" data-end=\"579\" data-is-last-node=\"\" data-is-only-node=\"\"><a href=\"https:\/\/photos.app.goo.gl\/BKD9bETwtHwVfFP59\"><img loading=\"lazy\" decoding=\"async\" class=\"size-medium wp-image-9187 aligncenter\" src=\"https:\/\/agora.xtec.cat\/escoladetermens\/wp-content\/uploads\/usu1845\/2026\/04\/1-213x300.jpg\" alt=\"\" width=\"213\" height=\"300\" srcset=\"https:\/\/agora.xtec.cat\/escoladetermens\/wp-content\/uploads\/usu1845\/2026\/04\/1-213x300.jpg 213w, https:\/\/agora.xtec.cat\/escoladetermens\/wp-content\/uploads\/usu1845\/2026\/04\/1.jpg 452w\" sizes=\"auto, (max-width: 213px) 100vw, 213px\" \/><\/a><a href=\"https:\/\/photos.app.goo.gl\/BKD9bETwtHwVfFP59\"><img loading=\"lazy\" decoding=\"async\" class=\"size-medium wp-image-9188 aligncenter\" src=\"https:\/\/agora.xtec.cat\/escoladetermens\/wp-content\/uploads\/usu1845\/2026\/04\/2-211x300.jpg\" alt=\"\" width=\"211\" height=\"300\" srcset=\"https:\/\/agora.xtec.cat\/escoladetermens\/wp-content\/uploads\/usu1845\/2026\/04\/2-211x300.jpg 211w, https:\/\/agora.xtec.cat\/escoladetermens\/wp-content\/uploads\/usu1845\/2026\/04\/2.jpg 450w\" sizes=\"auto, (max-width: 211px) 100vw, 211px\" \/><\/a><\/p>\n<p data-start=\"351\" data-end=\"579\" data-is-last-node=\"\" data-is-only-node=\"\">\n","protected":false},"excerpt":{"rendered":"<p>La biblioteca de l\u2019escola ha organitzat un nou concurs literari de PRIMAVERA adre\u00e7at a tot l\u2019alumnat, des d\u2019I3 fins a 6\u00e8. Cada nivell ha participat amb una proposta adaptada a la seva edat, des de dibuixos amb petites frases fins a la creaci\u00f3 de contes&hellip;  <a href=\"https:\/\/agora.xtec.cat\/escoladetermens\/infantil\/i3-i4\/concurs-literari-de-la-bibliotreca\/\" title=\"Read Concurs Literari de la Bibliotreca\">Llegeix m\u00e9s\u00bb<\/a><\/p>\n","protected":false},"author":1,"featured_media":0,"comment_status":"open","ping_status":"open","sticky":false,"template":"","format":"standard","meta":{"_bbp_topic_count":0,"_bbp_reply_count":0,"_bbp_total_topic_count":0,"_bbp_total_reply_count":0,"_bbp_voice_count":0,"_bbp_anonymous_reply_count":0,"_bbp_topic_count_hidden":0,"_bbp_reply_count_hidden":0,"_bbp_forum_subforum_count":0,"footnotes":""},"categories":[10,11,12,14,15,341,3,9,4],"tags":[],"class_list":["post-9186","post","type-post","status-publish","format-standard","hentry","category-2n","category-3r","category-4t","category-5e","category-6e","category-biblioteca","category-i3-i4","category-i5","category-portada"],"post_mailing_queue_ids":[],"_links":{"self":[{"href":"https:\/\/agora.xtec.cat\/escoladetermens\/wp-json\/wp\/v2\/posts\/9186","targetHints":{"allow":["GET"]}}],"collection":[{"href":"https:\/\/agora.xtec.cat\/escoladetermens\/wp-json\/wp\/v2\/posts"}],"about":[{"href":"https:\/\/agora.xtec.cat\/escoladetermens\/wp-json\/wp\/v2\/types\/post"}],"author":[{"embeddable":true,"href":"https:\/\/agora.xtec.cat\/escoladetermens\/wp-json\/wp\/v2\/users\/1"}],"replies":[{"embeddable":true,"href":"https:\/\/agora.xtec.cat\/escoladetermens\/wp-json\/wp\/v2\/comments?post=9186"}],"version-history":[{"count":3,"href":"https:\/\/agora.xtec.cat\/escoladetermens\/wp-json\/wp\/v2\/posts\/9186\/revisions"}],"predecessor-version":[{"id":9191,"href":"https:\/\/agora.xtec.cat\/escoladetermens\/wp-json\/wp\/v2\/posts\/9186\/revisions\/9191"}],"wp:attachment":[{"href":"https:\/\/agora.xtec.cat\/escoladetermens\/wp-json\/wp\/v2\/media?parent=9186"}],"wp:term":[{"taxonomy":"category","embeddable":true,"href":"https:\/\/agora.xtec.cat\/escoladetermens\/wp-json\/wp\/v2\/categories?post=9186"},{"taxonomy":"post_tag","embeddable":true,"href":"https:\/\/agora.xtec.cat\/escoladetermens\/wp-json\/wp\/v2\/tags?post=9186"}],"curies":[{"name":"wp","href":"https:\/\/api.w.org\/{rel}","templated":true}]}}